{"id":2895,"date":"2021-02-23T17:25:12","date_gmt":"2021-02-23T20:25:12","guid":{"rendered":"https:\/\/radiorevelacionfm.cl\/?p=2895"},"modified":"2021-02-23T17:25:12","modified_gmt":"2021-02-23T20:25:12","slug":"hasta-este-jueves-se-podra-realizar-la-autoidentificacion-indigena-para-las-proximas-elecciones-de-constituyentes","status":"publish","type":"post","link":"https:\/\/radiorevelacionfm.cl\/?p=2895","title":{"rendered":"Hasta este jueves se podr\u00e1 realizar la autoidentificaci\u00f3n ind\u00edgena para las pr\u00f3ximas elecciones de Constituyentes"},"content":{"rendered":"<div class=\"flex_column av_one_full  flex_column_div av-zero-column-padding first  avia-builder-el-0  el_before_av_one_full  avia-builder-el-first  \" style='border-radius:0px; '><div  class='avia-image-container  av-styling-    avia-builder-el-1  avia-builder-el-no-sibling  avia-align-center '  itemprop=\"image\" itemscope=\"itemscope\" itemtype=\"https:\/\/schema.org\/ImageObject\"  ><div class='avia-image-container-inner'><div class='avia-image-overlay-wrap'><img decoding=\"async\" class='wp-image-2896 avia-img-lazy-loading-not-2896 avia_image' src=\"https:\/\/radiorevelacionfm.cl\/wp-content\/uploads\/2021\/02\/SERVEL-2020.jpg\" alt='' title='SERVEL-2020' height=\"675\" width=\"1200\"  itemprop=\"thumbnailUrl\" srcset=\"https:\/\/radiorevelacionfm.cl\/wp-content\/uploads\/2021\/02\/SERVEL-2020.jpg 1200w, https:\/\/radiorevelacionfm.cl\/wp-content\/uploads\/2021\/02\/SERVEL-2020-300x169.jpg 300w, https:\/\/radiorevelacionfm.cl\/wp-content\/uploads\/2021\/02\/SERVEL-2020-1030x579.jpg 1030w, https:\/\/radiorevelacionfm.cl\/wp-content\/uploads\/2021\/02\/SERVEL-2020-768x432.jpg 768w, https:\/\/radiorevelacionfm.cl\/wp-content\/uploads\/2021\/02\/SERVEL-2020-705x397.jpg 705w, https:\/\/radiorevelacionfm.cl\/wp-content\/uploads\/2021\/02\/SERVEL-2020-600x338.jpg 600w\" sizes=\"(max-width: 1200px) 100vw, 1200px\" \/><\/div><\/div><\/div><\/div><div class=\"flex_column av_one_full  flex_column_div av-zero-column-padding first  avia-builder-el-2  el_after_av_one_full  el_before_av_one_full  column-top-margin\" style='border-radius:0px; '><section class=\"av_textblock_section \"  itemscope=\"itemscope\" itemtype=\"https:\/\/schema.org\/BlogPosting\" itemprop=\"blogPost\" ><div class='avia_textblock  '   itemprop=\"text\" ><p style=\"text-align: center;\"><span style=\"font-size: 18pt;\"><strong>Hasta este jueves se podr\u00e1 realizar la autoidentificaci\u00f3n ind\u00edgena para las pr\u00f3ximas elecciones de Constituyentes<\/strong><\/span><\/p>\n<div id=\"gtx-trans\" style=\"position: absolute; left: -50px; top: 4.31534px;\">\n<div class=\"gtx-trans-icon\"><\/div>\n<\/div>\n<\/div><\/section><\/div><div class=\"flex_column av_one_full  flex_column_div av-zero-column-padding first  avia-builder-el-4  el_after_av_one_full  el_before_av_hr  column-top-margin\" style='border-radius:0px; '><section class=\"av_textblock_section \"  itemscope=\"itemscope\" itemtype=\"https:\/\/schema.org\/BlogPosting\" itemprop=\"blogPost\" ><div class='avia_textblock  '   itemprop=\"text\" ><p style=\"text-align: justify;\">Este jueves 25 de febrero vence el plazo para la autoidentificaci\u00f3n ind\u00edgena de quienes no tengan acreditada dicha calidad y deseen tener la opci\u00f3n de votar por los candidatos de su pueblo en las elecciones de Convencionales Constituyentes de abril.<\/p>\n<p style=\"text-align: justify;\">El 11 de abril Chile tiene Elecciones de Convencionales Constituyentes, Gobernadores Regionales, Alcaldes y Concejales en todo el territorio nacional. De acuerdo con la ley N\u00b0 21.298, que modifica la carta fundamental para reservar esca\u00f1os a representantes de los pueblos ind\u00edgenas en la Convenci\u00f3n Constitucional y para resguardar y promover la participaci\u00f3n de las personas con discapacidad en la elecci\u00f3n de convencionales constituyentes, hasta el 25 de febrero se podr\u00e1 identificar la calidad ind\u00edgena de las siguientes formas:<\/p>\n<p style=\"text-align: justify;\">1.- Acreditar su calidad de ind\u00edgena mediante un certificado de la Corporaci\u00f3n Nacional de Desarrollo Ind\u00edgena (Conadi) que demuestre su calidad de tal.<\/p>\n<p style=\"text-align: justify;\">2.- Una declaraci\u00f3n jurada, elaborada \u00a0por \u00a0el \u00a0Servicio \u00a0Electoral, \u00a0donde \u00a0se \u00a0indique \u00a0expresamente \u00a0que \u00a0la persona \u00a0declara \u00a0que cumple con cualquiera de las condiciones que establece la ley N\u00b0 19.253 para obtener la calidad ind\u00edgena, \u00a0otorgada \u00a0ante \u00a0los \u00a0siguientes \u00a0ministros \u00a0de \u00a0fe: \u00a0notarios, \u00a0secretarios \u00a0municipales \u00a0o \u00a0el funcionario \u00a0a \u00a0quien \u00a0\u00e9stos \u00a0deleguen \u00a0esta \u00a0funci\u00f3n, \u00a0oficial \u00a0del \u00a0Servicio \u00a0de \u00a0Registro \u00a0Civil \u00a0e Identificaci\u00f3n, Corporaci\u00f3n \u00a0Nacional \u00a0de \u00a0Desarrollo \u00a0Ind\u00edgena, \u00a0o \u00a0directamente \u00a0ante \u00a0el \u00a0Servicio Electoral, por v\u00eda presencial o con clave \u00fanica.<\/p>\n<p style=\"text-align: justify;\">La normativa indica que las declaraciones juradas podr\u00e1n ser entregadas ante el Servicio Electoral hasta el cuadrag\u00e9simo quinto d\u00eda antes de la elecci\u00f3n por el interesado, o la informaci\u00f3n de las mismas deber\u00e1 ser presentada al Servicio Electoral por las dem\u00e1s entidades se\u00f1aladas en la ley. Ese plazo se cumple este 25 de febrero.<\/p>\n<p style=\"text-align: justify;\">Instrucciones para la presentaci\u00f3n y envi\u00f3 de la informaci\u00f3n<\/p>\n<p style=\"text-align: justify;\">Para electores:<\/p>\n<p style=\"text-align: justify;\">Atenci\u00f3n Telem\u00e1tica<br \/>\nUna vez realizada la declaraci\u00f3n jurada de autoidentificaci\u00f3n con un pueblo ind\u00edgena, ante los ministros de fe contemplados en la ley N\u00b0 21.298, el elector deber\u00e1 enviar una imagen escaneada del formulario AI01, debidamente completado y firmado, al siguiente e-mail: <a href=\"mailto:autoidentificacion@servel.cl\">autoidentificacion@servel.cl<\/a><\/p>\n<p style=\"text-align: justify;\">Atenci\u00f3n Presencial:<br \/>\nLos electores podr\u00e1n concurrir a las oficinas de las Direcciones Regionales del Servicio Electoral, en los horarios dispuestos para ello, en donde deber\u00e1n completar, firmar y presentar el formulario AI01, respetando en todo momento las restricciones sanitarias vigentes.<\/p>\n<p style=\"text-align: justify;\">Atenci\u00f3n Electr\u00f3nica v\u00eda Clave \u00danica:<\/p>\n<p style=\"text-align: justify;\">Los electores podr\u00e1n ingresar con su Clave \u00danica a\u00a0<a href=\"https:\/\/registroindigena.servel.cl\/\">https:\/\/registroindigena.servel.cl\/<\/a><\/p>\n<p style=\"text-align: justify;\">Instituciones receptoras de declaraciones juradas:<br \/>\nLas instituciones receptoras de declaraciones juradas deber\u00e1n remitir diariamente al Servicio Electoral los formularios AI01 que reciban de parte de los electores, a la siguiente casilla de e-mail: <a href=\"mailto:declaracionindigena@servel.cl\">declaracionindigena@servel.cl<\/a><\/p>\n<\/div><\/section><\/div><div  style='height:50px' class='hr hr-invisible   avia-builder-el-6  el_after_av_one_full  el_before_av_social_share '><span class='hr-inner ' ><span class='hr-inner-style'><\/span><\/span><\/div><\/p>\n<div  class='av-social-sharing-box  avia-builder-el-7  el_after_av_hr  el_before_av_hr  '><div class='av-share-box'><h5 class='av-share-link-description av-no-toc '>Compartir esta noticia<\/h5><ul class='av-share-box-list noLightbox'><li class='av-share-link av-social-link-facebook' ><a target=\"_blank\" aria-label=\"Compartir en Facebook\" href='https:\/\/www.facebook.com\/sharer.php?u=https:\/\/radiorevelacionfm.cl\/?p=2895&#038;t=Hasta%20este%20jueves%20se%20podr%C3%A1%20realizar%20la%20autoidentificaci%C3%B3n%20ind%C3%ADgena%20para%20las%20pr%C3%B3ximas%20elecciones%20de%20Constituyentes' aria-hidden='false' data-av_icon='\ue8f3' data-av_iconfont='entypo-fontello' title='' data-avia-related-tooltip='Compartir en Facebook' rel=\"noopener\"><span class='avia_hidden_link_text'>Compartir en Facebook<\/span><\/a><\/li><li class='av-share-link av-social-link-twitter' ><a target=\"_blank\" aria-label=\"Compartir en Twitter\" href='https:\/\/twitter.com\/share?text=Hasta%20este%20jueves%20se%20podr%C3%A1%20realizar%20la%20autoidentificaci%C3%B3n%20ind%C3%ADgena%20para%20las%20pr%C3%B3ximas%20elecciones%20de%20Constituyentes&#038;url=https:\/\/radiorevelacionfm.cl\/?p=2895' aria-hidden='false' data-av_icon='\ue8f1' data-av_iconfont='entypo-fontello' title='' data-avia-related-tooltip='Compartir en Twitter' rel=\"noopener\"><span class='avia_hidden_link_text'>Compartir en Twitter<\/span><\/a><\/li><li class='av-share-link av-social-link-whatsapp' ><a target=\"_blank\" aria-label=\"Compartir en Whatsapp\" href='https:\/\/api.whatsapp.com\/send?text=https:\/\/radiorevelacionfm.cl\/?p=2895' aria-hidden='false' data-av_icon='\uf232' data-av_iconfont='entypo-fontello' title='' data-avia-related-tooltip='Compartir en Whatsapp' rel=\"noopener\"><span class='avia_hidden_link_text'>Compartir en Whatsapp<\/span><\/a><\/li><li class='av-share-link av-social-link-linkedin' ><a target=\"_blank\" aria-label=\"Compartir en LinkedIn\" href='https:\/\/linkedin.com\/shareArticle?mini=true&#038;title=Hasta%20este%20jueves%20se%20podr%C3%A1%20realizar%20la%20autoidentificaci%C3%B3n%20ind%C3%ADgena%20para%20las%20pr%C3%B3ximas%20elecciones%20de%20Constituyentes&#038;url=https:\/\/radiorevelacionfm.cl\/?p=2895' aria-hidden='false' data-av_icon='\ue8fc' data-av_iconfont='entypo-fontello' title='' data-avia-related-tooltip='Compartir en LinkedIn' rel=\"noopener\"><span class='avia_hidden_link_text'>Compartir en LinkedIn<\/span><\/a><\/li><li class='av-share-link av-social-link-mail' ><a  aria-label=\"Compartir por correo\" href='mailto:?subject=Hasta%20este%20jueves%20se%20podr%C3%A1%20realizar%20la%20autoidentificaci%C3%B3n%20ind%C3%ADgena%20para%20las%20pr%C3%B3ximas%20elecciones%20de%20Constituyentes&#038;body=https:\/\/radiorevelacionfm.cl\/?p=2895' aria-hidden='false' data-av_icon='\ue805' data-av_iconfont='entypo-fontello' title='' data-avia-related-tooltip='Compartir por correo'><span class='avia_hidden_link_text'>Compartir por correo<\/span><\/a><\/li><\/ul><\/div><\/div>\n<div  style='height:50px' class='hr hr-invisible   avia-builder-el-8  el_after_av_social_share  el_before_av_comments_list '><span class='hr-inner ' ><span class='hr-inner-style'><\/span><\/span><\/div>\n<div  class='av-buildercomment  av-blog-meta-html-info-disabled av-blog-meta-tag-disabled  '><\/div>\n","protected":false},"excerpt":{"rendered":"","protected":false},"author":1,"featured_media":2896,"comment_status":"open","ping_status":"open","sticky":false,"template":"","format":"standard","meta":{"footnotes":""},"categories":[35],"tags":[],"class_list":["post-2895","post","type-post","status-publish","format-standard","has-post-thumbnail","hentry","category-politica"],"jetpack_featured_media_url":"https:\/\/radiorevelacionfm.cl\/wp-content\/uploads\/2021\/02\/SERVEL-2020.jpg","_links":{"self":[{"href":"https:\/\/radiorevelacionfm.cl\/index.php?rest_route=\/wp\/v2\/posts\/2895","targetHints":{"allow":["GET"]}}],"collection":[{"href":"https:\/\/radiorevelacionfm.cl\/index.php?rest_route=\/wp\/v2\/posts"}],"about":[{"href":"https:\/\/radiorevelacionfm.cl\/index.php?rest_route=\/wp\/v2\/types\/post"}],"author":[{"embeddable":true,"href":"https:\/\/radiorevelacionfm.cl\/index.php?rest_route=\/wp\/v2\/users\/1"}],"replies":[{"embeddable":true,"href":"https:\/\/radiorevelacionfm.cl\/index.php?rest_route=%2Fwp%2Fv2%2Fcomments&post=2895"}],"version-history":[{"count":1,"href":"https:\/\/radiorevelacionfm.cl\/index.php?rest_route=\/wp\/v2\/posts\/2895\/revisions"}],"predecessor-version":[{"id":2897,"href":"https:\/\/radiorevelacionfm.cl\/index.php?rest_route=\/wp\/v2\/posts\/2895\/revisions\/2897"}],"wp:featuredmedia":[{"embeddable":true,"href":"https:\/\/radiorevelacionfm.cl\/index.php?rest_route=\/wp\/v2\/media\/2896"}],"wp:attachment":[{"href":"https:\/\/radiorevelacionfm.cl\/index.php?rest_route=%2Fwp%2Fv2%2Fmedia&parent=2895"}],"wp:term":[{"taxonomy":"category","embeddable":true,"href":"https:\/\/radiorevelacionfm.cl\/index.php?rest_route=%2Fwp%2Fv2%2Fcategories&post=2895"},{"taxonomy":"post_tag","embeddable":true,"href":"https:\/\/radiorevelacionfm.cl\/index.php?rest_route=%2Fwp%2Fv2%2Ftags&post=2895"}],"curies":[{"name":"wp","href":"https:\/\/api.w.org\/{rel}","templated":true}]}}