{"id":28947,"date":"2023-03-16T13:29:12","date_gmt":"2023-03-16T16:29:12","guid":{"rendered":"https:\/\/radiorevelacionfm.cl\/?p=28947"},"modified":"2023-03-16T13:29:49","modified_gmt":"2023-03-16T16:29:49","slug":"suprema-confirma-fallo-que-acogio-recurso-de-proteccion-por-reasignacion-de-cuotas-de-captura-de-erizos-en-aysen","status":"publish","type":"post","link":"https:\/\/radiorevelacionfm.cl\/?p=28947","title":{"rendered":"Corte Suprema confirma fallo que acogi\u00f3 recurso de protecci\u00f3n por reasignaci\u00f3n de cuotas de captura de erizos en Ays\u00e9n"},"content":{"rendered":"<div class=\"flex_column av_one_full  flex_column_div av-zero-column-padding first  avia-builder-el-0  el_before_av_one_full  avia-builder-el-first  \" style='border-radius:0px; '><div  class='avia-image-container  av-styling-    avia-builder-el-1  avia-builder-el-no-sibling  avia-align-center '  itemprop=\"image\" itemscope=\"itemscope\" itemtype=\"https:\/\/schema.org\/ImageObject\"  ><div class='avia-image-container-inner'><div class='avia-image-overlay-wrap'><img decoding=\"async\" class='wp-image-20622 avia-img-lazy-loading-not-20622 avia_image' src=\"https:\/\/radiorevelacionfm.cl\/wp-content\/uploads\/2022\/08\/erizos_XI-1-1.jpg\" alt='' title='erizos_XI (1) (1)' height=\"600\" width=\"805\"  itemprop=\"thumbnailUrl\" srcset=\"https:\/\/radiorevelacionfm.cl\/wp-content\/uploads\/2022\/08\/erizos_XI-1-1.jpg 805w, https:\/\/radiorevelacionfm.cl\/wp-content\/uploads\/2022\/08\/erizos_XI-1-1-300x224.jpg 300w, https:\/\/radiorevelacionfm.cl\/wp-content\/uploads\/2022\/08\/erizos_XI-1-1-768x572.jpg 768w, https:\/\/radiorevelacionfm.cl\/wp-content\/uploads\/2022\/08\/erizos_XI-1-1-705x525.jpg 705w, https:\/\/radiorevelacionfm.cl\/wp-content\/uploads\/2022\/08\/erizos_XI-1-1-600x447.jpg 600w\" sizes=\"(max-width: 805px) 100vw, 805px\" \/><\/div><\/div><\/div><\/div>\n<div class=\"flex_column av_one_full  flex_column_div av-zero-column-padding first  avia-builder-el-2  el_after_av_one_full  el_before_av_one_full  column-top-margin\" style='border-radius:0px; '><section class=\"av_textblock_section \"  itemscope=\"itemscope\" itemtype=\"https:\/\/schema.org\/BlogPosting\" itemprop=\"blogPost\" ><div class='avia_textblock  '   itemprop=\"text\" ><p class=\"v1MsoNormal\" style=\"text-align: center;\"><span style=\"font-size: 18pt;\"><b>Corte Suprema confirma fallo que acogi\u00f3 recurso de protecci\u00f3n por reasignaci\u00f3n de cuotas de captura de erizos en Ays\u00e9n<\/b><\/span><\/p>\n<div id=\"gtx-trans\" style=\"position: absolute; left: -50px; top: 4.31534px;\">\n<div class=\"gtx-trans-icon\"><\/div>\n<\/div>\n<\/div><\/section><\/div><div class=\"flex_column av_one_full  flex_column_div av-zero-column-padding first  avia-builder-el-4  el_after_av_one_full  el_before_av_hr  column-top-margin\" style='border-radius:0px; '><section class=\"av_textblock_section \"  itemscope=\"itemscope\" itemtype=\"https:\/\/schema.org\/BlogPosting\" itemprop=\"blogPost\" ><div class='avia_textblock  '   itemprop=\"text\" ><p class=\"v1MsoNormal\" style=\"text-align: justify;\">La Corte Suprema confirm\u00f3 la sentencia que acogi\u00f3 el recurso de protecci\u00f3n presentado por pescadores de la Regi\u00f3n de Ays\u00e9n en contra de la resoluci\u00f3n de la Subsecretar\u00eda de Pesca y Acuicultura, que modific\u00f3 las cuotas de captura de erizos.<\/p>\n<p class=\"v1MsoNormal\" style=\"text-align: justify;\">En la sentencia (causa rol 138.537-2022), la Tercera Sala del m\u00e1ximo tribunal \u2013integrada por las ministras y ministros \u00c1ngela Vivanco, Adelita Ravanales, Mario Carroza, Jean Pierre Matus y la abogada integrante Carolina Coppo\u2013 ratific\u00f3 la resoluci\u00f3n que estableci\u00f3 el actuar arbitrario e infundado de la entidad p\u00fablica, dictada por la Corte de Apelaciones de Coyhaique.<\/p>\n<p class=\"v1MsoNormal\" style=\"text-align: justify;\">\u00abComo puede advertirse, en la dictaci\u00f3n de la Resoluci\u00f3n Exenta N\u00b01557 no se dio cumplimiento a las disposiciones previamente citadas, al no haber respetado el procedimiento contenido en dichas normas legales\u00bb, plantea el fallo.<\/p>\n<p class=\"v1MsoNormal\" style=\"text-align: justify;\">La resoluci\u00f3n agrega que: \u00abDesatiende, asimismo, el tenor de los art\u00edculos 8 y 11 de la Ley N\u00b0 19.880, al carecer la citada Resoluci\u00f3n de fundamentos, toda vez que solo hace menci\u00f3n como consideraci\u00f3n para la decisi\u00f3n de reasignaci\u00f3n de recursos, a un &#8216;Memor\u00e1ndum T\u00e9cnico&#8217; N\u00b0133\/2022 de 2 de agosto de 2022, emanado de la Jefa de la Divisi\u00f3n de Administraci\u00f3n Pesquera de la Subsecretar\u00eda de Pesca y Acuicultura, de cuya lectura se advierte que, luego de realizar un resumen hist\u00f3rico de la asignaci\u00f3n del recurso en cuesti\u00f3n, da cuenta del consumo anticipado de la cuota asignada por la Regi\u00f3n de Los Lagos, atento su alto valor para la temporada, por lo que las organizaciones de pescadores artesanales de la indicada regi\u00f3n solicitaron un aumento de su cuota. As\u00ed concluye que, ante la imposibilidad de modificar la cuota global sin previa consulta al Comit\u00e9 Cient\u00edfico T\u00e9cnico, &#8216;recomienda&#8217; modificar la distribuci\u00f3n regional, sin explicar mayormente por qu\u00e9 tal reasignaci\u00f3n es procedente\u00bb.<\/p>\n<p class=\"v1MsoNormal\" style=\"text-align: justify;\">Para la Sala Constitucional: \u00abSe incumplen, de esta forma, las disposiciones de los art\u00edculos 48 letra A (C) y art\u00edculo 3 y 9 bis, todas ellas de la Ley General de Pesca y Acuicultura, en cuanto a la necesidad de requerir opiniones t\u00e9cnicas para la modificaci\u00f3n de las cuotas originalmente asignadas\u00bb.<\/p>\n<p class=\"v1MsoNormal\" style=\"text-align: justify;\">\u00abQue, al actuar de la manera se\u00f1alada previamente, la recurrida ha vulnerado la garant\u00eda de la igualdad ante la ley, prevista en el N\u00b02 del art\u00edculo 19 de la Constituci\u00f3n Pol\u00edtica de la Rep\u00fablica, discriminando de manera arbitraria a los recurrentes, al haberlos dejado en una situaci\u00f3n desmejorada en relaci\u00f3n a los otros pescadores, sin haberlos siquiera escuchado en tal proceso, motivo por el cual la decisi\u00f3n del tribunal a quo ser\u00e1 confirmada\u00bb, concluye.<\/p>\n<\/div><\/section><\/div><\/p>\n<div  style='height:50px' class='hr hr-invisible   avia-builder-el-6  el_after_av_one_full  el_before_av_social_share '><span class='hr-inner ' ><span class='hr-inner-style'><\/span><\/span><\/div>\n<div  class='av-social-sharing-box  avia-builder-el-7  el_after_av_hr  el_before_av_hr  '><div class='av-share-box'><h5 class='av-share-link-description av-no-toc '>Compartir esta noticia<\/h5><ul class='av-share-box-list noLightbox'><li class='av-share-link av-social-link-facebook' ><a target=\"_blank\" aria-label=\"Compartir en Facebook\" href='https:\/\/www.facebook.com\/sharer.php?u=https:\/\/radiorevelacionfm.cl\/?p=28947&#038;t=Corte%20Suprema%20confirma%20fallo%20que%20acogi%C3%B3%20recurso%20de%20protecci%C3%B3n%20por%20reasignaci%C3%B3n%20de%20cuotas%20de%20captura%20de%20erizos%20en%20Ays%C3%A9n' aria-hidden='false' data-av_icon='\ue8f3' data-av_iconfont='entypo-fontello' title='' data-avia-related-tooltip='Compartir en Facebook' rel=\"noopener\"><span class='avia_hidden_link_text'>Compartir en Facebook<\/span><\/a><\/li><li class='av-share-link av-social-link-twitter' ><a target=\"_blank\" aria-label=\"Compartir en Twitter\" href='https:\/\/twitter.com\/share?text=Corte%20Suprema%20confirma%20fallo%20que%20acogi%C3%B3%20recurso%20de%20protecci%C3%B3n%20por%20reasignaci%C3%B3n%20de%20cuotas%20de%20captura%20de%20erizos%20en%20Ays%C3%A9n&#038;url=https:\/\/radiorevelacionfm.cl\/?p=28947' aria-hidden='false' data-av_icon='\ue8f1' data-av_iconfont='entypo-fontello' title='' data-avia-related-tooltip='Compartir en Twitter' rel=\"noopener\"><span class='avia_hidden_link_text'>Compartir en Twitter<\/span><\/a><\/li><li class='av-share-link av-social-link-whatsapp' ><a target=\"_blank\" aria-label=\"Compartir en Whatsapp\" href='https:\/\/api.whatsapp.com\/send?text=https:\/\/radiorevelacionfm.cl\/?p=28947' aria-hidden='false' data-av_icon='\uf232' data-av_iconfont='entypo-fontello' title='' data-avia-related-tooltip='Compartir en Whatsapp' rel=\"noopener\"><span class='avia_hidden_link_text'>Compartir en Whatsapp<\/span><\/a><\/li><li class='av-share-link av-social-link-linkedin' ><a target=\"_blank\" aria-label=\"Compartir en LinkedIn\" href='https:\/\/linkedin.com\/shareArticle?mini=true&#038;title=Corte%20Suprema%20confirma%20fallo%20que%20acogi%C3%B3%20recurso%20de%20protecci%C3%B3n%20por%20reasignaci%C3%B3n%20de%20cuotas%20de%20captura%20de%20erizos%20en%20Ays%C3%A9n&#038;url=https:\/\/radiorevelacionfm.cl\/?p=28947' aria-hidden='false' data-av_icon='\ue8fc' data-av_iconfont='entypo-fontello' title='' data-avia-related-tooltip='Compartir en LinkedIn' rel=\"noopener\"><span class='avia_hidden_link_text'>Compartir en LinkedIn<\/span><\/a><\/li><li class='av-share-link av-social-link-mail' ><a  aria-label=\"Compartir por correo\" href='mailto:?subject=Corte%20Suprema%20confirma%20fallo%20que%20acogi%C3%B3%20recurso%20de%20protecci%C3%B3n%20por%20reasignaci%C3%B3n%20de%20cuotas%20de%20captura%20de%20erizos%20en%20Ays%C3%A9n&#038;body=https:\/\/radiorevelacionfm.cl\/?p=28947' aria-hidden='false' data-av_icon='\ue805' data-av_iconfont='entypo-fontello' title='' data-avia-related-tooltip='Compartir por correo'><span class='avia_hidden_link_text'>Compartir por correo<\/span><\/a><\/li><\/ul><\/div><\/div>\n<div  style='height:50px' class='hr hr-invisible   avia-builder-el-8  el_after_av_social_share  el_before_av_comments_list '><span class='hr-inner ' ><span class='hr-inner-style'><\/span><\/span><\/div>\n<div  class='av-buildercomment  av-blog-meta-html-info-disabled av-blog-meta-tag-disabled  '><\/div>\n","protected":false},"excerpt":{"rendered":"","protected":false},"author":1,"featured_media":20622,"comment_status":"open","ping_status":"open","sticky":false,"template":"","format":"standard","meta":{"footnotes":""},"categories":[55],"tags":[],"class_list":["post-28947","post","type-post","status-publish","format-standard","has-post-thumbnail","hentry","category-justicia"],"jetpack_featured_media_url":"https:\/\/radiorevelacionfm.cl\/wp-content\/uploads\/2022\/08\/erizos_XI-1-1.jpg","_links":{"self":[{"href":"https:\/\/radiorevelacionfm.cl\/index.php?rest_route=\/wp\/v2\/posts\/28947","targetHints":{"allow":["GET"]}}],"collection":[{"href":"https:\/\/radiorevelacionfm.cl\/index.php?rest_route=\/wp\/v2\/posts"}],"about":[{"href":"https:\/\/radiorevelacionfm.cl\/index.php?rest_route=\/wp\/v2\/types\/post"}],"author":[{"embeddable":true,"href":"https:\/\/radiorevelacionfm.cl\/index.php?rest_route=\/wp\/v2\/users\/1"}],"replies":[{"embeddable":true,"href":"https:\/\/radiorevelacionfm.cl\/index.php?rest_route=%2Fwp%2Fv2%2Fcomments&post=28947"}],"version-history":[{"count":4,"href":"https:\/\/radiorevelacionfm.cl\/index.php?rest_route=\/wp\/v2\/posts\/28947\/revisions"}],"predecessor-version":[{"id":28949,"href":"https:\/\/radiorevelacionfm.cl\/index.php?rest_route=\/wp\/v2\/posts\/28947\/revisions\/28949"}],"wp:featuredmedia":[{"embeddable":true,"href":"https:\/\/radiorevelacionfm.cl\/index.php?rest_route=\/wp\/v2\/media\/20622"}],"wp:attachment":[{"href":"https:\/\/radiorevelacionfm.cl\/index.php?rest_route=%2Fwp%2Fv2%2Fmedia&parent=28947"}],"wp:term":[{"taxonomy":"category","embeddable":true,"href":"https:\/\/radiorevelacionfm.cl\/index.php?rest_route=%2Fwp%2Fv2%2Fcategories&post=28947"},{"taxonomy":"post_tag","embeddable":true,"href":"https:\/\/radiorevelacionfm.cl\/index.php?rest_route=%2Fwp%2Fv2%2Ftags&post=28947"}],"curies":[{"name":"wp","href":"https:\/\/api.w.org\/{rel}","templated":true}]}}