{"id":28943,"date":"2023-03-17T10:33:41","date_gmt":"2023-03-17T13:33:41","guid":{"rendered":"https:\/\/radiorevelacionfm.cl\/?p=28943"},"modified":"2023-03-17T10:39:09","modified_gmt":"2023-03-17T13:39:09","slug":"realizan-llamado-a-municipios-de-la-region-a-postular-a-nuevo-programa-compromiso-joven-de-injuv","status":"publish","type":"post","link":"https:\/\/radiorevelacionfm.cl\/?p=28943","title":{"rendered":"Realizan llamado a municipios de la regi\u00f3n a postular a nuevo Programa \u201cCompromiso Joven\u201d de INJUV"},"content":{"rendered":"<div class=\"flex_column av_one_full  flex_column_div av-zero-column-padding first  avia-builder-el-0  el_before_av_one_full  avia-builder-el-first  \" style='border-radius:0px; '><div  class='avia-image-container  av-styling-    avia-builder-el-1  avia-builder-el-no-sibling  avia-align-center '  itemprop=\"image\" itemscope=\"itemscope\" itemtype=\"https:\/\/schema.org\/ImageObject\"  ><div class='avia-image-container-inner'><div class='avia-image-overlay-wrap'><img decoding=\"async\" class='wp-image-28944 avia-img-lazy-loading-not-28944 avia_image' src=\"https:\/\/radiorevelacionfm.cl\/wp-content\/uploads\/2023\/03\/foto-1-36-1_optimized.jpg\" alt='' title='foto-1-(36)-(1)_optimized' height=\"600\" width=\"1143\"  itemprop=\"thumbnailUrl\" srcset=\"https:\/\/radiorevelacionfm.cl\/wp-content\/uploads\/2023\/03\/foto-1-36-1_optimized.jpg 1143w, https:\/\/radiorevelacionfm.cl\/wp-content\/uploads\/2023\/03\/foto-1-36-1_optimized-300x157.jpg 300w, https:\/\/radiorevelacionfm.cl\/wp-content\/uploads\/2023\/03\/foto-1-36-1_optimized-1030x541.jpg 1030w, https:\/\/radiorevelacionfm.cl\/wp-content\/uploads\/2023\/03\/foto-1-36-1_optimized-768x403.jpg 768w, https:\/\/radiorevelacionfm.cl\/wp-content\/uploads\/2023\/03\/foto-1-36-1_optimized-705x370.jpg 705w, https:\/\/radiorevelacionfm.cl\/wp-content\/uploads\/2023\/03\/foto-1-36-1_optimized-600x315.jpg 600w\" sizes=\"(max-width: 1143px) 100vw, 1143px\" \/><\/div><\/div><\/div><\/div><div class=\"flex_column av_one_full  flex_column_div av-zero-column-padding first  avia-builder-el-2  el_after_av_one_full  el_before_av_one_full  column-top-margin\" style='border-radius:0px; '><section class=\"av_textblock_section \"  itemscope=\"itemscope\" itemtype=\"https:\/\/schema.org\/BlogPosting\" itemprop=\"blogPost\" ><div class='avia_textblock  '   itemprop=\"text\" ><p style=\"text-align: center;\"><strong><span style=\"font-size: 18pt;\">Realizan llamado a municipios de la regi\u00f3n a postular a nuevo Programa \u201cCompromiso Joven\u201d de INJUV <\/span><\/strong><\/p>\n<div id=\"gtx-trans\" style=\"position: absolute; left: -50px; top: 4.31534px;\">\n<div class=\"gtx-trans-icon\"><\/div>\n<\/div>\n<\/div><\/section><\/div><div class=\"flex_column av_one_full  flex_column_div av-zero-column-padding first  avia-builder-el-4  el_after_av_one_full  el_before_av_hr  column-top-margin\" style='border-radius:0px; '><section class=\"av_textblock_section \"  itemscope=\"itemscope\" itemtype=\"https:\/\/schema.org\/BlogPosting\" itemprop=\"blogPost\" ><div class='avia_textblock  '   itemprop=\"text\" ><p style=\"text-align: justify;\">El Instituto Nacional de la Juventud de la regi\u00f3n de Ays\u00e9n tiene abiertas las postulaciones para que\u00a0 los distintos Municipios de la regi\u00f3n participen y sean parte del Programa \u201cCompromiso Joven, iniciativa que tiene por objetivo aumentar la participaci\u00f3n de las juventudes en proyectos comunitarios, impulsando la relaci\u00f3n de estos con el territorio a trav\u00e9s de acciones que busquen mejorar las condiciones de su comunidad.<\/p>\n<p style=\"text-align: justify;\">Las postulaciones ya comenzaron y estar\u00e1n abiertas hasta d\u00eda\u00a0viernes 31 de marzo<strong>\u00a0 <\/strong>hasta las 12:00 horas , las distintas iniciativas se deben ingresar al sitio web:\u00a0<a href=\"https:\/\/nam10.safelinks.protection.outlook.com\/?url=https%3A%2F%2Fcompromisojoven.injuv.gob.cl%2Fmunicipios&amp;data=05%7C01%7Cmalbornoz%40injuv.gob.cl%7Ce1ddf2e90ca3484a951e08db1e67cce7%7C01b77ac04c4f4f4b8f4aa8de15b8efb7%7C0%7C0%7C638137203750052666%7CUnknown%7CTWFpbGZsb3d8eyJWIjoiMC4wLjAwMDAiLCJQIjoiV2luMzIiLCJBTiI6Ik1haWwiLCJXVCI6Mn0%3D%7C3000%7C%7C%7C&amp;sdata=5rIAOoixvKDeI9tDqMdmniokhlv85mrLhBXz%2FdceOPY%3D&amp;reserved=0\"><strong>https:\/\/compromisojoven.injuv.gob.cl\/municipios<\/strong><\/a><\/p>\n<p style=\"text-align: justify;\">La Seremi de Desarrollo Social y Familia, Karina Acevedo Auad, se\u00f1alo que \u201cnos s\u00famanos a la invitaci\u00f3n que hace INJUV a todas las municipalidades de la regi\u00f3n de Ays\u00e9n que puedan participar de este programa Compromiso Joven, lo que busca es la interacci\u00f3n con las juventudes del territorio, que puedan dise\u00f1ar junto a los j\u00f3venes una estrategia que pueda abordar la problem\u00e1tica, dificultades o los anhelos que los j\u00f3venes tienen para\u00a0 cada una de las comunas, la invitaci\u00f3n est\u00e1 hecha, Compromiso Joven es un programa que trabajar\u00e1\u00a0 un a\u00f1o y nueve\u00a0 meses en cada una de las comunas y las municipalidades deben postular en el link\u00a0 se\u00f1alado anteriormente\u201d.<\/p>\n<p style=\"text-align: justify;\">En tanto la directora regional (s) de INJUV Ays\u00e9n, G\u00e9nesis Arias Fuentes, indic\u00f3 que \u201clos resultados de la \u00faltima Encuesta Nacional de Juventudes indican que nuestros j\u00f3venes valoran la democracia como el sistema pol\u00edtico m\u00e1s predominante e importante para una sociedad, es por ello que es tremendamente importante poner a \u00a0disposici\u00f3n de las y los j\u00f3venes ayseninos la informaci\u00f3n y herramientas para que ellos puedan desarrollarse y promover una participaci\u00f3n m\u00e1s concreta, debemos generar m\u00e1s y mejores espacios de participaci\u00f3n que convoquen a las juventudes, recojan sus propuestas e ideas \u00a0y se transformen estas finalmente en pol\u00edticas p\u00fablicas que den respuesta oportuna a sus necesidades\u201d.<\/p>\n<p style=\"text-align: justify;\">En la misma l\u00ednea se\u00f1al\u00f3 que \u201ccomo INJUV hemos enviado las bases y cartas de compromiso a todos los municipios de la regi\u00f3n, tambi\u00e9n hemos sostenido reuniones informativas, por lo que esperamos una buena recepci\u00f3n por parte de las entidades municipales y que postulen a esta importante iniciativa, ya que ir\u00e1 en beneficio directo a las juventudes de su comuna\u201d, puntualiz\u00f3 la directora regional (s) de INJUV.<\/p>\n<\/div><\/section><\/div><div  style='height:50px' class='hr hr-invisible   avia-builder-el-6  el_after_av_one_full  el_before_av_social_share '><span class='hr-inner ' ><span class='hr-inner-style'><\/span><\/span><\/div><\/p>\n<div  class='av-social-sharing-box  avia-builder-el-7  el_after_av_hr  el_before_av_hr  '><div class='av-share-box'><h5 class='av-share-link-description av-no-toc '>Compartir esta noticia<\/h5><ul class='av-share-box-list noLightbox'><li class='av-share-link av-social-link-facebook' ><a target=\"_blank\" aria-label=\"Compartir en Facebook\" href='https:\/\/www.facebook.com\/sharer.php?u=https:\/\/radiorevelacionfm.cl\/?p=28943&#038;t=Realizan%20llamado%20a%20municipios%20de%20la%20regi%C3%B3n%20a%20postular%20a%20nuevo%20Programa%20%E2%80%9CCompromiso%20Joven%E2%80%9D%20de%20INJUV' aria-hidden='false' data-av_icon='\ue8f3' data-av_iconfont='entypo-fontello' title='' data-avia-related-tooltip='Compartir en Facebook' rel=\"noopener\"><span class='avia_hidden_link_text'>Compartir en Facebook<\/span><\/a><\/li><li class='av-share-link av-social-link-twitter' ><a target=\"_blank\" aria-label=\"Compartir en Twitter\" href='https:\/\/twitter.com\/share?text=Realizan%20llamado%20a%20municipios%20de%20la%20regi%C3%B3n%20a%20postular%20a%20nuevo%20Programa%20%E2%80%9CCompromiso%20Joven%E2%80%9D%20de%20INJUV&#038;url=https:\/\/radiorevelacionfm.cl\/?p=28943' aria-hidden='false' data-av_icon='\ue8f1' data-av_iconfont='entypo-fontello' title='' data-avia-related-tooltip='Compartir en Twitter' rel=\"noopener\"><span class='avia_hidden_link_text'>Compartir en Twitter<\/span><\/a><\/li><li class='av-share-link av-social-link-whatsapp' ><a target=\"_blank\" aria-label=\"Compartir en Whatsapp\" href='https:\/\/api.whatsapp.com\/send?text=https:\/\/radiorevelacionfm.cl\/?p=28943' aria-hidden='false' data-av_icon='\uf232' data-av_iconfont='entypo-fontello' title='' data-avia-related-tooltip='Compartir en Whatsapp' rel=\"noopener\"><span class='avia_hidden_link_text'>Compartir en Whatsapp<\/span><\/a><\/li><li class='av-share-link av-social-link-linkedin' ><a target=\"_blank\" aria-label=\"Compartir en LinkedIn\" href='https:\/\/linkedin.com\/shareArticle?mini=true&#038;title=Realizan%20llamado%20a%20municipios%20de%20la%20regi%C3%B3n%20a%20postular%20a%20nuevo%20Programa%20%E2%80%9CCompromiso%20Joven%E2%80%9D%20de%20INJUV&#038;url=https:\/\/radiorevelacionfm.cl\/?p=28943' aria-hidden='false' data-av_icon='\ue8fc' data-av_iconfont='entypo-fontello' title='' data-avia-related-tooltip='Compartir en LinkedIn' rel=\"noopener\"><span class='avia_hidden_link_text'>Compartir en LinkedIn<\/span><\/a><\/li><li class='av-share-link av-social-link-mail' ><a  aria-label=\"Compartir por correo\" href='mailto:?subject=Realizan%20llamado%20a%20municipios%20de%20la%20regi%C3%B3n%20a%20postular%20a%20nuevo%20Programa%20%E2%80%9CCompromiso%20Joven%E2%80%9D%20de%20INJUV&#038;body=https:\/\/radiorevelacionfm.cl\/?p=28943' aria-hidden='false' data-av_icon='\ue805' data-av_iconfont='entypo-fontello' title='' data-avia-related-tooltip='Compartir por correo'><span class='avia_hidden_link_text'>Compartir por correo<\/span><\/a><\/li><\/ul><\/div><\/div>\n<div  style='height:50px' class='hr hr-invisible   avia-builder-el-8  el_after_av_social_share  el_before_av_comments_list '><span class='hr-inner ' ><span class='hr-inner-style'><\/span><\/span><\/div>\n<div  class='av-buildercomment  av-blog-meta-html-info-disabled av-blog-meta-tag-disabled  '><\/div>\n","protected":false},"excerpt":{"rendered":"","protected":false},"author":1,"featured_media":28944,"comment_status":"open","ping_status":"open","sticky":false,"template":"","format":"standard","meta":{"footnotes":""},"categories":[38],"tags":[],"class_list":["post-28943","post","type-post","status-publish","format-standard","has-post-thumbnail","hentry","category-regional"],"jetpack_featured_media_url":"https:\/\/radiorevelacionfm.cl\/wp-content\/uploads\/2023\/03\/foto-1-36-1_optimized.jpg","_links":{"self":[{"href":"https:\/\/radiorevelacionfm.cl\/index.php?rest_route=\/wp\/v2\/posts\/28943","targetHints":{"allow":["GET"]}}],"collection":[{"href":"https:\/\/radiorevelacionfm.cl\/index.php?rest_route=\/wp\/v2\/posts"}],"about":[{"href":"https:\/\/radiorevelacionfm.cl\/index.php?rest_route=\/wp\/v2\/types\/post"}],"author":[{"embeddable":true,"href":"https:\/\/radiorevelacionfm.cl\/index.php?rest_route=\/wp\/v2\/users\/1"}],"replies":[{"embeddable":true,"href":"https:\/\/radiorevelacionfm.cl\/index.php?rest_route=%2Fwp%2Fv2%2Fcomments&post=28943"}],"version-history":[{"count":2,"href":"https:\/\/radiorevelacionfm.cl\/index.php?rest_route=\/wp\/v2\/posts\/28943\/revisions"}],"predecessor-version":[{"id":28999,"href":"https:\/\/radiorevelacionfm.cl\/index.php?rest_route=\/wp\/v2\/posts\/28943\/revisions\/28999"}],"wp:featuredmedia":[{"embeddable":true,"href":"https:\/\/radiorevelacionfm.cl\/index.php?rest_route=\/wp\/v2\/media\/28944"}],"wp:attachment":[{"href":"https:\/\/radiorevelacionfm.cl\/index.php?rest_route=%2Fwp%2Fv2%2Fmedia&parent=28943"}],"wp:term":[{"taxonomy":"category","embeddable":true,"href":"https:\/\/radiorevelacionfm.cl\/index.php?rest_route=%2Fwp%2Fv2%2Fcategories&post=28943"},{"taxonomy":"post_tag","embeddable":true,"href":"https:\/\/radiorevelacionfm.cl\/index.php?rest_route=%2Fwp%2Fv2%2Ftags&post=28943"}],"curies":[{"name":"wp","href":"https:\/\/api.w.org\/{rel}","templated":true}]}}