{"id":28937,"date":"2023-03-16T11:34:42","date_gmt":"2023-03-16T14:34:42","guid":{"rendered":"https:\/\/radiorevelacionfm.cl\/?p=28937"},"modified":"2023-03-16T11:34:42","modified_gmt":"2023-03-16T14:34:42","slug":"oficina-del-adulto-mayor-beneficiara-a-50-personas-con-programa-de-podologia-en-comuna-de-aysen","status":"publish","type":"post","link":"https:\/\/radiorevelacionfm.cl\/?p=28937","title":{"rendered":"Oficina del Adulto Mayor beneficiar\u00e1 a 50 personas con programa de podolog\u00eda en comuna de Ays\u00e9n"},"content":{"rendered":"<div class=\"flex_column av_one_full  flex_column_div av-zero-column-padding first  avia-builder-el-0  el_before_av_one_full  avia-builder-el-first  \" style='border-radius:0px; '><div  class='avia-image-container  av-styling-    avia-builder-el-1  avia-builder-el-no-sibling  avia-align-center '  itemprop=\"image\" itemscope=\"itemscope\" itemtype=\"https:\/\/schema.org\/ImageObject\"  ><div class='avia-image-container-inner'><div class='avia-image-overlay-wrap'><img decoding=\"async\" class='wp-image-28938 avia-img-lazy-loading-not-28938 avia_image' src=\"https:\/\/radiorevelacionfm.cl\/wp-content\/uploads\/2023\/03\/A20230302_175521-1-1-1.jpg\" alt='' title='A20230302_175521 (1) (1) (1)' height=\"600\" width=\"985\"  itemprop=\"thumbnailUrl\" srcset=\"https:\/\/radiorevelacionfm.cl\/wp-content\/uploads\/2023\/03\/A20230302_175521-1-1-1.jpg 985w, https:\/\/radiorevelacionfm.cl\/wp-content\/uploads\/2023\/03\/A20230302_175521-1-1-1-300x183.jpg 300w, https:\/\/radiorevelacionfm.cl\/wp-content\/uploads\/2023\/03\/A20230302_175521-1-1-1-768x468.jpg 768w, https:\/\/radiorevelacionfm.cl\/wp-content\/uploads\/2023\/03\/A20230302_175521-1-1-1-705x429.jpg 705w, https:\/\/radiorevelacionfm.cl\/wp-content\/uploads\/2023\/03\/A20230302_175521-1-1-1-600x365.jpg 600w\" sizes=\"(max-width: 985px) 100vw, 985px\" \/><\/div><\/div><\/div><\/div><div class=\"flex_column av_one_full  flex_column_div av-zero-column-padding first  avia-builder-el-2  el_after_av_one_full  el_before_av_one_full  column-top-margin\" style='border-radius:0px; '><section class=\"av_textblock_section \"  itemscope=\"itemscope\" itemtype=\"https:\/\/schema.org\/BlogPosting\" itemprop=\"blogPost\" ><div class='avia_textblock  '   itemprop=\"text\" ><p style=\"text-align: center;\"><strong><span style=\"font-size: 18pt;\">Oficina del Adulto Mayor beneficiar\u00e1 a 50 personas con programa de podolog\u00eda en comuna de Ays\u00e9n<\/span><\/strong><\/p>\n<div id=\"gtx-trans\" style=\"position: absolute; left: -50px; top: 4.31534px;\">\n<div class=\"gtx-trans-icon\"><\/div>\n<\/div>\n<\/div><\/section><\/div><div class=\"flex_column av_one_full  flex_column_div av-zero-column-padding first  avia-builder-el-4  el_after_av_one_full  el_before_av_hr  column-top-margin\" style='border-radius:0px; '><section class=\"av_textblock_section \"  itemscope=\"itemscope\" itemtype=\"https:\/\/schema.org\/BlogPosting\" itemprop=\"blogPost\" ><div class='avia_textblock  '   itemprop=\"text\" ><p style=\"text-align: justify;\">Este mes comenz\u00f3 la ejecuci\u00f3n de un programa de podolog\u00eda para adultos mayores que beneficia a 50 personas de la comuna, el cual fue formulado por la Oficina del Adulto Mayor de la Municipalidad de Ays\u00e9n, y se extender\u00e1 hasta julio.<\/p>\n<p style=\"text-align: justify;\">La iniciativa, financiada con los fondos del 7% del Gobierno Regional, fue presentada ante la entidad a fines de 2022, y ha tenido buena acogida en la comunidad. Las inscripciones se realizaron mediante los clubes de adulto mayor y juntas de vecinos de las localidades.<\/p>\n<p style=\"text-align: justify;\">De acuerdo a Mirna Turra,\u00a0 coordinadora del programa del Adulto Mayor de la Direcci\u00f3n de Desarrollo Comunal, \u201cexisten 50 adultos mayores que participan de este programa, el cual cuenta con 6 personas beneficiadas en Puerto Chacabuco, 10 en Isla las Huichas, 21 en Puerto Ays\u00e9n, 2 en Villa los Torreones, 1 en Viviana Norte y 10 en Villa Ma\u00f1ihuales.\u201d<\/p>\n<p style=\"text-align: justify;\">Pablo Coliboro, coordinador del programa de Desarrollo Econ\u00f3mico Local, indic\u00f3 que \u201cfue una iniciativa instruida por el alcalde Julio Uribe Alvarado. Nosotros ayudamos en la formulaci\u00f3n y presentaci\u00f3n de de la iniciativa en coordinaci\u00f3n con la Oficina del Adulto Mayor, quienes nos facilitaron la n\u00f3mina de posibles beneficiarios\u201d.<\/p>\n<p style=\"text-align: justify;\">Coliboro se\u00f1al\u00f3 que, como programa, apoyan la formulaci\u00f3n y postulaci\u00f3n que pueda presentar la comunidad para obtener fondos del Gobierno Regional. \u201cQuienes quieran hacerlo, se pueden acercar a la oficina para solicitar colaboraci\u00f3n. Por lo general, cuando hay oferta de fondos, ejercemos instancias de capacitaci\u00f3n y bajadas de informaci\u00f3n con las instituciones donde se entregan estos dineros\u201d, agreg\u00f3.<\/p>\n<\/div><\/section><\/div><div  style='height:50px' class='hr hr-invisible   avia-builder-el-6  el_after_av_one_full  el_before_av_social_share '><span class='hr-inner ' ><span class='hr-inner-style'><\/span><\/span><\/div><\/p>\n<div  class='av-social-sharing-box  avia-builder-el-7  el_after_av_hr  el_before_av_hr  '><div class='av-share-box'><h5 class='av-share-link-description av-no-toc '>Compartir esta noticia<\/h5><ul class='av-share-box-list noLightbox'><li class='av-share-link av-social-link-facebook' ><a target=\"_blank\" aria-label=\"Compartir en Facebook\" href='https:\/\/www.facebook.com\/sharer.php?u=https:\/\/radiorevelacionfm.cl\/?p=28937&#038;t=Oficina%20del%20Adulto%20Mayor%20beneficiar%C3%A1%20a%2050%20personas%20con%20programa%20de%20podolog%C3%ADa%20en%20comuna%20de%20Ays%C3%A9n' aria-hidden='false' data-av_icon='\ue8f3' data-av_iconfont='entypo-fontello' title='' data-avia-related-tooltip='Compartir en Facebook' rel=\"noopener\"><span class='avia_hidden_link_text'>Compartir en Facebook<\/span><\/a><\/li><li class='av-share-link av-social-link-twitter' ><a target=\"_blank\" aria-label=\"Compartir en Twitter\" href='https:\/\/twitter.com\/share?text=Oficina%20del%20Adulto%20Mayor%20beneficiar%C3%A1%20a%2050%20personas%20con%20programa%20de%20podolog%C3%ADa%20en%20comuna%20de%20Ays%C3%A9n&#038;url=https:\/\/radiorevelacionfm.cl\/?p=28937' aria-hidden='false' data-av_icon='\ue8f1' data-av_iconfont='entypo-fontello' title='' data-avia-related-tooltip='Compartir en Twitter' rel=\"noopener\"><span class='avia_hidden_link_text'>Compartir en Twitter<\/span><\/a><\/li><li class='av-share-link av-social-link-whatsapp' ><a target=\"_blank\" aria-label=\"Compartir en Whatsapp\" href='https:\/\/api.whatsapp.com\/send?text=https:\/\/radiorevelacionfm.cl\/?p=28937' aria-hidden='false' data-av_icon='\uf232' data-av_iconfont='entypo-fontello' title='' data-avia-related-tooltip='Compartir en Whatsapp' rel=\"noopener\"><span class='avia_hidden_link_text'>Compartir en Whatsapp<\/span><\/a><\/li><li class='av-share-link av-social-link-linkedin' ><a target=\"_blank\" aria-label=\"Compartir en LinkedIn\" href='https:\/\/linkedin.com\/shareArticle?mini=true&#038;title=Oficina%20del%20Adulto%20Mayor%20beneficiar%C3%A1%20a%2050%20personas%20con%20programa%20de%20podolog%C3%ADa%20en%20comuna%20de%20Ays%C3%A9n&#038;url=https:\/\/radiorevelacionfm.cl\/?p=28937' aria-hidden='false' data-av_icon='\ue8fc' data-av_iconfont='entypo-fontello' title='' data-avia-related-tooltip='Compartir en LinkedIn' rel=\"noopener\"><span class='avia_hidden_link_text'>Compartir en LinkedIn<\/span><\/a><\/li><li class='av-share-link av-social-link-mail' ><a  aria-label=\"Compartir por correo\" href='mailto:?subject=Oficina%20del%20Adulto%20Mayor%20beneficiar%C3%A1%20a%2050%20personas%20con%20programa%20de%20podolog%C3%ADa%20en%20comuna%20de%20Ays%C3%A9n&#038;body=https:\/\/radiorevelacionfm.cl\/?p=28937' aria-hidden='false' data-av_icon='\ue805' data-av_iconfont='entypo-fontello' title='' data-avia-related-tooltip='Compartir por correo'><span class='avia_hidden_link_text'>Compartir por correo<\/span><\/a><\/li><\/ul><\/div><\/div>\n<div  style='height:50px' class='hr hr-invisible   avia-builder-el-8  el_after_av_social_share  el_before_av_comments_list '><span class='hr-inner ' ><span class='hr-inner-style'><\/span><\/span><\/div>\n<div  class='av-buildercomment  av-blog-meta-html-info-disabled av-blog-meta-tag-disabled  '><\/div>\n","protected":false},"excerpt":{"rendered":"","protected":false},"author":1,"featured_media":28938,"comment_status":"open","ping_status":"open","sticky":false,"template":"","format":"standard","meta":{"footnotes":""},"categories":[38],"tags":[],"class_list":["post-28937","post","type-post","status-publish","format-standard","has-post-thumbnail","hentry","category-regional"],"jetpack_featured_media_url":"https:\/\/radiorevelacionfm.cl\/wp-content\/uploads\/2023\/03\/A20230302_175521-1-1-1.jpg","_links":{"self":[{"href":"https:\/\/radiorevelacionfm.cl\/index.php?rest_route=\/wp\/v2\/posts\/28937","targetHints":{"allow":["GET"]}}],"collection":[{"href":"https:\/\/radiorevelacionfm.cl\/index.php?rest_route=\/wp\/v2\/posts"}],"about":[{"href":"https:\/\/radiorevelacionfm.cl\/index.php?rest_route=\/wp\/v2\/types\/post"}],"author":[{"embeddable":true,"href":"https:\/\/radiorevelacionfm.cl\/index.php?rest_route=\/wp\/v2\/users\/1"}],"replies":[{"embeddable":true,"href":"https:\/\/radiorevelacionfm.cl\/index.php?rest_route=%2Fwp%2Fv2%2Fcomments&post=28937"}],"version-history":[{"count":2,"href":"https:\/\/radiorevelacionfm.cl\/index.php?rest_route=\/wp\/v2\/posts\/28937\/revisions"}],"predecessor-version":[{"id":28946,"href":"https:\/\/radiorevelacionfm.cl\/index.php?rest_route=\/wp\/v2\/posts\/28937\/revisions\/28946"}],"wp:featuredmedia":[{"embeddable":true,"href":"https:\/\/radiorevelacionfm.cl\/index.php?rest_route=\/wp\/v2\/media\/28938"}],"wp:attachment":[{"href":"https:\/\/radiorevelacionfm.cl\/index.php?rest_route=%2Fwp%2Fv2%2Fmedia&parent=28937"}],"wp:term":[{"taxonomy":"category","embeddable":true,"href":"https:\/\/radiorevelacionfm.cl\/index.php?rest_route=%2Fwp%2Fv2%2Fcategories&post=28937"},{"taxonomy":"post_tag","embeddable":true,"href":"https:\/\/radiorevelacionfm.cl\/index.php?rest_route=%2Fwp%2Fv2%2Ftags&post=28937"}],"curies":[{"name":"wp","href":"https:\/\/api.w.org\/{rel}","templated":true}]}}