{"id":28932,"date":"2023-03-16T10:50:55","date_gmt":"2023-03-16T13:50:55","guid":{"rendered":"https:\/\/radiorevelacionfm.cl\/?p=28932"},"modified":"2023-03-16T10:50:55","modified_gmt":"2023-03-16T13:50:55","slug":"en-prision-preventiva-2-imputados-por-robo-en-el-centro-de-coyhaique","status":"publish","type":"post","link":"https:\/\/radiorevelacionfm.cl\/?p=28932","title":{"rendered":"En prisi\u00f3n preventiva 2 imputados por robo en el centro de Coyhaique"},"content":{"rendered":"<div class=\"flex_column av_one_full  flex_column_div av-zero-column-padding first  avia-builder-el-0  el_before_av_one_full  avia-builder-el-first  \" style='border-radius:0px; '><div  class='avia-image-container  av-styling-    avia-builder-el-1  avia-builder-el-no-sibling  avia-align-center '  itemprop=\"image\" itemscope=\"itemscope\" itemtype=\"https:\/\/schema.org\/ImageObject\"  ><div class='avia-image-container-inner'><div class='avia-image-overlay-wrap'><img decoding=\"async\" class='wp-image-5289 avia-img-lazy-loading-not-5289 avia_image' src=\"https:\/\/radiorevelacionfm.cl\/wp-content\/uploads\/2021\/06\/pdi-archivo-1-1.jpg\" alt='' title='pdi-archivo (1) (1)' height=\"600\" width=\"904\"  itemprop=\"thumbnailUrl\" srcset=\"https:\/\/radiorevelacionfm.cl\/wp-content\/uploads\/2021\/06\/pdi-archivo-1-1.jpg 904w, https:\/\/radiorevelacionfm.cl\/wp-content\/uploads\/2021\/06\/pdi-archivo-1-1-300x199.jpg 300w, https:\/\/radiorevelacionfm.cl\/wp-content\/uploads\/2021\/06\/pdi-archivo-1-1-768x510.jpg 768w, https:\/\/radiorevelacionfm.cl\/wp-content\/uploads\/2021\/06\/pdi-archivo-1-1-705x468.jpg 705w, https:\/\/radiorevelacionfm.cl\/wp-content\/uploads\/2021\/06\/pdi-archivo-1-1-600x398.jpg 600w\" sizes=\"(max-width: 904px) 100vw, 904px\" \/><\/div><\/div><\/div><\/div><div class=\"flex_column av_one_full  flex_column_div av-zero-column-padding first  avia-builder-el-2  el_after_av_one_full  el_before_av_one_full  column-top-margin\" style='border-radius:0px; '><section class=\"av_textblock_section \"  itemscope=\"itemscope\" itemtype=\"https:\/\/schema.org\/BlogPosting\" itemprop=\"blogPost\" ><div class='avia_textblock  '   itemprop=\"text\" ><p style=\"text-align: center;\"><strong><span style=\"font-size: 18pt;\">En prisi\u00f3n preventiva 2 imputados por robo en el centro de Coyhaique<\/span><\/strong><\/p>\n<div id=\"gtx-trans\" style=\"position: absolute; left: -50px; top: 4.31534px;\">\n<div class=\"gtx-trans-icon\"><\/div>\n<\/div>\n<\/div><\/section><\/div><div class=\"flex_column av_one_full  flex_column_div av-zero-column-padding first  avia-builder-el-4  el_after_av_one_full  el_before_av_hr  column-top-margin\" style='border-radius:0px; '><section class=\"av_textblock_section \"  itemscope=\"itemscope\" itemtype=\"https:\/\/schema.org\/BlogPosting\" itemprop=\"blogPost\" ><div class='avia_textblock  '   itemprop=\"text\" ><p style=\"text-align: justify;\">En un trabajo investigativo coordinado por el Ministerio P\u00fablico, detectives de la Brigada Investigadora de Robos (BIRO) Coyhaique de la Polic\u00eda de Investigaciones de Chile detuvieron a dos imputados por los delitos de robo en lugar habitado y receptaci\u00f3n.<\/p>\n<p style=\"text-align: justify;\">Ambos fueron formalizados ante el Juzgado de Garant\u00eda, por el fiscal jefe de Coyhaique, Jos\u00e9 Moris. De acuerdo a lo informado por la PDI, uno de los detenidos corresponde a un extranjero de 27 a\u00f1os y el otro es un chileno de 18 a\u00f1os, ambos con domicilio en la capital regional.<\/p>\n<p style=\"text-align: justify;\">Sobre la audiencia, el fiscal jefe de Coyhaique, Jos\u00e9 Moris, indic\u00f3 que \u00abgracias a las diligencias y a seguimientos que efectu\u00f3 la PDI, se logr\u00f3 la identificaci\u00f3n de los dos sujetos que participaron de ese robo, la recuperaci\u00f3n de la totalidad de las especies y los imputados fueron formalizados por robo en lugar habitado y, adem\u00e1s, al momento de su detenci\u00f3n, se les encontr\u00f3 una cantidad de droga, raz\u00f3n por la cual tambi\u00e9n fueron formalizados por tr\u00e1fico de drogas\u00bb.<\/p>\n<p style=\"text-align: justify;\">En este caso, la Fiscal\u00eda solicit\u00f3 la medida cautelar de prisi\u00f3n preventiva, a la cual accedi\u00f3 el Juzgado de Garant\u00eda.<\/p>\n<p style=\"text-align: justify;\"><strong>DILIGENCIAS<\/strong><\/p>\n<p style=\"text-align: justify;\">Respecto a los hechos, el subprefecto V\u00edctor Toledo, jefe de la BIRO Coyhaique, indic\u00f3 que \u00abla semana reci\u00e9n pasada se concurri\u00f3 a un sitio de suceso, tomando conocimiento de un robo en lugar habitado que hab\u00eda afectado a un residente del sector del centro de la ciudad de Coyhaique\u00bb.<\/p>\n<p style=\"text-align: justify;\">Sobre la din\u00e1mica delictual, el detective puntualiz\u00f3 que \u00abes a ra\u00edz de un trabajo din\u00e1mico y anal\u00edtico, apoyado por el Laboratorio de Criminal\u00edstica Regional, que se logra posicionar a dos personas desconocidas que hab\u00edan ingresado al interior del inmueble, escalando el muro perimetral y forzando los accesos de entrada, para sustraer distintas especies avaluadas en una alta suma de dinero\u00bb.<\/p>\n<p style=\"text-align: justify;\">Gracias al procedimiento policial, se logr\u00f3 recuperar gran parte de las especies sustra\u00eddas y denunciadas luego del robo, entre ellas joyas, art\u00edculos electr\u00f3nicos, implementos de uso m\u00e9dico, entre otras especies, cuyo aval\u00fao aproximado asciende a los 10 millones de pesos.<\/p>\n<p style=\"text-align: justify;\">Adem\u00e1s, se logr\u00f3 la incautaci\u00f3n de dinero en efectivo, 213,3 gramos de cannabis, equivalente a 640 dosis, y 3,2 gramos de clorhidrato de coca\u00edna, equivalente a 12 dosis, sustancias avaluadas en $3.440.000, y que manten\u00edan los imputados al momento del control.<\/p>\n<\/div><\/section><\/div><div  style='height:50px' class='hr hr-invisible   avia-builder-el-6  el_after_av_one_full  el_before_av_social_share '><span class='hr-inner ' ><span class='hr-inner-style'><\/span><\/span><\/div><\/p>\n<div  class='av-social-sharing-box  avia-builder-el-7  el_after_av_hr  el_before_av_hr  '><div class='av-share-box'><h5 class='av-share-link-description av-no-toc '>Compartir esta noticia<\/h5><ul class='av-share-box-list noLightbox'><li class='av-share-link av-social-link-facebook' ><a target=\"_blank\" aria-label=\"Compartir en Facebook\" href='https:\/\/www.facebook.com\/sharer.php?u=https:\/\/radiorevelacionfm.cl\/?p=28932&#038;t=En%20prisi%C3%B3n%20preventiva%202%20imputados%20por%20robo%20en%20el%20centro%20de%20Coyhaique' aria-hidden='false' data-av_icon='\ue8f3' data-av_iconfont='entypo-fontello' title='' data-avia-related-tooltip='Compartir en Facebook' rel=\"noopener\"><span class='avia_hidden_link_text'>Compartir en Facebook<\/span><\/a><\/li><li class='av-share-link av-social-link-twitter' ><a target=\"_blank\" aria-label=\"Compartir en Twitter\" href='https:\/\/twitter.com\/share?text=En%20prisi%C3%B3n%20preventiva%202%20imputados%20por%20robo%20en%20el%20centro%20de%20Coyhaique&#038;url=https:\/\/radiorevelacionfm.cl\/?p=28932' aria-hidden='false' data-av_icon='\ue8f1' data-av_iconfont='entypo-fontello' title='' data-avia-related-tooltip='Compartir en Twitter' rel=\"noopener\"><span class='avia_hidden_link_text'>Compartir en Twitter<\/span><\/a><\/li><li class='av-share-link av-social-link-whatsapp' ><a target=\"_blank\" aria-label=\"Compartir en Whatsapp\" href='https:\/\/api.whatsapp.com\/send?text=https:\/\/radiorevelacionfm.cl\/?p=28932' aria-hidden='false' data-av_icon='\uf232' data-av_iconfont='entypo-fontello' title='' data-avia-related-tooltip='Compartir en Whatsapp' rel=\"noopener\"><span class='avia_hidden_link_text'>Compartir en Whatsapp<\/span><\/a><\/li><li class='av-share-link av-social-link-linkedin' ><a target=\"_blank\" aria-label=\"Compartir en LinkedIn\" href='https:\/\/linkedin.com\/shareArticle?mini=true&#038;title=En%20prisi%C3%B3n%20preventiva%202%20imputados%20por%20robo%20en%20el%20centro%20de%20Coyhaique&#038;url=https:\/\/radiorevelacionfm.cl\/?p=28932' aria-hidden='false' data-av_icon='\ue8fc' data-av_iconfont='entypo-fontello' title='' data-avia-related-tooltip='Compartir en LinkedIn' rel=\"noopener\"><span class='avia_hidden_link_text'>Compartir en LinkedIn<\/span><\/a><\/li><li class='av-share-link av-social-link-mail' ><a  aria-label=\"Compartir por correo\" href='mailto:?subject=En%20prisi%C3%B3n%20preventiva%202%20imputados%20por%20robo%20en%20el%20centro%20de%20Coyhaique&#038;body=https:\/\/radiorevelacionfm.cl\/?p=28932' aria-hidden='false' data-av_icon='\ue805' data-av_iconfont='entypo-fontello' title='' data-avia-related-tooltip='Compartir por correo'><span class='avia_hidden_link_text'>Compartir por correo<\/span><\/a><\/li><\/ul><\/div><\/div>\n<div  style='height:50px' class='hr hr-invisible   avia-builder-el-8  el_after_av_social_share  el_before_av_comments_list '><span class='hr-inner ' ><span class='hr-inner-style'><\/span><\/span><\/div>\n<div  class='av-buildercomment  av-blog-meta-html-info-disabled av-blog-meta-tag-disabled  '><\/div>\n","protected":false},"excerpt":{"rendered":"","protected":false},"author":1,"featured_media":5289,"comment_status":"open","ping_status":"open","sticky":false,"template":"","format":"standard","meta":{"footnotes":""},"categories":[55],"tags":[],"class_list":["post-28932","post","type-post","status-publish","format-standard","has-post-thumbnail","hentry","category-justicia"],"jetpack_featured_media_url":"https:\/\/radiorevelacionfm.cl\/wp-content\/uploads\/2021\/06\/pdi-archivo-1-1.jpg","_links":{"self":[{"href":"https:\/\/radiorevelacionfm.cl\/index.php?rest_route=\/wp\/v2\/posts\/28932","targetHints":{"allow":["GET"]}}],"collection":[{"href":"https:\/\/radiorevelacionfm.cl\/index.php?rest_route=\/wp\/v2\/posts"}],"about":[{"href":"https:\/\/radiorevelacionfm.cl\/index.php?rest_route=\/wp\/v2\/types\/post"}],"author":[{"embeddable":true,"href":"https:\/\/radiorevelacionfm.cl\/index.php?rest_route=\/wp\/v2\/users\/1"}],"replies":[{"embeddable":true,"href":"https:\/\/radiorevelacionfm.cl\/index.php?rest_route=%2Fwp%2Fv2%2Fcomments&post=28932"}],"version-history":[{"count":2,"href":"https:\/\/radiorevelacionfm.cl\/index.php?rest_route=\/wp\/v2\/posts\/28932\/revisions"}],"predecessor-version":[{"id":28942,"href":"https:\/\/radiorevelacionfm.cl\/index.php?rest_route=\/wp\/v2\/posts\/28932\/revisions\/28942"}],"wp:featuredmedia":[{"embeddable":true,"href":"https:\/\/radiorevelacionfm.cl\/index.php?rest_route=\/wp\/v2\/media\/5289"}],"wp:attachment":[{"href":"https:\/\/radiorevelacionfm.cl\/index.php?rest_route=%2Fwp%2Fv2%2Fmedia&parent=28932"}],"wp:term":[{"taxonomy":"category","embeddable":true,"href":"https:\/\/radiorevelacionfm.cl\/index.php?rest_route=%2Fwp%2Fv2%2Fcategories&post=28932"},{"taxonomy":"post_tag","embeddable":true,"href":"https:\/\/radiorevelacionfm.cl\/index.php?rest_route=%2Fwp%2Fv2%2Ftags&post=28932"}],"curies":[{"name":"wp","href":"https:\/\/api.w.org\/{rel}","templated":true}]}}