{"id":28925,"date":"2023-03-15T23:22:42","date_gmt":"2023-03-16T02:22:42","guid":{"rendered":"https:\/\/radiorevelacionfm.cl\/?p=28925"},"modified":"2023-03-15T23:22:42","modified_gmt":"2023-03-16T02:22:42","slug":"continuan-diligencias-investigativas-de-fiscalia-y-pdi-en-caso-de-homicidio-con-arma-cortante-en-coyhaique","status":"publish","type":"post","link":"https:\/\/radiorevelacionfm.cl\/?p=28925","title":{"rendered":"Contin\u00faan diligencias investigativas de Fiscal\u00eda y PDI en caso de homicidio con arma cortante en Coyhaique"},"content":{"rendered":"<div class=\"flex_column av_one_full  flex_column_div av-zero-column-padding first  avia-builder-el-0  el_before_av_one_full  avia-builder-el-first  \" style='border-radius:0px; '><div  class='avia-image-container  av-styling-    avia-builder-el-1  avia-builder-el-no-sibling  avia-align-center '  itemprop=\"image\" itemscope=\"itemscope\" itemtype=\"https:\/\/schema.org\/ImageObject\"  ><div class='avia-image-container-inner'><div class='avia-image-overlay-wrap'><img decoding=\"async\" class='wp-image-28926 avia-img-lazy-loading-not-28926 avia_image' src=\"https:\/\/radiorevelacionfm.cl\/wp-content\/uploads\/2023\/03\/15_03_2023Aysen1-1-1.jpg\" alt='' title='15_03_2023Aysen1 (1) (1)' height=\"600\" width=\"899\"  itemprop=\"thumbnailUrl\" srcset=\"https:\/\/radiorevelacionfm.cl\/wp-content\/uploads\/2023\/03\/15_03_2023Aysen1-1-1.jpg 899w, https:\/\/radiorevelacionfm.cl\/wp-content\/uploads\/2023\/03\/15_03_2023Aysen1-1-1-300x200.jpg 300w, https:\/\/radiorevelacionfm.cl\/wp-content\/uploads\/2023\/03\/15_03_2023Aysen1-1-1-768x513.jpg 768w, https:\/\/radiorevelacionfm.cl\/wp-content\/uploads\/2023\/03\/15_03_2023Aysen1-1-1-705x471.jpg 705w, https:\/\/radiorevelacionfm.cl\/wp-content\/uploads\/2023\/03\/15_03_2023Aysen1-1-1-600x400.jpg 600w\" sizes=\"(max-width: 899px) 100vw, 899px\" \/><\/div><\/div><\/div><\/div><div class=\"flex_column av_one_full  flex_column_div av-zero-column-padding first  avia-builder-el-2  el_after_av_one_full  el_before_av_one_full  column-top-margin\" style='border-radius:0px; '><section class=\"av_textblock_section \"  itemscope=\"itemscope\" itemtype=\"https:\/\/schema.org\/BlogPosting\" itemprop=\"blogPost\" ><div class='avia_textblock  '   itemprop=\"text\" ><p style=\"text-align: center;\"><strong><span style=\"font-size: 18pt;\">Contin\u00faan diligencias investigativas de Fiscal\u00eda y PDI en caso de homicidio con arma cortante en Coyhaique<\/span><\/strong><\/p>\n<div id=\"gtx-trans\" style=\"position: absolute; left: -50px; top: 4.31534px;\">\n<div class=\"gtx-trans-icon\"><\/div>\n<\/div>\n<\/div><\/section><\/div><div class=\"flex_column av_one_full  flex_column_div av-zero-column-padding first  avia-builder-el-4  el_after_av_one_full  el_before_av_hr  column-top-margin\" style='border-radius:0px; '><section class=\"av_textblock_section \"  itemscope=\"itemscope\" itemtype=\"https:\/\/schema.org\/BlogPosting\" itemprop=\"blogPost\" ><div class='avia_textblock  '   itemprop=\"text\" ><p style=\"text-align: justify;\">Intensas diligencias investigativas desarrollan detectives de la Brigada de Homicidios de la PDI, bajo la direcci\u00f3n de la Fiscal\u00eda Local de Coyhaique, a fin de esclarecer el homicidio de una v\u00edctima de 27 a\u00f1os, quien falleci\u00f3 este martes en la ma\u00f1ana tras recibir una herida con arma blanca en su t\u00f3rax.<\/p>\n<p style=\"text-align: justify;\">En este caso, la Fiscal\u00eda solicit\u00f3 la ampliaci\u00f3n de la detenci\u00f3n de un imputado de 22 a\u00f1os a fin de aclarar totalmente su eventual grado de participaci\u00f3n, luego de que -en un primer momento- \u00e9l mismo hubiese manifestado a Carabineros de la Primera Comisar\u00eda, haber sido el autor del hecho.<\/p>\n<p style=\"text-align: justify;\">Sobre este caso, el fiscal jefe de Coyhaique, Jos\u00e9 Moris, manifest\u00f3 que \u201cse realizaron diligencias y se dio, en principio, con una persona que tendr\u00eda calidad de autor. Se est\u00e1n desarrollando diligencias para determinar si esa persona tiene participaci\u00f3n o no y en virtud de ello es que se ampli\u00f3 la detenci\u00f3n hasta ma\u00f1ana (jueves)\u201d.<\/p>\n<p style=\"text-align: justify;\">En esta l\u00ednea, el trabajo investigativo en curso por parte de la PDI busca determinar la veracidad de lo se\u00f1alado por el imputado, quien ahora y en una declaraci\u00f3n posterior, atribuye el hecho a una tercera persona. Todo lo anterior, en el marco del Principio de Objetividad que rige el actuar del Ministerio P\u00fablico, a fin de establecer de forma precisa la participaci\u00f3n o no del imputado.<\/p>\n<p style=\"text-align: justify;\">PDI<\/p>\n<p style=\"text-align: justify;\">Sobre el trabajo en el sitio de suceso desarrollado por la Polic\u00eda de Investigaciones de Chile, el jefe de la Brigada de Homicidios Coyhaique, subprefecto Mauro Guti\u00e9rrez, se\u00f1al\u00f3 que \u201cdesde el d\u00eda de martes, detectives de la Brigada de Homicidios Coyhaique, por disposici\u00f3n de la Fiscal\u00eda Local, se encuentran desarrollando una investigaci\u00f3n por el delito de homicidio con arma cortante, hecho que habr\u00eda ocurrido al interior de un domicilio de la comuna. En dicho lugar, fue hallada la v\u00edctima, una persona de sexo masculino de 27 a\u00f1os de edad, el cual presentaba diversas heridas cortopunzantes en la regi\u00f3n tor\u00e1cica\u201d.<\/p>\n<p style=\"text-align: justify;\">En cuanto al trabajo de an\u00e1lisis criminal, el detective sostuvo que \u201ccomo resultado de las mismas diligencias, se han recopilado declaraciones policiales y levantado evidencias, cuyos antecedentes est\u00e1n siendo actualmente analizados, ya que se trata de una investigaci\u00f3n que contin\u00faa en curso a fin de establecer fehacientemente la identidad de \u00e9l o los autores del delito\u201d, agreg\u00f3 el subprefecto Mauro Guti\u00e9rrez.<\/p>\n<p style=\"text-align: justify;\">Los hechos de este caso que investiga la Fiscal\u00eda y la PDI, se registraron al interior de un domicilio ubicado en calle Cerro Colorado, donde los involucrados consum\u00edan bebidas alcoh\u00f3licas.<\/p>\n<p style=\"text-align: justify;\">El Ministerio P\u00fablico solicit\u00f3 adem\u00e1s en este caso, toma de declaraciones a testigos y un informe de autopsia al Servicio M\u00e9dico Legal de Coyhaique.<\/p>\n<\/div><\/section><\/div><div  style='height:50px' class='hr hr-invisible   avia-builder-el-6  el_after_av_one_full  el_before_av_social_share '><span class='hr-inner ' ><span class='hr-inner-style'><\/span><\/span><\/div><\/p>\n<div  class='av-social-sharing-box  avia-builder-el-7  el_after_av_hr  el_before_av_hr  '><div class='av-share-box'><h5 class='av-share-link-description av-no-toc '>Compartir esta noticia<\/h5><ul class='av-share-box-list noLightbox'><li class='av-share-link av-social-link-facebook' ><a target=\"_blank\" aria-label=\"Compartir en Facebook\" href='https:\/\/www.facebook.com\/sharer.php?u=https:\/\/radiorevelacionfm.cl\/?p=28925&#038;t=Contin%C3%BAan%20diligencias%20investigativas%20de%20Fiscal%C3%ADa%20y%20PDI%20en%20caso%20de%20homicidio%20con%20arma%20cortante%20en%20Coyhaique' aria-hidden='false' data-av_icon='\ue8f3' data-av_iconfont='entypo-fontello' title='' data-avia-related-tooltip='Compartir en Facebook' rel=\"noopener\"><span class='avia_hidden_link_text'>Compartir en Facebook<\/span><\/a><\/li><li class='av-share-link av-social-link-twitter' ><a target=\"_blank\" aria-label=\"Compartir en Twitter\" href='https:\/\/twitter.com\/share?text=Contin%C3%BAan%20diligencias%20investigativas%20de%20Fiscal%C3%ADa%20y%20PDI%20en%20caso%20de%20homicidio%20con%20arma%20cortante%20en%20Coyhaique&#038;url=https:\/\/radiorevelacionfm.cl\/?p=28925' aria-hidden='false' data-av_icon='\ue8f1' data-av_iconfont='entypo-fontello' title='' data-avia-related-tooltip='Compartir en Twitter' rel=\"noopener\"><span class='avia_hidden_link_text'>Compartir en Twitter<\/span><\/a><\/li><li class='av-share-link av-social-link-whatsapp' ><a target=\"_blank\" aria-label=\"Compartir en Whatsapp\" href='https:\/\/api.whatsapp.com\/send?text=https:\/\/radiorevelacionfm.cl\/?p=28925' aria-hidden='false' data-av_icon='\uf232' data-av_iconfont='entypo-fontello' title='' data-avia-related-tooltip='Compartir en Whatsapp' rel=\"noopener\"><span class='avia_hidden_link_text'>Compartir en Whatsapp<\/span><\/a><\/li><li class='av-share-link av-social-link-linkedin' ><a target=\"_blank\" aria-label=\"Compartir en LinkedIn\" href='https:\/\/linkedin.com\/shareArticle?mini=true&#038;title=Contin%C3%BAan%20diligencias%20investigativas%20de%20Fiscal%C3%ADa%20y%20PDI%20en%20caso%20de%20homicidio%20con%20arma%20cortante%20en%20Coyhaique&#038;url=https:\/\/radiorevelacionfm.cl\/?p=28925' aria-hidden='false' data-av_icon='\ue8fc' data-av_iconfont='entypo-fontello' title='' data-avia-related-tooltip='Compartir en LinkedIn' rel=\"noopener\"><span class='avia_hidden_link_text'>Compartir en LinkedIn<\/span><\/a><\/li><li class='av-share-link av-social-link-mail' ><a  aria-label=\"Compartir por correo\" href='mailto:?subject=Contin%C3%BAan%20diligencias%20investigativas%20de%20Fiscal%C3%ADa%20y%20PDI%20en%20caso%20de%20homicidio%20con%20arma%20cortante%20en%20Coyhaique&#038;body=https:\/\/radiorevelacionfm.cl\/?p=28925' aria-hidden='false' data-av_icon='\ue805' data-av_iconfont='entypo-fontello' title='' data-avia-related-tooltip='Compartir por correo'><span class='avia_hidden_link_text'>Compartir por correo<\/span><\/a><\/li><\/ul><\/div><\/div>\n<div  style='height:50px' class='hr hr-invisible   avia-builder-el-8  el_after_av_social_share  el_before_av_comments_list '><span class='hr-inner ' ><span class='hr-inner-style'><\/span><\/span><\/div>\n<div  class='av-buildercomment  av-blog-meta-html-info-disabled av-blog-meta-tag-disabled  '><\/div>\n","protected":false},"excerpt":{"rendered":"","protected":false},"author":1,"featured_media":28926,"comment_status":"open","ping_status":"open","sticky":false,"template":"","format":"standard","meta":{"footnotes":""},"categories":[55],"tags":[],"class_list":["post-28925","post","type-post","status-publish","format-standard","has-post-thumbnail","hentry","category-justicia"],"jetpack_featured_media_url":"https:\/\/radiorevelacionfm.cl\/wp-content\/uploads\/2023\/03\/15_03_2023Aysen1-1-1.jpg","_links":{"self":[{"href":"https:\/\/radiorevelacionfm.cl\/index.php?rest_route=\/wp\/v2\/posts\/28925","targetHints":{"allow":["GET"]}}],"collection":[{"href":"https:\/\/radiorevelacionfm.cl\/index.php?rest_route=\/wp\/v2\/posts"}],"about":[{"href":"https:\/\/radiorevelacionfm.cl\/index.php?rest_route=\/wp\/v2\/types\/post"}],"author":[{"embeddable":true,"href":"https:\/\/radiorevelacionfm.cl\/index.php?rest_route=\/wp\/v2\/users\/1"}],"replies":[{"embeddable":true,"href":"https:\/\/radiorevelacionfm.cl\/index.php?rest_route=%2Fwp%2Fv2%2Fcomments&post=28925"}],"version-history":[{"count":2,"href":"https:\/\/radiorevelacionfm.cl\/index.php?rest_route=\/wp\/v2\/posts\/28925\/revisions"}],"predecessor-version":[{"id":28928,"href":"https:\/\/radiorevelacionfm.cl\/index.php?rest_route=\/wp\/v2\/posts\/28925\/revisions\/28928"}],"wp:featuredmedia":[{"embeddable":true,"href":"https:\/\/radiorevelacionfm.cl\/index.php?rest_route=\/wp\/v2\/media\/28926"}],"wp:attachment":[{"href":"https:\/\/radiorevelacionfm.cl\/index.php?rest_route=%2Fwp%2Fv2%2Fmedia&parent=28925"}],"wp:term":[{"taxonomy":"category","embeddable":true,"href":"https:\/\/radiorevelacionfm.cl\/index.php?rest_route=%2Fwp%2Fv2%2Fcategories&post=28925"},{"taxonomy":"post_tag","embeddable":true,"href":"https:\/\/radiorevelacionfm.cl\/index.php?rest_route=%2Fwp%2Fv2%2Ftags&post=28925"}],"curies":[{"name":"wp","href":"https:\/\/api.w.org\/{rel}","templated":true}]}}