{"id":2892,"date":"2021-02-23T16:14:56","date_gmt":"2021-02-23T19:14:56","guid":{"rendered":"https:\/\/radiorevelacionfm.cl\/?p=2892"},"modified":"2021-02-23T16:14:56","modified_gmt":"2021-02-23T19:14:56","slug":"sernameg-y-municipalidad-de-rio-ibanez-invitan-a-postular-a-la-expo-feria-mujeres-emprendedoras-indigenas","status":"publish","type":"post","link":"https:\/\/radiorevelacionfm.cl\/?p=2892","title":{"rendered":"SernamEG y Municipalidad de R\u00edo Ib\u00e1\u00f1ez invitan a postular a la Expo Feria Mujeres Emprendedoras Ind\u00edgenas"},"content":{"rendered":"<div class=\"flex_column av_one_full  flex_column_div av-zero-column-padding first  avia-builder-el-0  el_before_av_one_full  avia-builder-el-first  \" style='border-radius:0px; '><div  class='avia-image-container  av-styling-    avia-builder-el-1  avia-builder-el-no-sibling  avia-align-center '  itemprop=\"image\" itemscope=\"itemscope\" itemtype=\"https:\/\/schema.org\/ImageObject\"  ><div class='avia-image-container-inner'><div class='avia-image-overlay-wrap'><img decoding=\"async\" class='wp-image-0 avia-img-lazy-loading-not-0 avia_image' src=\"https:\/\/radiorevelacionfm.cl\/wp-content\/uploads\/2021\/02\/expo-1-1.jpg\" alt='' title=''   itemprop=\"thumbnailUrl\"  \/><\/div><\/div><\/div><\/div><div class=\"flex_column av_one_full  flex_column_div av-zero-column-padding first  avia-builder-el-2  el_after_av_one_full  el_before_av_one_full  column-top-margin\" style='border-radius:0px; '><section class=\"av_textblock_section \"  itemscope=\"itemscope\" itemtype=\"https:\/\/schema.org\/BlogPosting\" itemprop=\"blogPost\" ><div class='avia_textblock  '   itemprop=\"text\" ><p style=\"text-align: center;\"><span style=\"font-size: 18pt;\"><strong>SernamEG y Municipalidad de R\u00edo Ib\u00e1\u00f1ez invitan a postular a la Expo Feria Mujeres Emprendedoras Ind\u00edgenas<\/strong><\/span><\/p>\n<div id=\"gtx-trans\" style=\"position: absolute; left: -50px; top: 4.31534px;\">\n<div class=\"gtx-trans-icon\"><\/div>\n<\/div>\n<\/div><\/section><\/div><div class=\"flex_column av_one_full  flex_column_div av-zero-column-padding first  avia-builder-el-4  el_after_av_one_full  el_before_av_hr  column-top-margin\" style='border-radius:0px; '><section class=\"av_textblock_section \"  itemscope=\"itemscope\" itemtype=\"https:\/\/schema.org\/BlogPosting\" itemprop=\"blogPost\" ><div class='avia_textblock  '   itemprop=\"text\" ><p style=\"text-align: justify;\">Comenz\u00f3 el per\u00edodo de postulaci\u00f3n para ser parte de la Expo Feria Mujeres Emprendedoras Ind\u00edgenas, evento que se realizar\u00e1 en el marco del convenio de colaboraci\u00f3n suscrito entre el Servicio Nacional de la Mujer y la Equidad de G\u00e9nero, SernamEG, y la Municipalidad de R\u00edo Ib\u00e1\u00f1ez. Se espera la participaci\u00f3n de 25 artesanas de la Comuna de R\u00edo Ib\u00e1\u00f1ez en esta primera versi\u00f3n que se llevar\u00e1 cabo los d\u00edas 06 y 07 de marzo en Puerto Ib\u00e1\u00f1ez.<\/p>\n<p style=\"text-align: justify;\">Una oportunidad para difundir la cultura de los pueblos originarios es la que se abre con la realizaci\u00f3n de esta iniciativa, seg\u00fan la Directora Regional de SernamEG, Elizabeth Guti\u00e9rrez Eggers. \u201cEsperamos contar con mujeres l\u00edderes dentro de sus comunidades, las que a trav\u00e9s de sus creaciones resalten el rol de la identidad y fuerza cultural de los pueblos originarios a trav\u00e9s de sus tradiciones. Otro elemento para destacar y que es potenciado con este evento es que ellas tienen la posibilidad de intercambiar experiencias, comercializar sus productos y generar redes. Quiero relevar el trabajo colaborativo que hemos logrado con la Municipalidad de R\u00edo Ib\u00e1\u00f1ez, porque ambas instituciones compartimos el mismo inter\u00e9s, que es generar las condiciones para que las mujeres ind\u00edgenas puedan desarrollar sus emprendimientos. De esta forma pueden alcanzar y\/o mantener su autonom\u00eda econ\u00f3mica\u201d.<\/p>\n<p style=\"text-align: justify;\">Por su parte, el Alcalde de R\u00edo Ib\u00e1\u00f1ez, Marcelo Santana Vargas, dijo: \u201cqueremos hacer una gran invitaci\u00f3n a todas las mujeres que se sientan emprendedoras, tengan una idea de negocios, productos locales y pertenezcan a alguna etnia para esta Feria que vamos a realizar en nuestra comuna; a inscribirse en nuestra Oficina de Fomento Productivo de la Municipalidad de R\u00edo Ib\u00e1\u00f1ez o en la Direcci\u00f3n de Desarrollo Comunitario. Va a ser una Feria para mostrar productos, para poder comercializarlos y tambi\u00e9n vamos a tener todas las medidas de seguridad sanitaria para que sea seguro; tanto para quienes van a participar como para quienes nos van a visitar, y van a aprovechar de comprar la gran variedad de productos locales que tenemos en nuestra comuna\u201d.<\/p>\n<p style=\"text-align: justify;\">Respecto a la postulaci\u00f3n, esta se puede realizar de forma individual o representando a una organizaci\u00f3n ind\u00edgena. En ambos casos, las postulantes deben ser mayor de 18 a\u00f1os, pertenecientes a pueblos originarios, que sean productoras directas, y que pongan en valor, rescaten y\/o revitalicen la cultura de los pueblos ind\u00edgenas a los cuales pertenecen, ya sea en la materia prima utilizada, en el proceso de elaboraci\u00f3n y\/o en el producto final.<\/p>\n<p style=\"text-align: justify;\">El per\u00edodo de inscripciones para postular a la Expo Feria Mujeres Emprendedoras Ind\u00edgenas comienza este martes 23 de febrero y se extiende hasta el mi\u00e9rcoles 03 de marzo, el tr\u00e1mite se puede realizar de forma virtual v\u00eda correo electr\u00f3nico:\u00a0<a href=\"mailto:blemus@sernameg.gob.cl\">blemus@sernameg.gob.cl<\/a>\u00a0o directamente en la Municipalidad de R\u00edo Ib\u00e1\u00f1ez; ubicada en Avenida Padre Antonio Ronchi 166, R\u00edo Ib\u00e1\u00f1ez, en horarios de 09:00 a 13:00 horas y de 14:00 a 18:00 horas.<\/p>\n<\/div><\/section><\/div><div  style='height:50px' class='hr hr-invisible   avia-builder-el-6  el_after_av_one_full  el_before_av_social_share '><span class='hr-inner ' ><span class='hr-inner-style'><\/span><\/span><\/div><\/p>\n<div  class='av-social-sharing-box  avia-builder-el-7  el_after_av_hr  el_before_av_hr  '><div class='av-share-box'><h5 class='av-share-link-description av-no-toc '>Compartir esta noticia<\/h5><ul class='av-share-box-list noLightbox'><li class='av-share-link av-social-link-facebook' ><a target=\"_blank\" aria-label=\"Compartir en Facebook\" href='https:\/\/www.facebook.com\/sharer.php?u=https:\/\/radiorevelacionfm.cl\/?p=2892&#038;t=SernamEG%20y%20Municipalidad%20de%20R%C3%ADo%20Ib%C3%A1%C3%B1ez%20invitan%20a%20postular%20a%20la%20Expo%20Feria%20Mujeres%20Emprendedoras%20Ind%C3%ADgenas' aria-hidden='false' data-av_icon='\ue8f3' data-av_iconfont='entypo-fontello' title='' data-avia-related-tooltip='Compartir en Facebook' rel=\"noopener\"><span class='avia_hidden_link_text'>Compartir en Facebook<\/span><\/a><\/li><li class='av-share-link av-social-link-twitter' ><a target=\"_blank\" aria-label=\"Compartir en Twitter\" href='https:\/\/twitter.com\/share?text=SernamEG%20y%20Municipalidad%20de%20R%C3%ADo%20Ib%C3%A1%C3%B1ez%20invitan%20a%20postular%20a%20la%20Expo%20Feria%20Mujeres%20Emprendedoras%20Ind%C3%ADgenas&#038;url=https:\/\/radiorevelacionfm.cl\/?p=2892' aria-hidden='false' data-av_icon='\ue8f1' data-av_iconfont='entypo-fontello' title='' data-avia-related-tooltip='Compartir en Twitter' rel=\"noopener\"><span class='avia_hidden_link_text'>Compartir en Twitter<\/span><\/a><\/li><li class='av-share-link av-social-link-whatsapp' ><a target=\"_blank\" aria-label=\"Compartir en Whatsapp\" href='https:\/\/api.whatsapp.com\/send?text=https:\/\/radiorevelacionfm.cl\/?p=2892' aria-hidden='false' data-av_icon='\uf232' data-av_iconfont='entypo-fontello' title='' data-avia-related-tooltip='Compartir en Whatsapp' rel=\"noopener\"><span class='avia_hidden_link_text'>Compartir en Whatsapp<\/span><\/a><\/li><li class='av-share-link av-social-link-linkedin' ><a target=\"_blank\" aria-label=\"Compartir en LinkedIn\" href='https:\/\/linkedin.com\/shareArticle?mini=true&#038;title=SernamEG%20y%20Municipalidad%20de%20R%C3%ADo%20Ib%C3%A1%C3%B1ez%20invitan%20a%20postular%20a%20la%20Expo%20Feria%20Mujeres%20Emprendedoras%20Ind%C3%ADgenas&#038;url=https:\/\/radiorevelacionfm.cl\/?p=2892' aria-hidden='false' data-av_icon='\ue8fc' data-av_iconfont='entypo-fontello' title='' data-avia-related-tooltip='Compartir en LinkedIn' rel=\"noopener\"><span class='avia_hidden_link_text'>Compartir en LinkedIn<\/span><\/a><\/li><li class='av-share-link av-social-link-mail' ><a  aria-label=\"Compartir por correo\" href='mailto:?subject=SernamEG%20y%20Municipalidad%20de%20R%C3%ADo%20Ib%C3%A1%C3%B1ez%20invitan%20a%20postular%20a%20la%20Expo%20Feria%20Mujeres%20Emprendedoras%20Ind%C3%ADgenas&#038;body=https:\/\/radiorevelacionfm.cl\/?p=2892' aria-hidden='false' data-av_icon='\ue805' data-av_iconfont='entypo-fontello' title='' data-avia-related-tooltip='Compartir por correo'><span class='avia_hidden_link_text'>Compartir por correo<\/span><\/a><\/li><\/ul><\/div><\/div>\n<div  style='height:50px' class='hr hr-invisible   avia-builder-el-8  el_after_av_social_share  el_before_av_comments_list '><span class='hr-inner ' ><span class='hr-inner-style'><\/span><\/span><\/div>\n<div  class='av-buildercomment  av-blog-meta-html-info-disabled av-blog-meta-tag-disabled  '><\/div>\n","protected":false},"excerpt":{"rendered":"","protected":false},"author":1,"featured_media":0,"comment_status":"open","ping_status":"open","sticky":false,"template":"","format":"standard","meta":{"footnotes":""},"categories":[45],"tags":[],"class_list":["post-2892","post","type-post","status-publish","format-standard","hentry","category-comercio"],"jetpack_featured_media_url":"","_links":{"self":[{"href":"https:\/\/radiorevelacionfm.cl\/index.php?rest_route=\/wp\/v2\/posts\/2892","targetHints":{"allow":["GET"]}}],"collection":[{"href":"https:\/\/radiorevelacionfm.cl\/index.php?rest_route=\/wp\/v2\/posts"}],"about":[{"href":"https:\/\/radiorevelacionfm.cl\/index.php?rest_route=\/wp\/v2\/types\/post"}],"author":[{"embeddable":true,"href":"https:\/\/radiorevelacionfm.cl\/index.php?rest_route=\/wp\/v2\/users\/1"}],"replies":[{"embeddable":true,"href":"https:\/\/radiorevelacionfm.cl\/index.php?rest_route=%2Fwp%2Fv2%2Fcomments&post=2892"}],"version-history":[{"count":1,"href":"https:\/\/radiorevelacionfm.cl\/index.php?rest_route=\/wp\/v2\/posts\/2892\/revisions"}],"predecessor-version":[{"id":2894,"href":"https:\/\/radiorevelacionfm.cl\/index.php?rest_route=\/wp\/v2\/posts\/2892\/revisions\/2894"}],"wp:attachment":[{"href":"https:\/\/radiorevelacionfm.cl\/index.php?rest_route=%2Fwp%2Fv2%2Fmedia&parent=2892"}],"wp:term":[{"taxonomy":"category","embeddable":true,"href":"https:\/\/radiorevelacionfm.cl\/index.php?rest_route=%2Fwp%2Fv2%2Fcategories&post=2892"},{"taxonomy":"post_tag","embeddable":true,"href":"https:\/\/radiorevelacionfm.cl\/index.php?rest_route=%2Fwp%2Fv2%2Ftags&post=2892"}],"curies":[{"name":"wp","href":"https:\/\/api.w.org\/{rel}","templated":true}]}}