{"id":28919,"date":"2023-03-16T10:39:36","date_gmt":"2023-03-16T13:39:36","guid":{"rendered":"https:\/\/radiorevelacionfm.cl\/?p=28919"},"modified":"2023-03-16T10:41:30","modified_gmt":"2023-03-16T13:41:30","slug":"ingeniera-forestal-loreto-pedraza-asume-como-directora-regional-de-conaf","status":"publish","type":"post","link":"https:\/\/radiorevelacionfm.cl\/?p=28919","title":{"rendered":"Ingeniera forestal Loreto Pedraza asume como directora regional de CONAF"},"content":{"rendered":"<div class=\"flex_column av_one_full  flex_column_div av-zero-column-padding first  avia-builder-el-0  el_before_av_one_full  avia-builder-el-first  \" style='border-radius:0px; '><div  class='avia-image-container  av-styling-    avia-builder-el-1  avia-builder-el-no-sibling  avia-align-center '  itemprop=\"image\" itemscope=\"itemscope\" itemtype=\"https:\/\/schema.org\/ImageObject\"  ><div class='avia-image-container-inner'><div class='avia-image-overlay-wrap'><img decoding=\"async\" class='wp-image-28920 avia-img-lazy-loading-not-28920 avia_image' src=\"https:\/\/radiorevelacionfm.cl\/wp-content\/uploads\/2023\/03\/Directora-Conaf_optimized.30.26-4-1.jpeg\" alt='' title='Directora Conaf_optimized.30.26-(4)-(1)' height=\"600\" width=\"965\"  itemprop=\"thumbnailUrl\" srcset=\"https:\/\/radiorevelacionfm.cl\/wp-content\/uploads\/2023\/03\/Directora-Conaf_optimized.30.26-4-1.jpeg 965w, https:\/\/radiorevelacionfm.cl\/wp-content\/uploads\/2023\/03\/Directora-Conaf_optimized.30.26-4-1-300x187.jpeg 300w, https:\/\/radiorevelacionfm.cl\/wp-content\/uploads\/2023\/03\/Directora-Conaf_optimized.30.26-4-1-768x478.jpeg 768w, https:\/\/radiorevelacionfm.cl\/wp-content\/uploads\/2023\/03\/Directora-Conaf_optimized.30.26-4-1-705x438.jpeg 705w, https:\/\/radiorevelacionfm.cl\/wp-content\/uploads\/2023\/03\/Directora-Conaf_optimized.30.26-4-1-600x373.jpeg 600w\" sizes=\"(max-width: 965px) 100vw, 965px\" \/><\/div><\/div><\/div><\/div>\n<div class=\"flex_column av_one_full  flex_column_div av-zero-column-padding first  avia-builder-el-2  el_after_av_one_full  el_before_av_one_full  column-top-margin\" style='border-radius:0px; '><section class=\"av_textblock_section \"  itemscope=\"itemscope\" itemtype=\"https:\/\/schema.org\/BlogPosting\" itemprop=\"blogPost\" ><div class='avia_textblock  '   itemprop=\"text\" ><p style=\"text-align: center;\"><span style=\"font-size: 18pt;\"><b><span lang=\"ES\">Ingeniera forestal Loreto Pedraza asume como directora regional de CONAF<\/span><\/b><\/span><\/p>\n<div id=\"gtx-trans\" style=\"position: absolute; left: -50px; top: 4.31534px;\">\n<div class=\"gtx-trans-icon\"><\/div>\n<\/div>\n<\/div><\/section><\/div>\n<div class=\"flex_column av_one_full  flex_column_div av-zero-column-padding first  avia-builder-el-4  el_after_av_one_full  el_before_av_hr  column-top-margin\" style='border-radius:0px; '><section class=\"av_textblock_section \"  itemscope=\"itemscope\" itemtype=\"https:\/\/schema.org\/BlogPosting\" itemprop=\"blogPost\" ><div class='avia_textblock  '   itemprop=\"text\" ><p style=\"font-weight: 400; text-align: justify;\">La ingeniera forestal Loreto Pedraza Manieu asumi\u00f3 como directora de la Corporaci\u00f3n Nacional Forestal (Conaf) en la Regi\u00f3n de Ays\u00e9n, informaron este mi\u00e9rcoles el Delegado Presidencial Regional, Rodrigo Araya Morales, junto al seremi de Agricultura, Alan Espinoza Ortiz.<\/p>\n<p style=\"font-weight: 400; text-align: justify;\">El servicio tiene la misi\u00f3n de garantizar la conservaci\u00f3n, restauraci\u00f3n y el manejo sustentable de los ecosistemas boscosos y xerof\u00edticos, mediante acciones destinadas a la conservaci\u00f3n, manejo de ecosistemas, monitoreo y arborizaci\u00f3n, para satisfacer la demanda actual y futura por bienes y servicios ecosist\u00e9micos y contribuir al desarrollo territorial, de los pueblos originarios, las comunidades vulnerables y la valoraci\u00f3n de la biodiversidad en un escenario de crisis clim\u00e1tica.<\/p>\n<p style=\"font-weight: 400; text-align: justify;\">Rodrigo Araya destac\u00f3 la importancia de esta gesti\u00f3n considerando que Ays\u00e9n tiene el sistema de Parques, Reservas y Monumentos Naturales m\u00e1s gran de Chile, con 18 \u00e1reas protegidas que representan el 51% del territorio regional.<\/p>\n<p style=\"font-weight: 400; text-align: justify;\">\u201cDando relevancia a lo que para nuestro Gobierno y nuestro Presidente Gabriel Boric tiene el medio ambiente. El medio ambiente y el contexto donde nos desenvolvemos como seres humanos es muy relevante y en nuestra regi\u00f3n CONAF tiene un rol tremendamente importante. De ah\u00ed que el aporte de Loreto Pedraza va a poder realizar con la experiencia, ya que es una funcionaria de carrera dentro de CONAF, es tremendamente \u00fatil y esperamos que sea muy exitoso con todos los desaf\u00edos que tenemos por delante\u201d, destac\u00f3.<\/p>\n<p style=\"font-weight: 400; text-align: justify;\">Loreto Pedraza, a\u00f1adi\u00f3 que \u201cpara m\u00ed es un honor, despu\u00e9s de mi experiencia en la Corporaci\u00f3n, estar a cargo de ella, liderarla. Los \u00e9nfasis son cumplir con nuestros mandatos, aportar a la regi\u00f3n, al desarrollo regional, a las comunidades, poner a disposici\u00f3n nuestra experiencia para la conservaci\u00f3n de la naturaleza, que es fundamental para el desarrollo del ser humano, pero pensando siempre en las comunidades\u201d.<\/p>\n<p style=\"font-weight: 400; text-align: justify;\">Por su parte, Alan Espinoza destac\u00f3 la gesti\u00f3n de CONAF en programas como Siembra Por Chile, que durante 2022 permiti\u00f3 desarrollar una \u201cRestauraci\u00f3n de bosque nativo a gran escala\u201d, con 15 proyectos para la intervenci\u00f3n de m\u00e1s de 3.700 hect\u00e1reas en Parques y Reservas Nacionales, Monumentos Naturales y predios fiscales de la regi\u00f3n, mediante una inversi\u00f3n de 500 millones de pesos, orientados a conservaci\u00f3n y a la generaci\u00f3n de cien empleos locales.<\/p>\n<p style=\"font-weight: 400; text-align: justify;\">\u201cQueremos seguir trabajando juntos. Tenemos un importante programa, tenemos Siembra por Chile, estamos haciendo restauraci\u00f3n de bosque y, adem\u00e1s, tenemos parte importante del territorio como \u00c1reas Silvestres Protegidas. No nos olvidemos que todav\u00eda estamos en temporada de incendios forestales, donde la Corporaci\u00f3n tiene una tremenda labor. Estamos muy agradecidos de que Loreto, que tiene experiencia, venga a entregar su experiencia, para seguir trabajando juntos por una mejor agricultura para nuestra querida regi\u00f3n de Ays\u00e9n\u201d, concluy\u00f3.<\/p>\n<p style=\"font-weight: 400; text-align: justify;\">Durante el primer a\u00f1o de Gobierno, CONAF tambi\u00e9n contrat\u00f3 a cinco Extensionistas Forestales en las Provincias de Ays\u00e9n, Coyhaique, General Carrera y Capit\u00e1n Prat, con una inversi\u00f3n cercana a los 120 millones de pesos, atendiendo a cerca de 200 productores en asistencia t\u00e9cnica forestal, construcci\u00f3n de estudios t\u00e9cnicos, y participaci\u00f3n en Proyectos al Concurso de la ley de Bosque Nativo.<\/p>\n<p style=\"font-weight: 400; text-align: justify;\">Extensionistas m\u00e1s consultores privados, colocaron Bonos de la Ley de Bosque Nativo, por m\u00e1s de 80 millones de pesos, distribuidos en distintos bosques de la regi\u00f3n.<\/p>\n<\/div><\/section><\/div><div  style='height:50px' class='hr hr-invisible   avia-builder-el-6  el_after_av_one_full  el_before_av_social_share '><span class='hr-inner ' ><span class='hr-inner-style'><\/span><\/span><\/div><\/p>\n<div  class='av-social-sharing-box  avia-builder-el-7  el_after_av_hr  el_before_av_hr  '><div class='av-share-box'><h5 class='av-share-link-description av-no-toc '>Compartir esta noticia<\/h5><ul class='av-share-box-list noLightbox'><li class='av-share-link av-social-link-facebook' ><a target=\"_blank\" aria-label=\"Compartir en Facebook\" href='https:\/\/www.facebook.com\/sharer.php?u=https:\/\/radiorevelacionfm.cl\/?p=28919&#038;t=Ingeniera%20forestal%20Loreto%20Pedraza%20asume%20como%20directora%20regional%20de%20CONAF' aria-hidden='false' data-av_icon='\ue8f3' data-av_iconfont='entypo-fontello' title='' data-avia-related-tooltip='Compartir en Facebook' rel=\"noopener\"><span class='avia_hidden_link_text'>Compartir en Facebook<\/span><\/a><\/li><li class='av-share-link av-social-link-twitter' ><a target=\"_blank\" aria-label=\"Compartir en Twitter\" href='https:\/\/twitter.com\/share?text=Ingeniera%20forestal%20Loreto%20Pedraza%20asume%20como%20directora%20regional%20de%20CONAF&#038;url=https:\/\/radiorevelacionfm.cl\/?p=28919' aria-hidden='false' data-av_icon='\ue8f1' data-av_iconfont='entypo-fontello' title='' data-avia-related-tooltip='Compartir en Twitter' rel=\"noopener\"><span class='avia_hidden_link_text'>Compartir en Twitter<\/span><\/a><\/li><li class='av-share-link av-social-link-whatsapp' ><a target=\"_blank\" aria-label=\"Compartir en Whatsapp\" href='https:\/\/api.whatsapp.com\/send?text=https:\/\/radiorevelacionfm.cl\/?p=28919' aria-hidden='false' data-av_icon='\uf232' data-av_iconfont='entypo-fontello' title='' data-avia-related-tooltip='Compartir en Whatsapp' rel=\"noopener\"><span class='avia_hidden_link_text'>Compartir en Whatsapp<\/span><\/a><\/li><li class='av-share-link av-social-link-linkedin' ><a target=\"_blank\" aria-label=\"Compartir en LinkedIn\" href='https:\/\/linkedin.com\/shareArticle?mini=true&#038;title=Ingeniera%20forestal%20Loreto%20Pedraza%20asume%20como%20directora%20regional%20de%20CONAF&#038;url=https:\/\/radiorevelacionfm.cl\/?p=28919' aria-hidden='false' data-av_icon='\ue8fc' data-av_iconfont='entypo-fontello' title='' data-avia-related-tooltip='Compartir en LinkedIn' rel=\"noopener\"><span class='avia_hidden_link_text'>Compartir en LinkedIn<\/span><\/a><\/li><li class='av-share-link av-social-link-mail' ><a  aria-label=\"Compartir por correo\" href='mailto:?subject=Ingeniera%20forestal%20Loreto%20Pedraza%20asume%20como%20directora%20regional%20de%20CONAF&#038;body=https:\/\/radiorevelacionfm.cl\/?p=28919' aria-hidden='false' data-av_icon='\ue805' data-av_iconfont='entypo-fontello' title='' data-avia-related-tooltip='Compartir por correo'><span class='avia_hidden_link_text'>Compartir por correo<\/span><\/a><\/li><\/ul><\/div><\/div>\n<div  style='height:50px' class='hr hr-invisible   avia-builder-el-8  el_after_av_social_share  el_before_av_comments_list '><span class='hr-inner ' ><span class='hr-inner-style'><\/span><\/span><\/div>\n<div  class='av-buildercomment  av-blog-meta-html-info-disabled av-blog-meta-tag-disabled  '><\/div>\n","protected":false},"excerpt":{"rendered":"","protected":false},"author":1,"featured_media":28920,"comment_status":"open","ping_status":"open","sticky":false,"template":"","format":"standard","meta":{"footnotes":""},"categories":[38],"tags":[],"class_list":["post-28919","post","type-post","status-publish","format-standard","has-post-thumbnail","hentry","category-regional"],"jetpack_featured_media_url":"https:\/\/radiorevelacionfm.cl\/wp-content\/uploads\/2023\/03\/Directora-Conaf_optimized.30.26-4-1.jpeg","_links":{"self":[{"href":"https:\/\/radiorevelacionfm.cl\/index.php?rest_route=\/wp\/v2\/posts\/28919","targetHints":{"allow":["GET"]}}],"collection":[{"href":"https:\/\/radiorevelacionfm.cl\/index.php?rest_route=\/wp\/v2\/posts"}],"about":[{"href":"https:\/\/radiorevelacionfm.cl\/index.php?rest_route=\/wp\/v2\/types\/post"}],"author":[{"embeddable":true,"href":"https:\/\/radiorevelacionfm.cl\/index.php?rest_route=\/wp\/v2\/users\/1"}],"replies":[{"embeddable":true,"href":"https:\/\/radiorevelacionfm.cl\/index.php?rest_route=%2Fwp%2Fv2%2Fcomments&post=28919"}],"version-history":[{"count":3,"href":"https:\/\/radiorevelacionfm.cl\/index.php?rest_route=\/wp\/v2\/posts\/28919\/revisions"}],"predecessor-version":[{"id":28940,"href":"https:\/\/radiorevelacionfm.cl\/index.php?rest_route=\/wp\/v2\/posts\/28919\/revisions\/28940"}],"wp:featuredmedia":[{"embeddable":true,"href":"https:\/\/radiorevelacionfm.cl\/index.php?rest_route=\/wp\/v2\/media\/28920"}],"wp:attachment":[{"href":"https:\/\/radiorevelacionfm.cl\/index.php?rest_route=%2Fwp%2Fv2%2Fmedia&parent=28919"}],"wp:term":[{"taxonomy":"category","embeddable":true,"href":"https:\/\/radiorevelacionfm.cl\/index.php?rest_route=%2Fwp%2Fv2%2Fcategories&post=28919"},{"taxonomy":"post_tag","embeddable":true,"href":"https:\/\/radiorevelacionfm.cl\/index.php?rest_route=%2Fwp%2Fv2%2Ftags&post=28919"}],"curies":[{"name":"wp","href":"https:\/\/api.w.org\/{rel}","templated":true}]}}