{"id":28915,"date":"2023-03-15T19:19:42","date_gmt":"2023-03-15T22:19:42","guid":{"rendered":"https:\/\/radiorevelacionfm.cl\/?p=28915"},"modified":"2023-03-15T19:19:42","modified_gmt":"2023-03-15T22:19:42","slug":"pdi-logra-detencion-de-imputado-por-homicidio-en-servicentro-y-trafico-de-drogas-en-coyhaique","status":"publish","type":"post","link":"https:\/\/radiorevelacionfm.cl\/?p=28915","title":{"rendered":"PDI logra detenci\u00f3n de imputado por homicidio en servicentro y tr\u00e1fico de drogas en Coyhaique"},"content":{"rendered":"<div class=\"flex_column av_one_full  flex_column_div av-zero-column-padding first  avia-builder-el-0  el_before_av_one_full  avia-builder-el-first  \" style='border-radius:0px; '><div  class='avia-image-container  av-styling-    avia-builder-el-1  avia-builder-el-no-sibling  avia-align-center '  itemprop=\"image\" itemscope=\"itemscope\" itemtype=\"https:\/\/schema.org\/ImageObject\"  ><div class='avia-image-container-inner'><div class='avia-image-overlay-wrap'><img decoding=\"async\" class='wp-image-28916 avia-img-lazy-loading-not-28916 avia_image' src=\"https:\/\/radiorevelacionfm.cl\/wp-content\/uploads\/2023\/03\/Evidencia-procedimiento-investigacion-por-homicidio-002-1-1.jpg\" alt='' title='Evidencia procedimiento investigaci\u00f3n por homicidio 002 (1) (1)' height=\"600\" width=\"900\"  itemprop=\"thumbnailUrl\" srcset=\"https:\/\/radiorevelacionfm.cl\/wp-content\/uploads\/2023\/03\/Evidencia-procedimiento-investigacion-por-homicidio-002-1-1.jpg 900w, https:\/\/radiorevelacionfm.cl\/wp-content\/uploads\/2023\/03\/Evidencia-procedimiento-investigacion-por-homicidio-002-1-1-300x200.jpg 300w, https:\/\/radiorevelacionfm.cl\/wp-content\/uploads\/2023\/03\/Evidencia-procedimiento-investigacion-por-homicidio-002-1-1-768x512.jpg 768w, https:\/\/radiorevelacionfm.cl\/wp-content\/uploads\/2023\/03\/Evidencia-procedimiento-investigacion-por-homicidio-002-1-1-705x470.jpg 705w, https:\/\/radiorevelacionfm.cl\/wp-content\/uploads\/2023\/03\/Evidencia-procedimiento-investigacion-por-homicidio-002-1-1-600x400.jpg 600w\" sizes=\"(max-width: 900px) 100vw, 900px\" \/><\/div><\/div><\/div><\/div><div class=\"flex_column av_one_full  flex_column_div av-zero-column-padding first  avia-builder-el-2  el_after_av_one_full  el_before_av_one_full  column-top-margin\" style='border-radius:0px; '><section class=\"av_textblock_section \"  itemscope=\"itemscope\" itemtype=\"https:\/\/schema.org\/BlogPosting\" itemprop=\"blogPost\" ><div class='avia_textblock  '   itemprop=\"text\" ><p style=\"text-align: center;\"><strong><span style=\"font-size: 18pt;\">PDI logra detenci\u00f3n de imputado por homicidio en servicentro y tr\u00e1fico de drogas en Coyhaique <\/span><\/strong><\/p>\n<div id=\"gtx-trans\" style=\"position: absolute; left: -50px; top: 4.31534px;\">\n<div class=\"gtx-trans-icon\"><\/div>\n<\/div>\n<\/div><\/section><\/div><div class=\"flex_column av_one_full  flex_column_div av-zero-column-padding first  avia-builder-el-4  el_after_av_one_full  el_before_av_hr  column-top-margin\" style='border-radius:0px; '><section class=\"av_textblock_section \"  itemscope=\"itemscope\" itemtype=\"https:\/\/schema.org\/BlogPosting\" itemprop=\"blogPost\" ><div class='avia_textblock  '   itemprop=\"text\" ><p style=\"text-align: justify;\">El trabajo conjunto de la Fiscal\u00eda y PDI permiti\u00f3 poner a disposici\u00f3n del Juzgado de Garant\u00eda a dos imputados, uno de ellos por tr\u00e1fico de drogas y el delito de homicidio con arma de fuego de un joven de 19 a\u00f1os, registrado la madrugada del pasado domingo 29 de enero en Coyhaique, en las inmediaciones de un servicentro. El segundo sujeto fue formalizado por el Ministerio P\u00fablico por tr\u00e1fico de drogas.<\/p>\n<p style=\"text-align: justify;\">Seg\u00fan explic\u00f3 el fiscal jefe de Coyhaique, Jos\u00e9 Moris, \u201cgracias a las diligencias efectuadas por la Brigada de Homicidios de la PDI, se logr\u00f3 la identificaci\u00f3n de uno de los part\u00edcipes en el hecho\u201d.<\/p>\n<p style=\"text-align: justify;\">El fiscal Moris agreg\u00f3 que, en este caso, exist\u00eda una orden de detenci\u00f3n en contra del imputado \u201cy hace unos d\u00edas, la Brigada de Homicidios logr\u00f3 dar con el paradero de este sujeto y al momento en que se ingres\u00f3 a su domicilio para detenerlo, se encontr\u00f3 adem\u00e1s dos kilos de coca\u00edna\u201d.<\/p>\n<p style=\"text-align: justify;\">Producto de dicha situaci\u00f3n, a\u00f1adi\u00f3 el persecutor penal, \u201cel imputado fue formalizado por homicidio y tr\u00e1fico de drogas. Adem\u00e1s, al momento de la detenci\u00f3n en el domicilio, hab\u00eda un segundo sujeto, quien tambi\u00e9n registra antecedentes criminales y el cual fue imputado por el il\u00edcito de tr\u00e1fico il\u00edcito de drogas\u201d.<\/p>\n<p style=\"text-align: justify;\"><strong>Investigaci\u00f3n<\/strong><\/p>\n<p style=\"text-align: justify;\">Al respecto, el subprefecto Mauro Guti\u00e9rrez, jefe de la Brigada de Homicidios Coyhaique, indic\u00f3 que \u201cen el marco de una investigaci\u00f3n policial que lleva adelante esta Brigada de Homicidios, iniciada el 29 de enero del presente a\u00f1o, en ocasi\u00f3n del homicidio con arma de fuego de un joven de 19 a\u00f1os en las afueras de un servicentro de calle Ogana, primeramente, se estableci\u00f3 la identidad de uno de los participantes por el cual se solicit\u00f3 una orden de detenci\u00f3n al Juez de Garant\u00eda, ejecutada el d\u00eda 13 de marzo, toda vez que durante todo este tiempo, el imputado se mantuvo pr\u00f3fugo de la justicia\u201d.<\/p>\n<p style=\"text-align: justify;\">Sobre las diligencias investigativas, el jefe de la Brigada de Homicidios agreg\u00f3 que \u201cen cuanto al resto de los participantes, la investigaci\u00f3n contin\u00faa en curso con el an\u00e1lisis criminal correspondiente para poder esclarecer este hecho\u201d.<\/p>\n<p style=\"text-align: justify;\">Desde la PDI informaron que durante el procedimiento policial se logr\u00f3 incautar 2.036 gramos de coca\u00edna, 126 gramos de ketamina, ocho comprimidos de clonazepam, dinero en efectivo y distintos elementos para la comercializaci\u00f3n y distribuci\u00f3n de las sustancias il\u00edcitas.<\/p>\n<p style=\"text-align: justify;\">Uno de los sujetos qued\u00f3 en prisi\u00f3n preventiva, por resoluci\u00f3n del magistrado Mario Devaud mientras que, respecto del segundo, se apel\u00f3 a la resoluci\u00f3n del tribunal que no otorg\u00f3 dicha medida cautelar. En este escenario, la Corte de Apelaciones de Coyhaique evaluar\u00e1 la petici\u00f3n del Ministerio P\u00fablico.<\/p>\n<p style=\"text-align: justify;\">El Juzgado de Garant\u00eda fij\u00f3 para esta causa, un plazo de investigaci\u00f3n de 90 d\u00edas.<\/p>\n<\/div><\/section><\/div><div  style='height:50px' class='hr hr-invisible   avia-builder-el-6  el_after_av_one_full  el_before_av_social_share '><span class='hr-inner ' ><span class='hr-inner-style'><\/span><\/span><\/div><\/p>\n<div  class='av-social-sharing-box  avia-builder-el-7  el_after_av_hr  el_before_av_hr  '><div class='av-share-box'><h5 class='av-share-link-description av-no-toc '>Compartir esta noticia<\/h5><ul class='av-share-box-list noLightbox'><li class='av-share-link av-social-link-facebook' ><a target=\"_blank\" aria-label=\"Compartir en Facebook\" href='https:\/\/www.facebook.com\/sharer.php?u=https:\/\/radiorevelacionfm.cl\/?p=28915&#038;t=PDI%20logra%20detenci%C3%B3n%20de%20imputado%20por%20homicidio%20en%20servicentro%20y%20tr%C3%A1fico%20de%20drogas%20en%20Coyhaique' aria-hidden='false' data-av_icon='\ue8f3' data-av_iconfont='entypo-fontello' title='' data-avia-related-tooltip='Compartir en Facebook' rel=\"noopener\"><span class='avia_hidden_link_text'>Compartir en Facebook<\/span><\/a><\/li><li class='av-share-link av-social-link-twitter' ><a target=\"_blank\" aria-label=\"Compartir en Twitter\" href='https:\/\/twitter.com\/share?text=PDI%20logra%20detenci%C3%B3n%20de%20imputado%20por%20homicidio%20en%20servicentro%20y%20tr%C3%A1fico%20de%20drogas%20en%20Coyhaique&#038;url=https:\/\/radiorevelacionfm.cl\/?p=28915' aria-hidden='false' data-av_icon='\ue8f1' data-av_iconfont='entypo-fontello' title='' data-avia-related-tooltip='Compartir en Twitter' rel=\"noopener\"><span class='avia_hidden_link_text'>Compartir en Twitter<\/span><\/a><\/li><li class='av-share-link av-social-link-whatsapp' ><a target=\"_blank\" aria-label=\"Compartir en Whatsapp\" href='https:\/\/api.whatsapp.com\/send?text=https:\/\/radiorevelacionfm.cl\/?p=28915' aria-hidden='false' data-av_icon='\uf232' data-av_iconfont='entypo-fontello' title='' data-avia-related-tooltip='Compartir en Whatsapp' rel=\"noopener\"><span class='avia_hidden_link_text'>Compartir en Whatsapp<\/span><\/a><\/li><li class='av-share-link av-social-link-linkedin' ><a target=\"_blank\" aria-label=\"Compartir en LinkedIn\" href='https:\/\/linkedin.com\/shareArticle?mini=true&#038;title=PDI%20logra%20detenci%C3%B3n%20de%20imputado%20por%20homicidio%20en%20servicentro%20y%20tr%C3%A1fico%20de%20drogas%20en%20Coyhaique&#038;url=https:\/\/radiorevelacionfm.cl\/?p=28915' aria-hidden='false' data-av_icon='\ue8fc' data-av_iconfont='entypo-fontello' title='' data-avia-related-tooltip='Compartir en LinkedIn' rel=\"noopener\"><span class='avia_hidden_link_text'>Compartir en LinkedIn<\/span><\/a><\/li><li class='av-share-link av-social-link-mail' ><a  aria-label=\"Compartir por correo\" href='mailto:?subject=PDI%20logra%20detenci%C3%B3n%20de%20imputado%20por%20homicidio%20en%20servicentro%20y%20tr%C3%A1fico%20de%20drogas%20en%20Coyhaique&#038;body=https:\/\/radiorevelacionfm.cl\/?p=28915' aria-hidden='false' data-av_icon='\ue805' data-av_iconfont='entypo-fontello' title='' data-avia-related-tooltip='Compartir por correo'><span class='avia_hidden_link_text'>Compartir por correo<\/span><\/a><\/li><\/ul><\/div><\/div>\n<div  style='height:50px' class='hr hr-invisible   avia-builder-el-8  el_after_av_social_share  el_before_av_comments_list '><span class='hr-inner ' ><span class='hr-inner-style'><\/span><\/span><\/div>\n<div  class='av-buildercomment  av-blog-meta-html-info-disabled av-blog-meta-tag-disabled  '><\/div>\n","protected":false},"excerpt":{"rendered":"","protected":false},"author":1,"featured_media":28916,"comment_status":"open","ping_status":"open","sticky":false,"template":"","format":"standard","meta":{"footnotes":""},"categories":[36],"tags":[],"class_list":["post-28915","post","type-post","status-publish","format-standard","has-post-thumbnail","hentry","category-policial"],"jetpack_featured_media_url":"https:\/\/radiorevelacionfm.cl\/wp-content\/uploads\/2023\/03\/Evidencia-procedimiento-investigacion-por-homicidio-002-1-1.jpg","_links":{"self":[{"href":"https:\/\/radiorevelacionfm.cl\/index.php?rest_route=\/wp\/v2\/posts\/28915","targetHints":{"allow":["GET"]}}],"collection":[{"href":"https:\/\/radiorevelacionfm.cl\/index.php?rest_route=\/wp\/v2\/posts"}],"about":[{"href":"https:\/\/radiorevelacionfm.cl\/index.php?rest_route=\/wp\/v2\/types\/post"}],"author":[{"embeddable":true,"href":"https:\/\/radiorevelacionfm.cl\/index.php?rest_route=\/wp\/v2\/users\/1"}],"replies":[{"embeddable":true,"href":"https:\/\/radiorevelacionfm.cl\/index.php?rest_route=%2Fwp%2Fv2%2Fcomments&post=28915"}],"version-history":[{"count":2,"href":"https:\/\/radiorevelacionfm.cl\/index.php?rest_route=\/wp\/v2\/posts\/28915\/revisions"}],"predecessor-version":[{"id":28918,"href":"https:\/\/radiorevelacionfm.cl\/index.php?rest_route=\/wp\/v2\/posts\/28915\/revisions\/28918"}],"wp:featuredmedia":[{"embeddable":true,"href":"https:\/\/radiorevelacionfm.cl\/index.php?rest_route=\/wp\/v2\/media\/28916"}],"wp:attachment":[{"href":"https:\/\/radiorevelacionfm.cl\/index.php?rest_route=%2Fwp%2Fv2%2Fmedia&parent=28915"}],"wp:term":[{"taxonomy":"category","embeddable":true,"href":"https:\/\/radiorevelacionfm.cl\/index.php?rest_route=%2Fwp%2Fv2%2Fcategories&post=28915"},{"taxonomy":"post_tag","embeddable":true,"href":"https:\/\/radiorevelacionfm.cl\/index.php?rest_route=%2Fwp%2Fv2%2Ftags&post=28915"}],"curies":[{"name":"wp","href":"https:\/\/api.w.org\/{rel}","templated":true}]}}