{"id":28911,"date":"2023-03-16T15:24:21","date_gmt":"2023-03-16T18:24:21","guid":{"rendered":"https:\/\/radiorevelacionfm.cl\/?p=28911"},"modified":"2023-03-16T15:24:21","modified_gmt":"2023-03-16T18:24:21","slug":"cchc-por-plan-de-conservacion-de-caminos-esperamos-que-los-plazos-comprometidos-se-cumplan","status":"publish","type":"post","link":"https:\/\/radiorevelacionfm.cl\/?p=28911","title":{"rendered":"CChC por plan de conservaci\u00f3n de caminos: \u00abEsperamos que los plazos comprometidos se cumplan\u00bb"},"content":{"rendered":"<div class=\"flex_column av_one_full  flex_column_div av-zero-column-padding first  avia-builder-el-0  el_before_av_one_full  avia-builder-el-first  \" style='border-radius:0px; '><div  class='avia-image-container  av-styling-    avia-builder-el-1  avia-builder-el-no-sibling  avia-align-center '  itemprop=\"image\" itemscope=\"itemscope\" itemtype=\"https:\/\/schema.org\/ImageObject\"  ><div class='avia-image-container-inner'><div class='avia-image-overlay-wrap'><img decoding=\"async\" class='wp-image-28912 avia-img-lazy-loading-not-28912 avia_image' src=\"https:\/\/radiorevelacionfm.cl\/wp-content\/uploads\/2023\/03\/Reunion-CCHC-4-1-1.jpg\" alt='' title='Reunion CCHC (4) (1) (1)' height=\"600\" width=\"900\"  itemprop=\"thumbnailUrl\" srcset=\"https:\/\/radiorevelacionfm.cl\/wp-content\/uploads\/2023\/03\/Reunion-CCHC-4-1-1.jpg 900w, https:\/\/radiorevelacionfm.cl\/wp-content\/uploads\/2023\/03\/Reunion-CCHC-4-1-1-300x200.jpg 300w, https:\/\/radiorevelacionfm.cl\/wp-content\/uploads\/2023\/03\/Reunion-CCHC-4-1-1-768x512.jpg 768w, https:\/\/radiorevelacionfm.cl\/wp-content\/uploads\/2023\/03\/Reunion-CCHC-4-1-1-705x470.jpg 705w, https:\/\/radiorevelacionfm.cl\/wp-content\/uploads\/2023\/03\/Reunion-CCHC-4-1-1-600x400.jpg 600w\" sizes=\"(max-width: 900px) 100vw, 900px\" \/><\/div><\/div><\/div><\/div><div class=\"flex_column av_one_full  flex_column_div av-zero-column-padding first  avia-builder-el-2  el_after_av_one_full  el_before_av_one_full  column-top-margin\" style='border-radius:0px; '><section class=\"av_textblock_section \"  itemscope=\"itemscope\" itemtype=\"https:\/\/schema.org\/BlogPosting\" itemprop=\"blogPost\" ><div class='avia_textblock  '   itemprop=\"text\" ><p style=\"text-align: center;\"><span style=\"font-size: 18pt;\"><b>CChC por plan de conservaci\u00f3n de caminos: \u00abEsperamos que los plazos comprometidos se cumplan\u00bb<\/b><\/span><\/p>\n<div id=\"gtx-trans\" style=\"position: absolute; left: -50px; top: 4.31534px;\">\n<div class=\"gtx-trans-icon\"><\/div>\n<\/div>\n<\/div><\/section><\/div><div class=\"flex_column av_one_full  flex_column_div av-zero-column-padding first  avia-builder-el-4  el_after_av_one_full  el_before_av_hr  column-top-margin\" style='border-radius:0px; '><section class=\"av_textblock_section \"  itemscope=\"itemscope\" itemtype=\"https:\/\/schema.org\/BlogPosting\" itemprop=\"blogPost\" ><div class='avia_textblock  '   itemprop=\"text\" ><p class=\"v1MsoNormal\" style=\"text-align: justify;\"><i>Durante el encuentro con el MOP, los representantes de la CChC conocieron los ejes que tendr\u00e1 este plan, entregaron sus sugerencias y tambi\u00e9n manifestaron su preocupaci\u00f3n por la falta de licitaciones de Vialidad a la fecha.<\/i><\/p>\n<p class=\"v1MsoNormal\" style=\"text-align: justify;\">Tras reunirse con el Director Nacional de Vialidad (s), Jaime Huidobro y el SEREMI del Ministerio de Obras P\u00fablicas, Patricio Sanhueza, desde la C\u00e1mara Chilena de la Construcci\u00f3n sede Coyhaique, analizaron los alcances del plan de emergencia de conservaci\u00f3n de caminos que anunci\u00f3 el MOP, enfatizando que desde la industria esperan que los plazos comprometidos se cumplan y sea una efectiva soluci\u00f3n para la comunidad y la reactivaci\u00f3n del sector.<\/p>\n<p class=\"v1MsoNormal\" style=\"text-align: justify;\">Al respecto, la presidenta de la C\u00e1mara Chilena de la Construcci\u00f3n, Alejandra Alert, manifest\u00f3 que \u00abfue una reuni\u00f3n positiva, ya que hemos visto que varias de estas medidas surgen desde las preocupaciones y sugerencias que hemos estado entregando en diversas instancias. Nos parece fundamental en el contexto de este plan que los plazos comprometidos se cumplan, dado el sentido de urgencia que reviste la conservaci\u00f3n de los caminos en la regi\u00f3n\u00bb.<\/p>\n<p class=\"v1MsoNormal\" style=\"text-align: justify;\">\u00abLo que esperamos respecto de los tratos directos que se llevar\u00e1n a cabo para la conservaci\u00f3n de diversos tramos de la Ruta 7 y otros caminos que est\u00e1n incorporados en este diagn\u00f3stico, es que esto se traduzca en una efectiva oportunidad para las empresas, ya que se debe reactivar la actividad de la industria de la construcci\u00f3n y contamos con la capacidad en la regi\u00f3n, tanto de maquinar\u00eda como de mano de obra calificada para ejecutar estos trabajos\u00bb, a\u00f1adi\u00f3 Alert.<\/p>\n<p class=\"v1MsoNormal\" style=\"text-align: justify;\">En esa l\u00ednea, enfatiz\u00f3 la dirigenta gremial que \u00abhemos planteado nuestras preocupaciones y punto de vista sobre lo que ser\u00e1 el proceso de licitaci\u00f3n para las conservaciones globales mixtas, ya que durante el \u00faltimo tiempo han sido complejas en su ejecuci\u00f3n, nos interesa que este plan sea exitoso y no se vea afectado por factores econ\u00f3micos, de alzas e incluso climatol\u00f3gico que durante el \u00faltimo periodo han debido enfrentar las empresas que realizan las obras de infraestructura. Por ello, seguiremos el detalle de lo que ser\u00e1 la presentaci\u00f3n de esta estrategia de emergencia en las pr\u00f3ximas dos semanas\u00bb.<\/p>\n<p class=\"v1MsoNormal\" style=\"text-align: justify;\">Finalmente, la presidenta del Gremio de los Constructores, Alejandra Alert, agreg\u00f3 que \u00abestamos siempre disponibles para el di\u00e1logo y la colaboraci\u00f3n en las situaciones de emergencia y contingencia, a trav\u00e9s de nuestras empresas socias y capacidad resolutiva\u00bb.<\/p>\n<p class=\"v1MsoNormal\" style=\"text-align: justify;\">Cabe destacar, que de la reuni\u00f3n tambi\u00e9n participaron el Past Presidente de la CChC, Manuel Suazo, el Presidente del Comit\u00e9 Gremial de Infraestructura MOP, Pedro Pablo Arriagada y el director regional de Vialidad (s) del MOP, Sergio Barr\u00eda.<\/p>\n<\/div><\/section><\/div><div  style='height:50px' class='hr hr-invisible   avia-builder-el-6  el_after_av_one_full  el_before_av_social_share '><span class='hr-inner ' ><span class='hr-inner-style'><\/span><\/span><\/div><\/p>\n<div  class='av-social-sharing-box  avia-builder-el-7  el_after_av_hr  el_before_av_hr  '><div class='av-share-box'><h5 class='av-share-link-description av-no-toc '>Compartir esta noticia<\/h5><ul class='av-share-box-list noLightbox'><li class='av-share-link av-social-link-facebook' ><a target=\"_blank\" aria-label=\"Compartir en Facebook\" href='https:\/\/www.facebook.com\/sharer.php?u=https:\/\/radiorevelacionfm.cl\/?p=28911&#038;t=CChC%20por%20plan%20de%20conservaci%C3%B3n%20de%20caminos%3A%20%C2%ABEsperamos%20que%20los%20plazos%20comprometidos%20se%20cumplan%C2%BB' aria-hidden='false' data-av_icon='\ue8f3' data-av_iconfont='entypo-fontello' title='' data-avia-related-tooltip='Compartir en Facebook' rel=\"noopener\"><span class='avia_hidden_link_text'>Compartir en Facebook<\/span><\/a><\/li><li class='av-share-link av-social-link-twitter' ><a target=\"_blank\" aria-label=\"Compartir en Twitter\" href='https:\/\/twitter.com\/share?text=CChC%20por%20plan%20de%20conservaci%C3%B3n%20de%20caminos%3A%20%C2%ABEsperamos%20que%20los%20plazos%20comprometidos%20se%20cumplan%C2%BB&#038;url=https:\/\/radiorevelacionfm.cl\/?p=28911' aria-hidden='false' data-av_icon='\ue8f1' data-av_iconfont='entypo-fontello' title='' data-avia-related-tooltip='Compartir en Twitter' rel=\"noopener\"><span class='avia_hidden_link_text'>Compartir en Twitter<\/span><\/a><\/li><li class='av-share-link av-social-link-whatsapp' ><a target=\"_blank\" aria-label=\"Compartir en Whatsapp\" href='https:\/\/api.whatsapp.com\/send?text=https:\/\/radiorevelacionfm.cl\/?p=28911' aria-hidden='false' data-av_icon='\uf232' data-av_iconfont='entypo-fontello' title='' data-avia-related-tooltip='Compartir en Whatsapp' rel=\"noopener\"><span class='avia_hidden_link_text'>Compartir en Whatsapp<\/span><\/a><\/li><li class='av-share-link av-social-link-linkedin' ><a target=\"_blank\" aria-label=\"Compartir en LinkedIn\" href='https:\/\/linkedin.com\/shareArticle?mini=true&#038;title=CChC%20por%20plan%20de%20conservaci%C3%B3n%20de%20caminos%3A%20%C2%ABEsperamos%20que%20los%20plazos%20comprometidos%20se%20cumplan%C2%BB&#038;url=https:\/\/radiorevelacionfm.cl\/?p=28911' aria-hidden='false' data-av_icon='\ue8fc' data-av_iconfont='entypo-fontello' title='' data-avia-related-tooltip='Compartir en LinkedIn' rel=\"noopener\"><span class='avia_hidden_link_text'>Compartir en LinkedIn<\/span><\/a><\/li><li class='av-share-link av-social-link-mail' ><a  aria-label=\"Compartir por correo\" href='mailto:?subject=CChC%20por%20plan%20de%20conservaci%C3%B3n%20de%20caminos%3A%20%C2%ABEsperamos%20que%20los%20plazos%20comprometidos%20se%20cumplan%C2%BB&#038;body=https:\/\/radiorevelacionfm.cl\/?p=28911' aria-hidden='false' data-av_icon='\ue805' data-av_iconfont='entypo-fontello' title='' data-avia-related-tooltip='Compartir por correo'><span class='avia_hidden_link_text'>Compartir por correo<\/span><\/a><\/li><\/ul><\/div><\/div>\n<div  style='height:50px' class='hr hr-invisible   avia-builder-el-8  el_after_av_social_share  el_before_av_comments_list '><span class='hr-inner ' ><span class='hr-inner-style'><\/span><\/span><\/div>\n<div  class='av-buildercomment  av-blog-meta-html-info-disabled av-blog-meta-tag-disabled  '><\/div>\n","protected":false},"excerpt":{"rendered":"","protected":false},"author":1,"featured_media":28912,"comment_status":"open","ping_status":"open","sticky":false,"template":"","format":"standard","meta":{"footnotes":""},"categories":[38],"tags":[],"class_list":["post-28911","post","type-post","status-publish","format-standard","has-post-thumbnail","hentry","category-regional"],"jetpack_featured_media_url":"https:\/\/radiorevelacionfm.cl\/wp-content\/uploads\/2023\/03\/Reunion-CCHC-4-1-1.jpg","_links":{"self":[{"href":"https:\/\/radiorevelacionfm.cl\/index.php?rest_route=\/wp\/v2\/posts\/28911","targetHints":{"allow":["GET"]}}],"collection":[{"href":"https:\/\/radiorevelacionfm.cl\/index.php?rest_route=\/wp\/v2\/posts"}],"about":[{"href":"https:\/\/radiorevelacionfm.cl\/index.php?rest_route=\/wp\/v2\/types\/post"}],"author":[{"embeddable":true,"href":"https:\/\/radiorevelacionfm.cl\/index.php?rest_route=\/wp\/v2\/users\/1"}],"replies":[{"embeddable":true,"href":"https:\/\/radiorevelacionfm.cl\/index.php?rest_route=%2Fwp%2Fv2%2Fcomments&post=28911"}],"version-history":[{"count":2,"href":"https:\/\/radiorevelacionfm.cl\/index.php?rest_route=\/wp\/v2\/posts\/28911\/revisions"}],"predecessor-version":[{"id":28958,"href":"https:\/\/radiorevelacionfm.cl\/index.php?rest_route=\/wp\/v2\/posts\/28911\/revisions\/28958"}],"wp:featuredmedia":[{"embeddable":true,"href":"https:\/\/radiorevelacionfm.cl\/index.php?rest_route=\/wp\/v2\/media\/28912"}],"wp:attachment":[{"href":"https:\/\/radiorevelacionfm.cl\/index.php?rest_route=%2Fwp%2Fv2%2Fmedia&parent=28911"}],"wp:term":[{"taxonomy":"category","embeddable":true,"href":"https:\/\/radiorevelacionfm.cl\/index.php?rest_route=%2Fwp%2Fv2%2Fcategories&post=28911"},{"taxonomy":"post_tag","embeddable":true,"href":"https:\/\/radiorevelacionfm.cl\/index.php?rest_route=%2Fwp%2Fv2%2Ftags&post=28911"}],"curies":[{"name":"wp","href":"https:\/\/api.w.org\/{rel}","templated":true}]}}