{"id":28909,"date":"2023-03-16T09:24:52","date_gmt":"2023-03-16T12:24:52","guid":{"rendered":"https:\/\/radiorevelacionfm.cl\/?p=28909"},"modified":"2023-03-16T09:24:52","modified_gmt":"2023-03-16T12:24:52","slug":"region-de-aysen-habria-perdido-12-mil-millones-de-pesos-en-ejecucion-presupuestaria-2022","status":"publish","type":"post","link":"https:\/\/radiorevelacionfm.cl\/?p=28909","title":{"rendered":"Regi\u00f3n de Ays\u00e9n habr\u00eda perdido 12 mil millones de pesos en ejecuci\u00f3n presupuestaria 2022"},"content":{"rendered":"<div class=\"flex_column av_one_full  flex_column_div av-zero-column-padding first  avia-builder-el-0  el_before_av_one_full  avia-builder-el-first  \" style='border-radius:0px; '><div  class='avia-image-container  av-styling-    avia-builder-el-1  avia-builder-el-no-sibling  avia-align-center '  itemprop=\"image\" itemscope=\"itemscope\" itemtype=\"https:\/\/schema.org\/ImageObject\"  ><div class='avia-image-container-inner'><div class='avia-image-overlay-wrap'><img decoding=\"async\" class='wp-image-25911 avia-img-lazy-loading-not-25911 avia_image' src=\"https:\/\/radiorevelacionfm.cl\/wp-content\/uploads\/2022\/12\/CORES-1-1.jpg\" alt='' title='CORES (1) (1)' height=\"600\" width=\"822\"  itemprop=\"thumbnailUrl\" srcset=\"https:\/\/radiorevelacionfm.cl\/wp-content\/uploads\/2022\/12\/CORES-1-1.jpg 822w, https:\/\/radiorevelacionfm.cl\/wp-content\/uploads\/2022\/12\/CORES-1-1-300x219.jpg 300w, https:\/\/radiorevelacionfm.cl\/wp-content\/uploads\/2022\/12\/CORES-1-1-768x561.jpg 768w, https:\/\/radiorevelacionfm.cl\/wp-content\/uploads\/2022\/12\/CORES-1-1-705x515.jpg 705w, https:\/\/radiorevelacionfm.cl\/wp-content\/uploads\/2022\/12\/CORES-1-1-600x438.jpg 600w\" sizes=\"(max-width: 822px) 100vw, 822px\" \/><\/div><\/div><\/div><\/div><div class=\"flex_column av_one_full  flex_column_div av-zero-column-padding first  avia-builder-el-2  el_after_av_one_full  el_before_av_one_full  column-top-margin\" style='border-radius:0px; '><section class=\"av_textblock_section \"  itemscope=\"itemscope\" itemtype=\"https:\/\/schema.org\/BlogPosting\" itemprop=\"blogPost\" ><div class='avia_textblock  '   itemprop=\"text\" ><p style=\"text-align: center;\"><span style=\"font-size: 18pt;\"><strong>Regi\u00f3n de Ays\u00e9n habr\u00eda perdido 12 mil millones de pesos en ejecuci\u00f3n presupuestaria 2022<\/strong><\/span><\/p>\n<div id=\"gtx-trans\" style=\"position: absolute; left: -50px; top: 4.31534px;\">\n<div class=\"gtx-trans-icon\"><\/div>\n<\/div>\n<\/div><\/section><\/div><div class=\"flex_column av_one_full  flex_column_div av-zero-column-padding first  avia-builder-el-4  el_after_av_one_full  el_before_av_hr  column-top-margin\" style='border-radius:0px; '><section class=\"av_textblock_section \"  itemscope=\"itemscope\" itemtype=\"https:\/\/schema.org\/BlogPosting\" itemprop=\"blogPost\" ><div class='avia_textblock  '   itemprop=\"text\" ><p style=\"text-align: justify;\"><em>Los Cores Omar Mu\u00f1oz, Mar\u00eda Loreto Villegas y Ra\u00fal Rudolphi se\u00f1alaron que la ejecuci\u00f3n del 93% de los recursos indicado por la Gobernadora Regional se obtuvo de un presupuesto rebajado de $57 mil millones y no del presupuesto de $70 mil millones del que se dispon\u00eda.<\/em><\/p>\n<p style=\"text-align: justify;\">Persisten las dudas de la real ejecuci\u00f3n presupuestaria del Gobierno Regional de Ays\u00e9n durante el a\u00f1o 2022. El tema fue abordado en las \u00faltimas sesiones del Consejo Regional y en particular en la Comisi\u00f3n de Presupuestos e Inversiones, donde nuevamente se cuestionaron los n\u00fameros entregados a la comunidad por la Gobernadora Regional Andrea Mac\u00edas, la que en su momento asegur\u00f3 haber ejecutado el 93% de los fondos.<\/p>\n<p style=\"text-align: justify;\">As\u00ed lo expresaron consejeros regionales de Chile Vamos, los que cuestionaron las cifras entregadas, entre ellos, el Core por la Provincia de Coyhaique e integrante de dicha comisi\u00f3n, Omar Mu\u00f1oz Sierra (UDI), quien se\u00f1al\u00f3: \u201cLo que la Gobernadora no explic\u00f3 es que el 93% se calcul\u00f3 sobre un presupuesto rebajado de 57 mil millones de pesos y no sobre el presupuesto de $70 mil millones que se ten\u00edan\u201d.<\/p>\n<p style=\"text-align: justify;\">En ese contexto, agreg\u00f3 que \u201clo que tampoco explic\u00f3 es que, gran parte de los recursos que aparecen como ejecutados, fueron transferidos a otras instituciones y quedaron aposados para ser gastados en 2023\u201d.<\/p>\n<p style=\"text-align: justify;\">En efecto, explican, del informe entregado por el Ejecutivo Regional al CORE, se desprende que el presupuesto regional fue rebajado en m\u00e1s de 7 mil millones de pesos, por transferencias a otros presupuestos, entre ellos, para emergencias, para el SERVIU y para Carabineros de Chile, respondiendo a una estrategia que fue aprobada por el propio Consejo Regional que buscaba no perder esos recursos.<\/p>\n<p style=\"text-align: justify;\">Mu\u00f1oz expres\u00f3 que la estrategia permiti\u00f3 asegurar que esos recursos queden en la regi\u00f3n, aunque implique gastarlos durante el presente a\u00f1o. \u201cSin embargo, no todo se pudo asegurar, pues qued\u00f3 un monto del orden de $6 mil millones que, sumados al saldo inicial de caja que no se pudo distribuir, suman $12 mil millones que la regi\u00f3n definitivamente perdi\u00f3 durante 2022\u201d, remarc\u00f3.<\/p>\n<p style=\"text-align: justify;\">Por su parte, el Consejero Ra\u00fal Rudolphi (RN) asever\u00f3 que si bien la DIPRES ratific\u00f3 el 93% de ejecuci\u00f3n entregado por la Gobernadora Andrea Mac\u00edas, reconociendo el trabajo del equipo Gore para incrementar la ejecuci\u00f3n, al observar el desempe\u00f1o nacional, \u201cnuestra regi\u00f3n se queda con la segunda peor ejecuci\u00f3n de Chile y, lo m\u00e1s preocupante, es que por $100 de inversi\u00f3n solo $26 se destinaron a obras que generan empleo, muy por debajo del promedio nacional que destin\u00f3 $42 de cada $100\u201d.<\/p>\n<p style=\"text-align: justify;\">Rudolphi agreg\u00f3 que para este a\u00f1o \u201cnuestra responsabilidad es may\u00fascula, no solo para asegurar una buena ejecuci\u00f3n, sino que tambi\u00e9n respecto a qu\u00e9 y cu\u00e1ndo destinamos los recursos\u201d, enfatizando que \u201ctodo esto nos llama a la mesura, m\u00e1s all\u00e1 de celebraciones e hitos comunicacionales\u201d.<\/p>\n<p style=\"text-align: justify;\">Por su parte, la consejera regional Mar\u00eda Loreto Villegas (EVOPOLI), expres\u00f3 que al revisar la ejecuci\u00f3n presupuestaria 2022, el promedio del pa\u00eds fue de un 98%, mientras Ays\u00e9n estuvo 4 puntos bajo el promedio. \u201cPor lo tanto, celebrar con bombos y platillos una ejecuci\u00f3n de un 93%, es como estar feliz por salir tercero en una competencia donde se jugaban 3 equipos. Usted se preguntar\u00e1 por qu\u00e9 se increment\u00f3 de manera exponencial y esto se debe a que el presupuesto disponible se redujo considerablemente\u201d, subray\u00f3.<\/p>\n<p style=\"text-align: justify;\">De igual forma, Villegas explic\u00f3 que, si se analiza la inversi\u00f3n en obras, es decir, lo que realmente genera empleo, a nivel nacional el promedio fue de 41% y el promedio de la regi\u00f3n de Ays\u00e9n fue solo de 26%. \u201cIncluso, la regi\u00f3n de Tarapac\u00e1, que tuvo la m\u00e1s baja ejecuci\u00f3n presupuestaria en este indicador, presenta un 41%, es decir, nos super\u00f3 con creces\u201d, puntualiz\u00f3.<\/p>\n<p style=\"text-align: justify;\">Finalmente, los Consejeros de Chile Vamos expresaron que existe voluntad para trabajar en equipo con la Gobernadora Andrea Mac\u00edas desde el inicio del a\u00f1o, para asegurar una buena ejecuci\u00f3n presupuestaria para el a\u00f1o 2023 y que los beneficios lleguen a todos y cada uno de los habitantes de la regi\u00f3n de Ays\u00e9n.<\/p>\n<\/div><\/section><\/div><div  style='height:50px' class='hr hr-invisible   avia-builder-el-6  el_after_av_one_full  el_before_av_social_share '><span class='hr-inner ' ><span class='hr-inner-style'><\/span><\/span><\/div><\/p>\n<div  class='av-social-sharing-box  avia-builder-el-7  el_after_av_hr  el_before_av_hr  '><div class='av-share-box'><h5 class='av-share-link-description av-no-toc '>Compartir esta noticia<\/h5><ul class='av-share-box-list noLightbox'><li class='av-share-link av-social-link-facebook' ><a target=\"_blank\" aria-label=\"Compartir en Facebook\" href='https:\/\/www.facebook.com\/sharer.php?u=https:\/\/radiorevelacionfm.cl\/?p=28909&#038;t=Regi%C3%B3n%20de%20Ays%C3%A9n%20habr%C3%ADa%20perdido%2012%20mil%20millones%20de%20pesos%20en%20ejecuci%C3%B3n%20presupuestaria%202022' aria-hidden='false' data-av_icon='\ue8f3' data-av_iconfont='entypo-fontello' title='' data-avia-related-tooltip='Compartir en Facebook' rel=\"noopener\"><span class='avia_hidden_link_text'>Compartir en Facebook<\/span><\/a><\/li><li class='av-share-link av-social-link-twitter' ><a target=\"_blank\" aria-label=\"Compartir en Twitter\" href='https:\/\/twitter.com\/share?text=Regi%C3%B3n%20de%20Ays%C3%A9n%20habr%C3%ADa%20perdido%2012%20mil%20millones%20de%20pesos%20en%20ejecuci%C3%B3n%20presupuestaria%202022&#038;url=https:\/\/radiorevelacionfm.cl\/?p=28909' aria-hidden='false' data-av_icon='\ue8f1' data-av_iconfont='entypo-fontello' title='' data-avia-related-tooltip='Compartir en Twitter' rel=\"noopener\"><span class='avia_hidden_link_text'>Compartir en Twitter<\/span><\/a><\/li><li class='av-share-link av-social-link-whatsapp' ><a target=\"_blank\" aria-label=\"Compartir en Whatsapp\" href='https:\/\/api.whatsapp.com\/send?text=https:\/\/radiorevelacionfm.cl\/?p=28909' aria-hidden='false' data-av_icon='\uf232' data-av_iconfont='entypo-fontello' title='' data-avia-related-tooltip='Compartir en Whatsapp' rel=\"noopener\"><span class='avia_hidden_link_text'>Compartir en Whatsapp<\/span><\/a><\/li><li class='av-share-link av-social-link-linkedin' ><a target=\"_blank\" aria-label=\"Compartir en LinkedIn\" href='https:\/\/linkedin.com\/shareArticle?mini=true&#038;title=Regi%C3%B3n%20de%20Ays%C3%A9n%20habr%C3%ADa%20perdido%2012%20mil%20millones%20de%20pesos%20en%20ejecuci%C3%B3n%20presupuestaria%202022&#038;url=https:\/\/radiorevelacionfm.cl\/?p=28909' aria-hidden='false' data-av_icon='\ue8fc' data-av_iconfont='entypo-fontello' title='' data-avia-related-tooltip='Compartir en LinkedIn' rel=\"noopener\"><span class='avia_hidden_link_text'>Compartir en LinkedIn<\/span><\/a><\/li><li class='av-share-link av-social-link-mail' ><a  aria-label=\"Compartir por correo\" href='mailto:?subject=Regi%C3%B3n%20de%20Ays%C3%A9n%20habr%C3%ADa%20perdido%2012%20mil%20millones%20de%20pesos%20en%20ejecuci%C3%B3n%20presupuestaria%202022&#038;body=https:\/\/radiorevelacionfm.cl\/?p=28909' aria-hidden='false' data-av_icon='\ue805' data-av_iconfont='entypo-fontello' title='' data-avia-related-tooltip='Compartir por correo'><span class='avia_hidden_link_text'>Compartir por correo<\/span><\/a><\/li><\/ul><\/div><\/div>\n<div  style='height:50px' class='hr hr-invisible   avia-builder-el-8  el_after_av_social_share  el_before_av_comments_list '><span class='hr-inner ' ><span class='hr-inner-style'><\/span><\/span><\/div>\n<div  class='av-buildercomment  av-blog-meta-html-info-disabled av-blog-meta-tag-disabled  '><\/div>\n","protected":false},"excerpt":{"rendered":"","protected":false},"author":1,"featured_media":25911,"comment_status":"open","ping_status":"open","sticky":false,"template":"","format":"standard","meta":{"footnotes":""},"categories":[38],"tags":[],"class_list":["post-28909","post","type-post","status-publish","format-standard","has-post-thumbnail","hentry","category-regional"],"jetpack_featured_media_url":"https:\/\/radiorevelacionfm.cl\/wp-content\/uploads\/2022\/12\/CORES-1-1.jpg","_links":{"self":[{"href":"https:\/\/radiorevelacionfm.cl\/index.php?rest_route=\/wp\/v2\/posts\/28909","targetHints":{"allow":["GET"]}}],"collection":[{"href":"https:\/\/radiorevelacionfm.cl\/index.php?rest_route=\/wp\/v2\/posts"}],"about":[{"href":"https:\/\/radiorevelacionfm.cl\/index.php?rest_route=\/wp\/v2\/types\/post"}],"author":[{"embeddable":true,"href":"https:\/\/radiorevelacionfm.cl\/index.php?rest_route=\/wp\/v2\/users\/1"}],"replies":[{"embeddable":true,"href":"https:\/\/radiorevelacionfm.cl\/index.php?rest_route=%2Fwp%2Fv2%2Fcomments&post=28909"}],"version-history":[{"count":2,"href":"https:\/\/radiorevelacionfm.cl\/index.php?rest_route=\/wp\/v2\/posts\/28909\/revisions"}],"predecessor-version":[{"id":28935,"href":"https:\/\/radiorevelacionfm.cl\/index.php?rest_route=\/wp\/v2\/posts\/28909\/revisions\/28935"}],"wp:featuredmedia":[{"embeddable":true,"href":"https:\/\/radiorevelacionfm.cl\/index.php?rest_route=\/wp\/v2\/media\/25911"}],"wp:attachment":[{"href":"https:\/\/radiorevelacionfm.cl\/index.php?rest_route=%2Fwp%2Fv2%2Fmedia&parent=28909"}],"wp:term":[{"taxonomy":"category","embeddable":true,"href":"https:\/\/radiorevelacionfm.cl\/index.php?rest_route=%2Fwp%2Fv2%2Fcategories&post=28909"},{"taxonomy":"post_tag","embeddable":true,"href":"https:\/\/radiorevelacionfm.cl\/index.php?rest_route=%2Fwp%2Fv2%2Ftags&post=28909"}],"curies":[{"name":"wp","href":"https:\/\/api.w.org\/{rel}","templated":true}]}}