{"id":28905,"date":"2023-03-15T20:53:02","date_gmt":"2023-03-15T23:53:02","guid":{"rendered":"https:\/\/radiorevelacionfm.cl\/?p=28905"},"modified":"2023-03-15T20:53:02","modified_gmt":"2023-03-15T23:53:02","slug":"calisto-solidariza-con-carabineros-tras-tension-con-el-gobierno-por-muerte-de-uniformado-en-concepcion","status":"publish","type":"post","link":"https:\/\/radiorevelacionfm.cl\/?p=28905","title":{"rendered":"Calisto solidariza con Carabineros tras tensi\u00f3n con el Gobierno por muerte de uniformado en Concepci\u00f3n"},"content":{"rendered":"<div class=\"flex_column av_one_full  flex_column_div av-zero-column-padding first  avia-builder-el-0  el_before_av_one_full  avia-builder-el-first  \" style='border-radius:0px; '><div  class='avia-image-container  av-styling-    avia-builder-el-1  avia-builder-el-no-sibling  avia-align-center '  itemprop=\"image\" itemscope=\"itemscope\" itemtype=\"https:\/\/schema.org\/ImageObject\"  ><div class='avia-image-container-inner'><div class='avia-image-overlay-wrap'><img decoding=\"async\" class='wp-image-28906 avia-img-lazy-loading-not-28906 avia_image' src=\"https:\/\/radiorevelacionfm.cl\/wp-content\/uploads\/2023\/03\/COMISION-1-1-1.jpg\" alt='' title='COMISI\u00d3N (1) (1) (1)' height=\"600\" width=\"707\"  itemprop=\"thumbnailUrl\" srcset=\"https:\/\/radiorevelacionfm.cl\/wp-content\/uploads\/2023\/03\/COMISION-1-1-1.jpg 707w, https:\/\/radiorevelacionfm.cl\/wp-content\/uploads\/2023\/03\/COMISION-1-1-1-300x255.jpg 300w, https:\/\/radiorevelacionfm.cl\/wp-content\/uploads\/2023\/03\/COMISION-1-1-1-705x598.jpg 705w, https:\/\/radiorevelacionfm.cl\/wp-content\/uploads\/2023\/03\/COMISION-1-1-1-600x509.jpg 600w\" sizes=\"(max-width: 707px) 100vw, 707px\" \/><\/div><\/div><\/div><\/div><div class=\"flex_column av_one_full  flex_column_div av-zero-column-padding first  avia-builder-el-2  el_after_av_one_full  el_before_av_one_full  column-top-margin\" style='border-radius:0px; '><section class=\"av_textblock_section \"  itemscope=\"itemscope\" itemtype=\"https:\/\/schema.org\/BlogPosting\" itemprop=\"blogPost\" ><div class='avia_textblock  '   itemprop=\"text\" ><p style=\"text-align: center;\"><span style=\"font-size: 18pt;\"><b><span lang=\"ES\">Calisto solidariza con Carabineros tras tensi\u00f3n con el Gobierno por muerte de uniformado en Concepci\u00f3n<\/span><\/b><\/span><\/p>\n<div id=\"gtx-trans\" style=\"position: absolute; left: -50px; top: 4.31534px;\">\n<div class=\"gtx-trans-icon\"><\/div>\n<\/div>\n<\/div><\/section><\/div><div class=\"flex_column av_one_full  flex_column_div av-zero-column-padding first  avia-builder-el-4  el_after_av_one_full  el_before_av_hr  column-top-margin\" style='border-radius:0px; '><section class=\"av_textblock_section \"  itemscope=\"itemscope\" itemtype=\"https:\/\/schema.org\/BlogPosting\" itemprop=\"blogPost\" ><div class='avia_textblock  '   itemprop=\"text\" ><p style=\"font-weight: 400; text-align: justify;\">Luego de la tensi\u00f3n entre el Gobierno y el General Director de Carabineros, Ricardo Y\u00e1\u00f1ez, por la muerte de un miembro de esa instituci\u00f3n en Concepci\u00f3n, el diputado Miguel \u00c1ngel Calisto respald\u00f3 la labor de los uniformados e inst\u00f3 al ejecutivo a agilizar la tramitaci\u00f3n de proyectos que fortalecen la protecci\u00f3n de los polic\u00edas.<\/p>\n<p style=\"font-weight: 400; text-align: justify;\">Seg\u00fan el legislador, \u201ces evidente que tenemos un aumento explosivo de delitos en Chile, quiz\u00e1s el a\u00f1o con mayor cantidad de hechos delictuales, los que adem\u00e1s est\u00e1n asociados a una gran cantidad de inmigrantes que han ingresado de manera irregularidad, cerca de 54 mil personas que est\u00e1n de forma irregular en nuestro pa\u00eds\u201d.<\/p>\n<p style=\"font-weight: 400; text-align: justify;\">\u201cNosotros vemos de parte del Gobierno las condolencias cuando fallece un carabinero. No sirven las condolencias. Nosotros esperamos que el Gobierno act\u00fae conforme al poder que le entreg\u00f3 la ciudadan\u00eda, es decir, que ponga las urgencias necesarias para los proyectos de ley que aplican m\u00e1xima sanci\u00f3n a aquellas personas que cometen delitos contra la autoridad\u201d, indic\u00f3.<\/p>\n<p style=\"font-weight: 400; text-align: justify;\">Calisto agreg\u00f3 que \u201csabemos que algunos sectores de la izquierda durante el estallido social relativizaron el valor de la autoridad y relativizaron la importancia de carabineros. Incluso se hablaba de refundar la instituci\u00f3n. Nosotros tenemos una posici\u00f3n clara, porque siempre hemos dicho que defendemos a la instituci\u00f3n de carabineros de Chile\u201d.<\/p>\n<p style=\"font-weight: 400; text-align: justify;\">Finalmente, el diputado se\u00f1al\u00f3 que \u201cacogemos el llamado del General Y\u00e1\u00f1ez para aplicar todo el peso de la ley contra aquellos que atentan contra la vida de los carabineros, que son quienes entregan seguridad en todas las comunas de nuestro pa\u00eds. Le pedimos al Gobierno que deje el doble est\u00e1ndar y que no venga a entregar condolencias, sino m\u00e1s bien que entregue soluciones respecto de cu\u00e1l va a ser la estrategia en materia de seguridad\u201d.<\/p>\n<\/div><\/section><\/div><div  style='height:50px' class='hr hr-invisible   avia-builder-el-6  el_after_av_one_full  el_before_av_social_share '><span class='hr-inner ' ><span class='hr-inner-style'><\/span><\/span><\/div><\/p>\n<div  class='av-social-sharing-box  avia-builder-el-7  el_after_av_hr  el_before_av_hr  '><div class='av-share-box'><h5 class='av-share-link-description av-no-toc '>Compartir esta noticia<\/h5><ul class='av-share-box-list noLightbox'><li class='av-share-link av-social-link-facebook' ><a target=\"_blank\" aria-label=\"Compartir en Facebook\" href='https:\/\/www.facebook.com\/sharer.php?u=https:\/\/radiorevelacionfm.cl\/?p=28905&#038;t=Calisto%20solidariza%20con%20Carabineros%20tras%20tensi%C3%B3n%20con%20el%20Gobierno%20por%20muerte%20de%20uniformado%20en%20Concepci%C3%B3n' aria-hidden='false' data-av_icon='\ue8f3' data-av_iconfont='entypo-fontello' title='' data-avia-related-tooltip='Compartir en Facebook' rel=\"noopener\"><span class='avia_hidden_link_text'>Compartir en Facebook<\/span><\/a><\/li><li class='av-share-link av-social-link-twitter' ><a target=\"_blank\" aria-label=\"Compartir en Twitter\" href='https:\/\/twitter.com\/share?text=Calisto%20solidariza%20con%20Carabineros%20tras%20tensi%C3%B3n%20con%20el%20Gobierno%20por%20muerte%20de%20uniformado%20en%20Concepci%C3%B3n&#038;url=https:\/\/radiorevelacionfm.cl\/?p=28905' aria-hidden='false' data-av_icon='\ue8f1' data-av_iconfont='entypo-fontello' title='' data-avia-related-tooltip='Compartir en Twitter' rel=\"noopener\"><span class='avia_hidden_link_text'>Compartir en Twitter<\/span><\/a><\/li><li class='av-share-link av-social-link-whatsapp' ><a target=\"_blank\" aria-label=\"Compartir en Whatsapp\" href='https:\/\/api.whatsapp.com\/send?text=https:\/\/radiorevelacionfm.cl\/?p=28905' aria-hidden='false' data-av_icon='\uf232' data-av_iconfont='entypo-fontello' title='' data-avia-related-tooltip='Compartir en Whatsapp' rel=\"noopener\"><span class='avia_hidden_link_text'>Compartir en Whatsapp<\/span><\/a><\/li><li class='av-share-link av-social-link-linkedin' ><a target=\"_blank\" aria-label=\"Compartir en LinkedIn\" href='https:\/\/linkedin.com\/shareArticle?mini=true&#038;title=Calisto%20solidariza%20con%20Carabineros%20tras%20tensi%C3%B3n%20con%20el%20Gobierno%20por%20muerte%20de%20uniformado%20en%20Concepci%C3%B3n&#038;url=https:\/\/radiorevelacionfm.cl\/?p=28905' aria-hidden='false' data-av_icon='\ue8fc' data-av_iconfont='entypo-fontello' title='' data-avia-related-tooltip='Compartir en LinkedIn' rel=\"noopener\"><span class='avia_hidden_link_text'>Compartir en LinkedIn<\/span><\/a><\/li><li class='av-share-link av-social-link-mail' ><a  aria-label=\"Compartir por correo\" href='mailto:?subject=Calisto%20solidariza%20con%20Carabineros%20tras%20tensi%C3%B3n%20con%20el%20Gobierno%20por%20muerte%20de%20uniformado%20en%20Concepci%C3%B3n&#038;body=https:\/\/radiorevelacionfm.cl\/?p=28905' aria-hidden='false' data-av_icon='\ue805' data-av_iconfont='entypo-fontello' title='' data-avia-related-tooltip='Compartir por correo'><span class='avia_hidden_link_text'>Compartir por correo<\/span><\/a><\/li><\/ul><\/div><\/div>\n<div  style='height:50px' class='hr hr-invisible   avia-builder-el-8  el_after_av_social_share  el_before_av_comments_list '><span class='hr-inner ' ><span class='hr-inner-style'><\/span><\/span><\/div>\n<div  class='av-buildercomment  av-blog-meta-html-info-disabled av-blog-meta-tag-disabled  '><\/div>\n","protected":false},"excerpt":{"rendered":"","protected":false},"author":1,"featured_media":28906,"comment_status":"open","ping_status":"open","sticky":false,"template":"","format":"standard","meta":{"footnotes":""},"categories":[35],"tags":[],"class_list":["post-28905","post","type-post","status-publish","format-standard","has-post-thumbnail","hentry","category-politica"],"jetpack_featured_media_url":"https:\/\/radiorevelacionfm.cl\/wp-content\/uploads\/2023\/03\/COMISION-1-1-1.jpg","_links":{"self":[{"href":"https:\/\/radiorevelacionfm.cl\/index.php?rest_route=\/wp\/v2\/posts\/28905","targetHints":{"allow":["GET"]}}],"collection":[{"href":"https:\/\/radiorevelacionfm.cl\/index.php?rest_route=\/wp\/v2\/posts"}],"about":[{"href":"https:\/\/radiorevelacionfm.cl\/index.php?rest_route=\/wp\/v2\/types\/post"}],"author":[{"embeddable":true,"href":"https:\/\/radiorevelacionfm.cl\/index.php?rest_route=\/wp\/v2\/users\/1"}],"replies":[{"embeddable":true,"href":"https:\/\/radiorevelacionfm.cl\/index.php?rest_route=%2Fwp%2Fv2%2Fcomments&post=28905"}],"version-history":[{"count":2,"href":"https:\/\/radiorevelacionfm.cl\/index.php?rest_route=\/wp\/v2\/posts\/28905\/revisions"}],"predecessor-version":[{"id":28922,"href":"https:\/\/radiorevelacionfm.cl\/index.php?rest_route=\/wp\/v2\/posts\/28905\/revisions\/28922"}],"wp:featuredmedia":[{"embeddable":true,"href":"https:\/\/radiorevelacionfm.cl\/index.php?rest_route=\/wp\/v2\/media\/28906"}],"wp:attachment":[{"href":"https:\/\/radiorevelacionfm.cl\/index.php?rest_route=%2Fwp%2Fv2%2Fmedia&parent=28905"}],"wp:term":[{"taxonomy":"category","embeddable":true,"href":"https:\/\/radiorevelacionfm.cl\/index.php?rest_route=%2Fwp%2Fv2%2Fcategories&post=28905"},{"taxonomy":"post_tag","embeddable":true,"href":"https:\/\/radiorevelacionfm.cl\/index.php?rest_route=%2Fwp%2Fv2%2Ftags&post=28905"}],"curies":[{"name":"wp","href":"https:\/\/api.w.org\/{rel}","templated":true}]}}