{"id":28899,"date":"2023-03-16T09:57:50","date_gmt":"2023-03-16T12:57:50","guid":{"rendered":"https:\/\/radiorevelacionfm.cl\/?p=28899"},"modified":"2023-03-16T09:57:50","modified_gmt":"2023-03-16T12:57:50","slug":"con-una-feria-sernac-conmemoro-el-dia-mundial-del-consumidor-en-coyhaique","status":"publish","type":"post","link":"https:\/\/radiorevelacionfm.cl\/?p=28899","title":{"rendered":"Con una feria Sernac conmemor\u00f3 el D\u00eda Mundial del Consumidor en Coyhaique"},"content":{"rendered":"<div class=\"flex_column av_one_full  flex_column_div av-zero-column-padding first  avia-builder-el-0  el_before_av_one_full  avia-builder-el-first  \" style='border-radius:0px; '><div  class='avia-image-container  av-styling-    avia-builder-el-1  avia-builder-el-no-sibling  avia-align-center '  itemprop=\"image\" itemscope=\"itemscope\" itemtype=\"https:\/\/schema.org\/ImageObject\"  ><div class='avia-image-container-inner'><div class='avia-image-overlay-wrap'><img decoding=\"async\" class='wp-image-28900 avia-img-lazy-loading-not-28900 avia_image' src=\"https:\/\/radiorevelacionfm.cl\/wp-content\/uploads\/2023\/03\/photo-2023-03-15-14-31-15-1-1_optimized.jpg\" alt='' title='photo-2023-03-15-14-31-15-(1)-(1)_optimized' height=\"600\" width=\"901\"  itemprop=\"thumbnailUrl\" srcset=\"https:\/\/radiorevelacionfm.cl\/wp-content\/uploads\/2023\/03\/photo-2023-03-15-14-31-15-1-1_optimized.jpg 901w, https:\/\/radiorevelacionfm.cl\/wp-content\/uploads\/2023\/03\/photo-2023-03-15-14-31-15-1-1_optimized-300x200.jpg 300w, https:\/\/radiorevelacionfm.cl\/wp-content\/uploads\/2023\/03\/photo-2023-03-15-14-31-15-1-1_optimized-768x511.jpg 768w, https:\/\/radiorevelacionfm.cl\/wp-content\/uploads\/2023\/03\/photo-2023-03-15-14-31-15-1-1_optimized-705x469.jpg 705w, https:\/\/radiorevelacionfm.cl\/wp-content\/uploads\/2023\/03\/photo-2023-03-15-14-31-15-1-1_optimized-600x400.jpg 600w\" sizes=\"(max-width: 901px) 100vw, 901px\" \/><\/div><\/div><\/div><\/div><div class=\"flex_column av_one_full  flex_column_div av-zero-column-padding first  avia-builder-el-2  el_after_av_one_full  el_before_av_one_full  column-top-margin\" style='border-radius:0px; '><section class=\"av_textblock_section \"  itemscope=\"itemscope\" itemtype=\"https:\/\/schema.org\/BlogPosting\" itemprop=\"blogPost\" ><div class='avia_textblock  '   itemprop=\"text\" ><p style=\"text-align: center;\"><strong><span style=\"font-size: 18pt;\">Con una feria Sernac conmemor\u00f3 el D\u00eda Mundial del Consumidor en Coyhaique<\/span><\/strong><\/p>\n<div id=\"gtx-trans\" style=\"position: absolute; left: -50px; top: 4.31534px;\">\n<div class=\"gtx-trans-icon\"><\/div>\n<\/div>\n<\/div><\/section><\/div><div class=\"flex_column av_one_full  flex_column_div av-zero-column-padding first  avia-builder-el-4  el_after_av_one_full  el_before_av_hr  column-top-margin\" style='border-radius:0px; '><section class=\"av_textblock_section \"  itemscope=\"itemscope\" itemtype=\"https:\/\/schema.org\/BlogPosting\" itemprop=\"blogPost\" ><div class='avia_textblock  '   itemprop=\"text\" ><p style=\"font-weight: 400; text-align: justify;\">La ma\u00f1ana de este mi\u00e9rcoles 15 de marzo, el SERNAC (Servicio Nacional del Consumidor) conmemor\u00f3 el D\u00eda Mundial del Consumidor, con una feria en la Plaza de Armas de Coyhaique, en la que participaron organizaciones p\u00fablicas y privadas.<\/p>\n<p style=\"font-weight: 400; text-align: justify;\">En la oportunidad, el delegado presidencial regional, Rodrigo Araya, destac\u00f3 los buenos resultados que el Servicio Nacional del Consumidor viene alcanzando desde el a\u00f1o pasado, en nuestra regi\u00f3n. \u201cQueremos resaltar que el a\u00f1o pasado tuvimos cerca de 2.700 denuncias, de las cuales el 60% se resolvi\u00f3 a favor de los consumidores. De ah\u00ed el llamado a ejercer su derecho de que ante alguna situaci\u00f3n an\u00f3mala empleen los conductos regulares del SERNAC, porque existen amplias posibilidades de ser beneficiados con la normativa legal que posee el pa\u00eds y que defiende a los consumidores\u201d, explic\u00f3 el delegado regional.<\/p>\n<p style=\"font-weight: 400; text-align: justify;\">Por su parte, la directora regional de la instituci\u00f3n, Francisca Ortiz, asegur\u00f3 que durante el a\u00f1o 2023, las y los funcionarios de esta repartici\u00f3n se concentrar\u00e1n fuertemente en las acciones de fiscalizaci\u00f3n, bajo un enfoque preventivo, para evitar que los problemas se produzcan. \u201cEste a\u00f1o vamos a ser muy visibles en la fiscalizaci\u00f3n. El a\u00f1o pasado logramos aproximadamente $25 millones en multas. Es importante relevar esa funci\u00f3n del SERNAC, como tambi\u00e9n las herramientas que tienen los usuarios\u201d, mencion\u00f3 Ortiz.<\/p>\n<p style=\"font-weight: 400; text-align: justify;\">Entre las instituciones que estuvieron presentes en la feria del D\u00eda Mundial del Consumidor, se encuentran Aduanas, Superintendencia de Servicios Sanitarios, Superintendencia de Insolvencia y Reemprendimiento, Sernatur, Segegob, Coordinaci\u00f3n Regional de Seguridad P\u00fablica y la ONG Diversa Patagonia, como parte del Consejo de la Sociedad Civil.<\/p>\n<p style=\"font-weight: 400; text-align: justify;\">Finalmente, se formul\u00f3 un llamado a los consumidores a efectuar sus denuncias a trav\u00e9s de los medios formales que el Gobierno pone a disposici\u00f3n, como la atenci\u00f3n presencial en las oficinas regionales ubicadas en Presidente Ib\u00e1\u00f1ez # 355 de Coyhaique, as\u00ed como la p\u00e1gina web\u00a0<a href=\"http:\/\/www.sernac.cl\/\" data-saferedirecturl=\"https:\/\/www.google.com\/url?q=http:\/\/www.sernac.cl&amp;source=gmail&amp;ust=1678990649535000&amp;usg=AOvVaw25IIGp7350a6-bz5YAuPAs\">www.sernac.cl<\/a>\u00a0y el call center 800700100.<\/p>\n<\/div><\/section><\/div><div  style='height:50px' class='hr hr-invisible   avia-builder-el-6  el_after_av_one_full  el_before_av_social_share '><span class='hr-inner ' ><span class='hr-inner-style'><\/span><\/span><\/div><\/p>\n<div  class='av-social-sharing-box  avia-builder-el-7  el_after_av_hr  el_before_av_hr  '><div class='av-share-box'><h5 class='av-share-link-description av-no-toc '>Compartir esta noticia<\/h5><ul class='av-share-box-list noLightbox'><li class='av-share-link av-social-link-facebook' ><a target=\"_blank\" aria-label=\"Compartir en Facebook\" href='https:\/\/www.facebook.com\/sharer.php?u=https:\/\/radiorevelacionfm.cl\/?p=28899&#038;t=Con%20una%20feria%20Sernac%20conmemor%C3%B3%20el%20D%C3%ADa%20Mundial%20del%20Consumidor%20en%20Coyhaique' aria-hidden='false' data-av_icon='\ue8f3' data-av_iconfont='entypo-fontello' title='' data-avia-related-tooltip='Compartir en Facebook' rel=\"noopener\"><span class='avia_hidden_link_text'>Compartir en Facebook<\/span><\/a><\/li><li class='av-share-link av-social-link-twitter' ><a target=\"_blank\" aria-label=\"Compartir en Twitter\" href='https:\/\/twitter.com\/share?text=Con%20una%20feria%20Sernac%20conmemor%C3%B3%20el%20D%C3%ADa%20Mundial%20del%20Consumidor%20en%20Coyhaique&#038;url=https:\/\/radiorevelacionfm.cl\/?p=28899' aria-hidden='false' data-av_icon='\ue8f1' data-av_iconfont='entypo-fontello' title='' data-avia-related-tooltip='Compartir en Twitter' rel=\"noopener\"><span class='avia_hidden_link_text'>Compartir en Twitter<\/span><\/a><\/li><li class='av-share-link av-social-link-whatsapp' ><a target=\"_blank\" aria-label=\"Compartir en Whatsapp\" href='https:\/\/api.whatsapp.com\/send?text=https:\/\/radiorevelacionfm.cl\/?p=28899' aria-hidden='false' data-av_icon='\uf232' data-av_iconfont='entypo-fontello' title='' data-avia-related-tooltip='Compartir en Whatsapp' rel=\"noopener\"><span class='avia_hidden_link_text'>Compartir en Whatsapp<\/span><\/a><\/li><li class='av-share-link av-social-link-linkedin' ><a target=\"_blank\" aria-label=\"Compartir en LinkedIn\" href='https:\/\/linkedin.com\/shareArticle?mini=true&#038;title=Con%20una%20feria%20Sernac%20conmemor%C3%B3%20el%20D%C3%ADa%20Mundial%20del%20Consumidor%20en%20Coyhaique&#038;url=https:\/\/radiorevelacionfm.cl\/?p=28899' aria-hidden='false' data-av_icon='\ue8fc' data-av_iconfont='entypo-fontello' title='' data-avia-related-tooltip='Compartir en LinkedIn' rel=\"noopener\"><span class='avia_hidden_link_text'>Compartir en LinkedIn<\/span><\/a><\/li><li class='av-share-link av-social-link-mail' ><a  aria-label=\"Compartir por correo\" href='mailto:?subject=Con%20una%20feria%20Sernac%20conmemor%C3%B3%20el%20D%C3%ADa%20Mundial%20del%20Consumidor%20en%20Coyhaique&#038;body=https:\/\/radiorevelacionfm.cl\/?p=28899' aria-hidden='false' data-av_icon='\ue805' data-av_iconfont='entypo-fontello' title='' data-avia-related-tooltip='Compartir por correo'><span class='avia_hidden_link_text'>Compartir por correo<\/span><\/a><\/li><\/ul><\/div><\/div>\n<div  style='height:50px' class='hr hr-invisible   avia-builder-el-8  el_after_av_social_share  el_before_av_comments_list '><span class='hr-inner ' ><span class='hr-inner-style'><\/span><\/span><\/div>\n<div  class='av-buildercomment  av-blog-meta-html-info-disabled av-blog-meta-tag-disabled  '><\/div>\n","protected":false},"excerpt":{"rendered":"","protected":false},"author":1,"featured_media":28900,"comment_status":"open","ping_status":"open","sticky":false,"template":"","format":"standard","meta":{"footnotes":""},"categories":[45],"tags":[],"class_list":["post-28899","post","type-post","status-publish","format-standard","has-post-thumbnail","hentry","category-comercio"],"jetpack_featured_media_url":"https:\/\/radiorevelacionfm.cl\/wp-content\/uploads\/2023\/03\/photo-2023-03-15-14-31-15-1-1_optimized.jpg","_links":{"self":[{"href":"https:\/\/radiorevelacionfm.cl\/index.php?rest_route=\/wp\/v2\/posts\/28899","targetHints":{"allow":["GET"]}}],"collection":[{"href":"https:\/\/radiorevelacionfm.cl\/index.php?rest_route=\/wp\/v2\/posts"}],"about":[{"href":"https:\/\/radiorevelacionfm.cl\/index.php?rest_route=\/wp\/v2\/types\/post"}],"author":[{"embeddable":true,"href":"https:\/\/radiorevelacionfm.cl\/index.php?rest_route=\/wp\/v2\/users\/1"}],"replies":[{"embeddable":true,"href":"https:\/\/radiorevelacionfm.cl\/index.php?rest_route=%2Fwp%2Fv2%2Fcomments&post=28899"}],"version-history":[{"count":2,"href":"https:\/\/radiorevelacionfm.cl\/index.php?rest_route=\/wp\/v2\/posts\/28899\/revisions"}],"predecessor-version":[{"id":28936,"href":"https:\/\/radiorevelacionfm.cl\/index.php?rest_route=\/wp\/v2\/posts\/28899\/revisions\/28936"}],"wp:featuredmedia":[{"embeddable":true,"href":"https:\/\/radiorevelacionfm.cl\/index.php?rest_route=\/wp\/v2\/media\/28900"}],"wp:attachment":[{"href":"https:\/\/radiorevelacionfm.cl\/index.php?rest_route=%2Fwp%2Fv2%2Fmedia&parent=28899"}],"wp:term":[{"taxonomy":"category","embeddable":true,"href":"https:\/\/radiorevelacionfm.cl\/index.php?rest_route=%2Fwp%2Fv2%2Fcategories&post=28899"},{"taxonomy":"post_tag","embeddable":true,"href":"https:\/\/radiorevelacionfm.cl\/index.php?rest_route=%2Fwp%2Fv2%2Ftags&post=28899"}],"curies":[{"name":"wp","href":"https:\/\/api.w.org\/{rel}","templated":true}]}}