{"id":28896,"date":"2023-03-15T15:47:11","date_gmt":"2023-03-15T18:47:11","guid":{"rendered":"https:\/\/radiorevelacionfm.cl\/?p=28896"},"modified":"2023-03-15T15:47:11","modified_gmt":"2023-03-15T18:47:11","slug":"corte-de-coyhaique-declara-procedente-solicitar-a-polonia-la-extradicion-de-imputada-por-estafas","status":"publish","type":"post","link":"https:\/\/radiorevelacionfm.cl\/?p=28896","title":{"rendered":"Corte de Coyhaique declara procedente solicitar a Polonia la extradici\u00f3n de imputada por estafas"},"content":{"rendered":"<div class=\"flex_column av_one_full  flex_column_div av-zero-column-padding first  avia-builder-el-0  el_before_av_one_full  avia-builder-el-first  \" style='border-radius:0px; '><div  class='avia-image-container  av-styling-    avia-builder-el-1  avia-builder-el-no-sibling  avia-align-center '  itemprop=\"image\" itemscope=\"itemscope\" itemtype=\"https:\/\/schema.org\/ImageObject\"  ><div class='avia-image-container-inner'><div class='avia-image-overlay-wrap'><img decoding=\"async\" class='wp-image-8540 avia-img-lazy-loading-not-8540 avia_image' src=\"https:\/\/radiorevelacionfm.cl\/wp-content\/uploads\/2021\/09\/foto-corte-apelaciones-coyhaique-1_optimized.jpg\" alt='' title='foto-corte-apelaciones-coyhaique-(1)_optimized' height=\"600\" width=\"1078\"  itemprop=\"thumbnailUrl\" srcset=\"https:\/\/radiorevelacionfm.cl\/wp-content\/uploads\/2021\/09\/foto-corte-apelaciones-coyhaique-1_optimized.jpg 1078w, https:\/\/radiorevelacionfm.cl\/wp-content\/uploads\/2021\/09\/foto-corte-apelaciones-coyhaique-1_optimized-300x167.jpg 300w, https:\/\/radiorevelacionfm.cl\/wp-content\/uploads\/2021\/09\/foto-corte-apelaciones-coyhaique-1_optimized-1030x573.jpg 1030w, https:\/\/radiorevelacionfm.cl\/wp-content\/uploads\/2021\/09\/foto-corte-apelaciones-coyhaique-1_optimized-768x427.jpg 768w, https:\/\/radiorevelacionfm.cl\/wp-content\/uploads\/2021\/09\/foto-corte-apelaciones-coyhaique-1_optimized-705x392.jpg 705w, https:\/\/radiorevelacionfm.cl\/wp-content\/uploads\/2021\/09\/foto-corte-apelaciones-coyhaique-1_optimized-600x334.jpg 600w\" sizes=\"(max-width: 1078px) 100vw, 1078px\" \/><\/div><\/div><\/div><\/div><div class=\"flex_column av_one_full  flex_column_div av-zero-column-padding first  avia-builder-el-2  el_after_av_one_full  el_before_av_one_full  column-top-margin\" style='border-radius:0px; '><section class=\"av_textblock_section \"  itemscope=\"itemscope\" itemtype=\"https:\/\/schema.org\/BlogPosting\" itemprop=\"blogPost\" ><div class='avia_textblock  '   itemprop=\"text\" ><p style=\"text-align: center;\"><span style=\"font-size: 18pt;\"><b>Corte de Coyhaique declara procedente solicitar a Polonia la extradici\u00f3n de imputada por estafas<\/b><\/span><\/p>\n<div id=\"gtx-trans\" style=\"position: absolute; left: -50px; top: 4.31534px;\">\n<div class=\"gtx-trans-icon\"><\/div>\n<\/div>\n<\/div><\/section><\/div><div class=\"flex_column av_one_full  flex_column_div av-zero-column-padding first  avia-builder-el-4  el_after_av_one_full  el_before_av_hr  column-top-margin\" style='border-radius:0px; '><section class=\"av_textblock_section \"  itemscope=\"itemscope\" itemtype=\"https:\/\/schema.org\/BlogPosting\" itemprop=\"blogPost\" ><div class='avia_textblock  '   itemprop=\"text\" ><p class=\"v1MsoNormal\" style=\"text-align: justify;\">La Corte de Apelaciones de Coyhaique declar\u00f3 procedente solicitar a la Rep\u00fablica de Polonia la extradici\u00f3n de Karen Nicol Castro Mart\u00ednez, imputada por el Ministerio P\u00fablico como autora de cuatro delitos de estafa. Il\u00edcitos perpetrados en 2015, en la Regi\u00f3n de Ays\u00e9n.<\/p>\n<p class=\"v1MsoNormal\" style=\"text-align: justify;\">En fallo un\u00e1nime\u00a0(causa rol 24-2023), la Primera Sala del tribunal de alzada \u2013integrada por los ministros Jos\u00e9 Ignacio Mora Trujillo, Pedro Castro Espinoza y el abogado (i) Marcos Gallegos Rodr\u00edguez\u2013 confirm\u00f3 la resoluci\u00f3n, dictada por el Juzgado de Garant\u00eda de Coyhaique, que accedi\u00f3 a la solicitud de extradici\u00f3n tras establecer que se cumplen con los requisitos legales para pedir la entrega de Castro\u00a0Mart\u00ednez, cuya formalizaci\u00f3n se realiz\u00f3 en ausencia por delitos que tiene asignada una pena privativa de libertad superior a un a\u00f1o, acci\u00f3n penal que no se encuentra prescrita y la requerida se encuentra residiendo en la ciudad de Varsovia, Polonia.<\/p>\n<p class=\"v1MsoNormal\" style=\"text-align: justify;\">\u00ab(&#8230;) el Ministerio P\u00fablico ha solicitado que se pida al pa\u00eds requerido la detenci\u00f3n previa de la imputada, de conformidad al art\u00edculo 434 del C\u00f3digo Procesal Penal; solicitud a la que se acceder\u00e1, dado que consta el presupuesto de que el juez de garant\u00eda haya comprobado la concurrencia de los requisitos que admitir\u00edan decretar la prisi\u00f3n preventiva u otra media cautelar, desde que se orden\u00f3 por dicho magistrado la medida de arresto domiciliario nocturno; por lo que se solicitar\u00e1 al Ministerio de Relaciones Exteriores que se pida a la Rep\u00fablica de Polonia, pa\u00eds en el que se encuentra la requerida de extradici\u00f3n, que ordene la detenci\u00f3n previa de esta o adopte las medidas necesarias e indispensables tendientes a impedir o evitar la fuga de la imputada\u00bb, consigna el fallo.<\/p>\n<p class=\"v1MsoNormal\" style=\"text-align: justify;\">Por tanto, se resuelve que: \u00ab<b>SE ACOGE<\/b>\u00a0la solicitud de extradici\u00f3n activa requerida por el Ministerio P\u00fablico, con respecto a la imputada Karen Nicol Castro Mart\u00ednez y en consecuencia, se ordena sea pedida la referida extradici\u00f3n, debiendo el Ministerio de Relaciones Exteriores, practicar las gestiones diplom\u00e1ticas necesarias para obtener la extradici\u00f3n de la imputada mencionada y pedir al pa\u00eds en que se encontrare \u00e9sta que ordene su detenci\u00f3n previa o adopte las medidas necesarias e indispensables tendientes a impedir o evitar la fuga de aquella\u00bb.<\/p>\n<\/div><\/section><\/div><div  style='height:50px' class='hr hr-invisible   avia-builder-el-6  el_after_av_one_full  el_before_av_social_share '><span class='hr-inner ' ><span class='hr-inner-style'><\/span><\/span><\/div><\/p>\n<div  class='av-social-sharing-box  avia-builder-el-7  el_after_av_hr  el_before_av_hr  '><div class='av-share-box'><h5 class='av-share-link-description av-no-toc '>Compartir esta noticia<\/h5><ul class='av-share-box-list noLightbox'><li class='av-share-link av-social-link-facebook' ><a target=\"_blank\" aria-label=\"Compartir en Facebook\" href='https:\/\/www.facebook.com\/sharer.php?u=https:\/\/radiorevelacionfm.cl\/?p=28896&#038;t=Corte%20de%20Coyhaique%20declara%20procedente%20solicitar%20a%20Polonia%20la%20extradici%C3%B3n%20de%20imputada%20por%20estafas' aria-hidden='false' data-av_icon='\ue8f3' data-av_iconfont='entypo-fontello' title='' data-avia-related-tooltip='Compartir en Facebook' rel=\"noopener\"><span class='avia_hidden_link_text'>Compartir en Facebook<\/span><\/a><\/li><li class='av-share-link av-social-link-twitter' ><a target=\"_blank\" aria-label=\"Compartir en Twitter\" href='https:\/\/twitter.com\/share?text=Corte%20de%20Coyhaique%20declara%20procedente%20solicitar%20a%20Polonia%20la%20extradici%C3%B3n%20de%20imputada%20por%20estafas&#038;url=https:\/\/radiorevelacionfm.cl\/?p=28896' aria-hidden='false' data-av_icon='\ue8f1' data-av_iconfont='entypo-fontello' title='' data-avia-related-tooltip='Compartir en Twitter' rel=\"noopener\"><span class='avia_hidden_link_text'>Compartir en Twitter<\/span><\/a><\/li><li class='av-share-link av-social-link-whatsapp' ><a target=\"_blank\" aria-label=\"Compartir en Whatsapp\" href='https:\/\/api.whatsapp.com\/send?text=https:\/\/radiorevelacionfm.cl\/?p=28896' aria-hidden='false' data-av_icon='\uf232' data-av_iconfont='entypo-fontello' title='' data-avia-related-tooltip='Compartir en Whatsapp' rel=\"noopener\"><span class='avia_hidden_link_text'>Compartir en Whatsapp<\/span><\/a><\/li><li class='av-share-link av-social-link-linkedin' ><a target=\"_blank\" aria-label=\"Compartir en LinkedIn\" href='https:\/\/linkedin.com\/shareArticle?mini=true&#038;title=Corte%20de%20Coyhaique%20declara%20procedente%20solicitar%20a%20Polonia%20la%20extradici%C3%B3n%20de%20imputada%20por%20estafas&#038;url=https:\/\/radiorevelacionfm.cl\/?p=28896' aria-hidden='false' data-av_icon='\ue8fc' data-av_iconfont='entypo-fontello' title='' data-avia-related-tooltip='Compartir en LinkedIn' rel=\"noopener\"><span class='avia_hidden_link_text'>Compartir en LinkedIn<\/span><\/a><\/li><li class='av-share-link av-social-link-mail' ><a  aria-label=\"Compartir por correo\" href='mailto:?subject=Corte%20de%20Coyhaique%20declara%20procedente%20solicitar%20a%20Polonia%20la%20extradici%C3%B3n%20de%20imputada%20por%20estafas&#038;body=https:\/\/radiorevelacionfm.cl\/?p=28896' aria-hidden='false' data-av_icon='\ue805' data-av_iconfont='entypo-fontello' title='' data-avia-related-tooltip='Compartir por correo'><span class='avia_hidden_link_text'>Compartir por correo<\/span><\/a><\/li><\/ul><\/div><\/div>\n<div  style='height:50px' class='hr hr-invisible   avia-builder-el-8  el_after_av_social_share  el_before_av_comments_list '><span class='hr-inner ' ><span class='hr-inner-style'><\/span><\/span><\/div>\n<div  class='av-buildercomment  av-blog-meta-html-info-disabled av-blog-meta-tag-disabled  '><\/div>\n","protected":false},"excerpt":{"rendered":"","protected":false},"author":1,"featured_media":8540,"comment_status":"open","ping_status":"open","sticky":false,"template":"","format":"standard","meta":{"footnotes":""},"categories":[55],"tags":[],"class_list":["post-28896","post","type-post","status-publish","format-standard","has-post-thumbnail","hentry","category-justicia"],"jetpack_featured_media_url":"https:\/\/radiorevelacionfm.cl\/wp-content\/uploads\/2021\/09\/foto-corte-apelaciones-coyhaique-1_optimized.jpg","_links":{"self":[{"href":"https:\/\/radiorevelacionfm.cl\/index.php?rest_route=\/wp\/v2\/posts\/28896","targetHints":{"allow":["GET"]}}],"collection":[{"href":"https:\/\/radiorevelacionfm.cl\/index.php?rest_route=\/wp\/v2\/posts"}],"about":[{"href":"https:\/\/radiorevelacionfm.cl\/index.php?rest_route=\/wp\/v2\/types\/post"}],"author":[{"embeddable":true,"href":"https:\/\/radiorevelacionfm.cl\/index.php?rest_route=\/wp\/v2\/users\/1"}],"replies":[{"embeddable":true,"href":"https:\/\/radiorevelacionfm.cl\/index.php?rest_route=%2Fwp%2Fv2%2Fcomments&post=28896"}],"version-history":[{"count":2,"href":"https:\/\/radiorevelacionfm.cl\/index.php?rest_route=\/wp\/v2\/posts\/28896\/revisions"}],"predecessor-version":[{"id":28898,"href":"https:\/\/radiorevelacionfm.cl\/index.php?rest_route=\/wp\/v2\/posts\/28896\/revisions\/28898"}],"wp:featuredmedia":[{"embeddable":true,"href":"https:\/\/radiorevelacionfm.cl\/index.php?rest_route=\/wp\/v2\/media\/8540"}],"wp:attachment":[{"href":"https:\/\/radiorevelacionfm.cl\/index.php?rest_route=%2Fwp%2Fv2%2Fmedia&parent=28896"}],"wp:term":[{"taxonomy":"category","embeddable":true,"href":"https:\/\/radiorevelacionfm.cl\/index.php?rest_route=%2Fwp%2Fv2%2Fcategories&post=28896"},{"taxonomy":"post_tag","embeddable":true,"href":"https:\/\/radiorevelacionfm.cl\/index.php?rest_route=%2Fwp%2Fv2%2Ftags&post=28896"}],"curies":[{"name":"wp","href":"https:\/\/api.w.org\/{rel}","templated":true}]}}