{"id":28886,"date":"2023-03-15T10:27:45","date_gmt":"2023-03-15T13:27:45","guid":{"rendered":"https:\/\/radiorevelacionfm.cl\/?p=28886"},"modified":"2023-03-15T10:27:45","modified_gmt":"2023-03-15T13:27:45","slug":"puerto-chacabuco-concreta-el-embarque-de-carga-mas-grande-en-su-historia","status":"publish","type":"post","link":"https:\/\/radiorevelacionfm.cl\/?p=28886","title":{"rendered":"Puerto Chacabuco concreta el embarque de carga m\u00e1s grande en su historia"},"content":{"rendered":"<div class=\"flex_column av_one_full  flex_column_div av-zero-column-padding first  avia-builder-el-0  el_before_av_one_full  avia-builder-el-first  \" style='border-radius:0px; '><div  class='avia-image-container  av-styling-    avia-builder-el-1  avia-builder-el-no-sibling  avia-align-center '  itemprop=\"image\" itemscope=\"itemscope\" itemtype=\"https:\/\/schema.org\/ImageObject\"  ><div class='avia-image-container-inner'><div class='avia-image-overlay-wrap'><img decoding=\"async\" class='wp-image-28887 avia-img-lazy-loading-not-28887 avia_image' src=\"https:\/\/radiorevelacionfm.cl\/wp-content\/uploads\/2023\/03\/Aromo-baja-3-1-1.jpg\" alt='' title='Aromo baja 3 (1) (1)' height=\"600\" width=\"1202\"  itemprop=\"thumbnailUrl\" srcset=\"https:\/\/radiorevelacionfm.cl\/wp-content\/uploads\/2023\/03\/Aromo-baja-3-1-1.jpg 1202w, https:\/\/radiorevelacionfm.cl\/wp-content\/uploads\/2023\/03\/Aromo-baja-3-1-1-300x150.jpg 300w, https:\/\/radiorevelacionfm.cl\/wp-content\/uploads\/2023\/03\/Aromo-baja-3-1-1-1030x514.jpg 1030w, https:\/\/radiorevelacionfm.cl\/wp-content\/uploads\/2023\/03\/Aromo-baja-3-1-1-768x383.jpg 768w, https:\/\/radiorevelacionfm.cl\/wp-content\/uploads\/2023\/03\/Aromo-baja-3-1-1-705x352.jpg 705w, https:\/\/radiorevelacionfm.cl\/wp-content\/uploads\/2023\/03\/Aromo-baja-3-1-1-600x300.jpg 600w\" sizes=\"(max-width: 1202px) 100vw, 1202px\" \/><\/div><\/div><\/div><\/div><div class=\"flex_column av_one_full  flex_column_div av-zero-column-padding first  avia-builder-el-2  el_after_av_one_full  el_before_av_one_full  column-top-margin\" style='border-radius:0px; '><section class=\"av_textblock_section \"  itemscope=\"itemscope\" itemtype=\"https:\/\/schema.org\/BlogPosting\" itemprop=\"blogPost\" ><div class='avia_textblock  '   itemprop=\"text\" ><p class=\"Marcelo\" align=\"center\"><span style=\"font-size: 18pt;\"><b>Puerto Chacabuco concreta el embarque de carga m\u00e1s grande en su historia<\/b><\/span><\/p>\n<div id=\"gtx-trans\" style=\"position: absolute; left: -50px; top: 4.31534px;\">\n<div class=\"gtx-trans-icon\"><\/div>\n<\/div>\n<\/div><\/section><\/div><div class=\"flex_column av_one_full  flex_column_div av-zero-column-padding first  avia-builder-el-4  el_after_av_one_full  el_before_av_hr  column-top-margin\" style='border-radius:0px; '><section class=\"av_textblock_section \"  itemscope=\"itemscope\" itemtype=\"https:\/\/schema.org\/BlogPosting\" itemprop=\"blogPost\" ><div class='avia_textblock  '   itemprop=\"text\" ><p style=\"text-align: justify;\">Un importante e hist\u00f3rico hito operacional vivi\u00f3 Puerto Chacabuco, en cuya infraestructura durante estos d\u00edas se lleva a cabo el mayor embarque de carga que se haya realizado en el principal recinto portuario de la Regi\u00f3n de Ays\u00e9n.<\/p>\n<p style=\"text-align: justify;\">Se trata de la motonave \u201cAromo\u201d, que atrac\u00f3 en el sitio 1 de los muelles de Chacabuco, para iniciar el embarque de 20 mil toneladas de concentrado de zinc, carga operada por la Compa\u00f1\u00eda Minera Pac\u00edfico Sur.<\/p>\n<p style=\"text-align: justify;\">El buque granelero, de bandera paname\u00f1a y tripulaci\u00f3n vietnamita, tiene 180 metros de eslora y 30 metros de manga, y se mantiene en el recinto operado por la Empresa Portuaria Chacabuco (Emporcha), desde donde zarp\u00f3 este martes 14 de marzo tras completar su operaci\u00f3n, teniendo a China como su destino final.<\/p>\n<p style=\"text-align: justify;\">En total ser\u00e1n 23 turnos de trabajo, cada uno con unos 10 trabajadores, los que involucra la operaci\u00f3n del \u201cAromo\u201d. En las faenas adem\u00e1s se utilizan dos cargadores frontales -uno en bodega y otro a bordo-, adem\u00e1s de tres cintas transportadoras.<\/p>\n<p style=\"text-align: justify;\">El buque hab\u00eda amarrado hace una semana en los muelles de Emporcha, sin embargo, debi\u00f3 salir a la gira luego de solo operar en dos turnos, debido a las malas condiciones meteorol\u00f3gicas que han golpeado con fuerza a la Regi\u00f3n de Ays\u00e9n durante varias jornadas, para posteriormente retomar el embarque de minerales en tercer turno este lunes.<\/p>\n<p style=\"text-align: justify;\">Cabe se\u00f1alar que Emporcha transfiere cerca de 400 mil toneladas anuales de carga, en su mayor\u00eda carga general, prestando tambi\u00e9n servicios a importantes sectores econ\u00f3micos de la regi\u00f3n, como carga salmonera, ganadera, forestal y minera.<\/p>\n<p style=\"text-align: justify;\">\u201cEste hito para nuestro Puerto Chacabuco es muy importante, no solo porque significa el mayor embarque realizado en la historia del puerto, sino porque ratifica nuestro compromiso permanente con nuestros territorios y su desarrollo econ\u00f3mico, como socio estrat\u00e9gico para la salida de los productos que la Regi\u00f3n de Ays\u00e9n env\u00eda al mundo\u201d, destac\u00f3 Felipe Candia Araya, gerente general de Empresa Portuaria Chacabuco.<\/p>\n<p style=\"text-align: justify;\">El ejecutivo valor\u00f3 tambi\u00e9n el trabajo coordinado entre los distintos actores que han sido parte de la operaci\u00f3n de embarque en la MN \u201cAromo\u201d, entre ellos los servicios fiscalizadores, personal de la propia Emporcha, trabajadores y de los embarcadores involucrados.<\/p>\n<\/div><\/section><\/div><div  style='height:50px' class='hr hr-invisible   avia-builder-el-6  el_after_av_one_full  el_before_av_social_share '><span class='hr-inner ' ><span class='hr-inner-style'><\/span><\/span><\/div><\/p>\n<div  class='av-social-sharing-box  avia-builder-el-7  el_after_av_hr  el_before_av_hr  '><div class='av-share-box'><h5 class='av-share-link-description av-no-toc '>Compartir esta noticia<\/h5><ul class='av-share-box-list noLightbox'><li class='av-share-link av-social-link-facebook' ><a target=\"_blank\" aria-label=\"Compartir en Facebook\" href='https:\/\/www.facebook.com\/sharer.php?u=https:\/\/radiorevelacionfm.cl\/?p=28886&#038;t=Puerto%20Chacabuco%20concreta%20el%20embarque%20de%20carga%20m%C3%A1s%20grande%20en%20su%20historia' aria-hidden='false' data-av_icon='\ue8f3' data-av_iconfont='entypo-fontello' title='' data-avia-related-tooltip='Compartir en Facebook' rel=\"noopener\"><span class='avia_hidden_link_text'>Compartir en Facebook<\/span><\/a><\/li><li class='av-share-link av-social-link-twitter' ><a target=\"_blank\" aria-label=\"Compartir en Twitter\" href='https:\/\/twitter.com\/share?text=Puerto%20Chacabuco%20concreta%20el%20embarque%20de%20carga%20m%C3%A1s%20grande%20en%20su%20historia&#038;url=https:\/\/radiorevelacionfm.cl\/?p=28886' aria-hidden='false' data-av_icon='\ue8f1' data-av_iconfont='entypo-fontello' title='' data-avia-related-tooltip='Compartir en Twitter' rel=\"noopener\"><span class='avia_hidden_link_text'>Compartir en Twitter<\/span><\/a><\/li><li class='av-share-link av-social-link-whatsapp' ><a target=\"_blank\" aria-label=\"Compartir en Whatsapp\" href='https:\/\/api.whatsapp.com\/send?text=https:\/\/radiorevelacionfm.cl\/?p=28886' aria-hidden='false' data-av_icon='\uf232' data-av_iconfont='entypo-fontello' title='' data-avia-related-tooltip='Compartir en Whatsapp' rel=\"noopener\"><span class='avia_hidden_link_text'>Compartir en Whatsapp<\/span><\/a><\/li><li class='av-share-link av-social-link-linkedin' ><a target=\"_blank\" aria-label=\"Compartir en LinkedIn\" href='https:\/\/linkedin.com\/shareArticle?mini=true&#038;title=Puerto%20Chacabuco%20concreta%20el%20embarque%20de%20carga%20m%C3%A1s%20grande%20en%20su%20historia&#038;url=https:\/\/radiorevelacionfm.cl\/?p=28886' aria-hidden='false' data-av_icon='\ue8fc' data-av_iconfont='entypo-fontello' title='' data-avia-related-tooltip='Compartir en LinkedIn' rel=\"noopener\"><span class='avia_hidden_link_text'>Compartir en LinkedIn<\/span><\/a><\/li><li class='av-share-link av-social-link-mail' ><a  aria-label=\"Compartir por correo\" href='mailto:?subject=Puerto%20Chacabuco%20concreta%20el%20embarque%20de%20carga%20m%C3%A1s%20grande%20en%20su%20historia&#038;body=https:\/\/radiorevelacionfm.cl\/?p=28886' aria-hidden='false' data-av_icon='\ue805' data-av_iconfont='entypo-fontello' title='' data-avia-related-tooltip='Compartir por correo'><span class='avia_hidden_link_text'>Compartir por correo<\/span><\/a><\/li><\/ul><\/div><\/div>\n<div  style='height:50px' class='hr hr-invisible   avia-builder-el-8  el_after_av_social_share  el_before_av_comments_list '><span class='hr-inner ' ><span class='hr-inner-style'><\/span><\/span><\/div>\n<div  class='av-buildercomment  av-blog-meta-html-info-disabled av-blog-meta-tag-disabled  '><\/div>\n","protected":false},"excerpt":{"rendered":"","protected":false},"author":1,"featured_media":28887,"comment_status":"open","ping_status":"open","sticky":false,"template":"","format":"standard","meta":{"footnotes":""},"categories":[38],"tags":[],"class_list":["post-28886","post","type-post","status-publish","format-standard","has-post-thumbnail","hentry","category-regional"],"jetpack_featured_media_url":"https:\/\/radiorevelacionfm.cl\/wp-content\/uploads\/2023\/03\/Aromo-baja-3-1-1.jpg","_links":{"self":[{"href":"https:\/\/radiorevelacionfm.cl\/index.php?rest_route=\/wp\/v2\/posts\/28886","targetHints":{"allow":["GET"]}}],"collection":[{"href":"https:\/\/radiorevelacionfm.cl\/index.php?rest_route=\/wp\/v2\/posts"}],"about":[{"href":"https:\/\/radiorevelacionfm.cl\/index.php?rest_route=\/wp\/v2\/types\/post"}],"author":[{"embeddable":true,"href":"https:\/\/radiorevelacionfm.cl\/index.php?rest_route=\/wp\/v2\/users\/1"}],"replies":[{"embeddable":true,"href":"https:\/\/radiorevelacionfm.cl\/index.php?rest_route=%2Fwp%2Fv2%2Fcomments&post=28886"}],"version-history":[{"count":2,"href":"https:\/\/radiorevelacionfm.cl\/index.php?rest_route=\/wp\/v2\/posts\/28886\/revisions"}],"predecessor-version":[{"id":28889,"href":"https:\/\/radiorevelacionfm.cl\/index.php?rest_route=\/wp\/v2\/posts\/28886\/revisions\/28889"}],"wp:featuredmedia":[{"embeddable":true,"href":"https:\/\/radiorevelacionfm.cl\/index.php?rest_route=\/wp\/v2\/media\/28887"}],"wp:attachment":[{"href":"https:\/\/radiorevelacionfm.cl\/index.php?rest_route=%2Fwp%2Fv2%2Fmedia&parent=28886"}],"wp:term":[{"taxonomy":"category","embeddable":true,"href":"https:\/\/radiorevelacionfm.cl\/index.php?rest_route=%2Fwp%2Fv2%2Fcategories&post=28886"},{"taxonomy":"post_tag","embeddable":true,"href":"https:\/\/radiorevelacionfm.cl\/index.php?rest_route=%2Fwp%2Fv2%2Ftags&post=28886"}],"curies":[{"name":"wp","href":"https:\/\/api.w.org\/{rel}","templated":true}]}}