{"id":28882,"date":"2023-03-15T11:00:57","date_gmt":"2023-03-15T14:00:57","guid":{"rendered":"https:\/\/radiorevelacionfm.cl\/?p=28882"},"modified":"2023-03-15T11:00:57","modified_gmt":"2023-03-15T14:00:57","slug":"ciclo-de-conciertos-coyhaique-refuerza-programacion-artistica-en-espacios-culturales","status":"publish","type":"post","link":"https:\/\/radiorevelacionfm.cl\/?p=28882","title":{"rendered":"Ciclo de conciertos: Coyhaique refuerza programaci\u00f3n art\u00edstica en espacios culturales"},"content":{"rendered":"<div class=\"flex_column av_one_full  flex_column_div av-zero-column-padding first  avia-builder-el-0  el_before_av_one_full  avia-builder-el-first  \" style='border-radius:0px; '><div  class='avia-image-container  av-styling-    avia-builder-el-1  avia-builder-el-no-sibling  avia-align-center '  itemprop=\"image\" itemscope=\"itemscope\" itemtype=\"https:\/\/schema.org\/ImageObject\"  ><div class='avia-image-container-inner'><div class='avia-image-overlay-wrap'><img decoding=\"async\" class='wp-image-28883 avia-img-lazy-loading-not-28883 avia_image' src=\"https:\/\/radiorevelacionfm.cl\/wp-content\/uploads\/2023\/03\/Primer-ciclo-de-conciertos-y-muestras-artisticas-Atelakoya-Tribal-1-1.jpg\" alt='' title='Primer ciclo de conciertos y muestras art\u00edsticas - Atelakoya Tribal (1) (1)' height=\"600\" width=\"982\"  itemprop=\"thumbnailUrl\" srcset=\"https:\/\/radiorevelacionfm.cl\/wp-content\/uploads\/2023\/03\/Primer-ciclo-de-conciertos-y-muestras-artisticas-Atelakoya-Tribal-1-1.jpg 982w, https:\/\/radiorevelacionfm.cl\/wp-content\/uploads\/2023\/03\/Primer-ciclo-de-conciertos-y-muestras-artisticas-Atelakoya-Tribal-1-1-300x183.jpg 300w, https:\/\/radiorevelacionfm.cl\/wp-content\/uploads\/2023\/03\/Primer-ciclo-de-conciertos-y-muestras-artisticas-Atelakoya-Tribal-1-1-768x469.jpg 768w, https:\/\/radiorevelacionfm.cl\/wp-content\/uploads\/2023\/03\/Primer-ciclo-de-conciertos-y-muestras-artisticas-Atelakoya-Tribal-1-1-705x431.jpg 705w, https:\/\/radiorevelacionfm.cl\/wp-content\/uploads\/2023\/03\/Primer-ciclo-de-conciertos-y-muestras-artisticas-Atelakoya-Tribal-1-1-600x367.jpg 600w\" sizes=\"(max-width: 982px) 100vw, 982px\" \/><\/div><\/div><\/div><\/div><div class=\"flex_column av_one_full  flex_column_div av-zero-column-padding first  avia-builder-el-2  el_after_av_one_full  el_before_av_one_full  column-top-margin\" style='border-radius:0px; '><section class=\"av_textblock_section \"  itemscope=\"itemscope\" itemtype=\"https:\/\/schema.org\/BlogPosting\" itemprop=\"blogPost\" ><div class='avia_textblock  '   itemprop=\"text\" ><p style=\"text-align: center;\"><span style=\"font-size: 18pt;\"><strong>Ciclo de conciertos: Coyhaique refuerza programaci\u00f3n art\u00edstica en espacios culturales<\/strong><\/span><\/p>\n<div id=\"gtx-trans\" style=\"position: absolute; left: -50px; top: 4.31534px;\">\n<div class=\"gtx-trans-icon\"><\/div>\n<\/div>\n<\/div><\/section><\/div><div class=\"flex_column av_one_full  flex_column_div av-zero-column-padding first  avia-builder-el-4  el_after_av_one_full  el_before_av_hr  column-top-margin\" style='border-radius:0px; '><section class=\"av_textblock_section \"  itemscope=\"itemscope\" itemtype=\"https:\/\/schema.org\/BlogPosting\" itemprop=\"blogPost\" ><div class='avia_textblock  '   itemprop=\"text\" ><p style=\"text-align: justify;\">La Convocatoria para la Gesti\u00f3n Cultural Local 2022, del Ministerio de las Culturas, las Artes y el Patrimonio, ya se encuentra en marcha en Coyhaique, tras las presentaciones de las m\u00fasicas Mar\u00eda Jos\u00e9 Aguila, Claudia Ibarra, Elena Villarroel, Celeste Anacleta, Atelakoya Tribal y la banda FeMMatiz, en el concierto \u201cConfluencia de mujeres y disidencias en la m\u00fasica\u201d, a cargo de la Oficina de Cultura del municipio.<\/p>\n<p style=\"text-align: justify;\">La actividad que congreg\u00f3 a representantes de la escena musical, con especial \u00e9nfasis en la apertura de espacios destinados a las producciones y obras de mujeres, es parte del proyecto \u201cPrimer ciclo de conciertos y muestras art\u00edsticas: cultura para vivir mejor\u201d, que viene a reforzar un mes clave para la conmemoraci\u00f3n de los derechos de las mujeres, pero tambi\u00e9n la oferta program\u00e1tica de recintos orientados a la difusi\u00f3n art\u00edstica en una de las regiones menos pobladas del pa\u00eds.<\/p>\n<p style=\"text-align: justify;\">Este traspaso de recursos, administrado por el programa Red Cultura de la Seremi de Culturas Ays\u00e9n, tiene por objetivo financiar la gesti\u00f3n local, actividades e iniciativas art\u00edsticas de centros culturales de la regi\u00f3n, tanto de entidades p\u00fablicas y privadas, incluidas la de comunidades. A partir de eso, el programa -que depende de la Unidad de Ciudadan\u00eda- apoya en los procesos de ejecuci\u00f3n de proyectos.<\/p>\n<p style=\"text-align: justify;\">Al respecto, el seremi de Culturas Ays\u00e9n, Felipe Quiroz, puso el acento en la necesidad del trabajo colaborativo entre la instituci\u00f3n y los municipios. En el caso de Coyhaique, no solo con el \u00e1rea de cultura de la casa edilicia, sino tambi\u00e9n con la Corporaci\u00f3n Cultural: \u201cA trav\u00e9s de este sistema de financiamiento nosotros como ministerio podemos otorgar a los gobiernos locales las posibilidades de relevar aquello que ellos anhelan posicionar dentro de sus agendas culturales\u201d.<\/p>\n<p style=\"text-align: justify;\">Desde la vereda municipal, la encargada de la Oficina de Cultura, Ivone \u00c1guila expres\u00f3 que \u201cel proceso ha sido interesante, ya que estamos trabajando con un productor local, quien nos ha entregado distintas bandas y artistas emergentes que no estaban en nuestros radares como oficina, lo cual es beneficioso para nosotros como gestores culturales del municipio. Adem\u00e1s, nos ayuda a potenciar la escena musical regional y comunal, generar audiencias y potenciar las industrias creativas\u201d.<\/p>\n<p style=\"text-align: justify;\">El convenio considera varias presentaciones para grupos etarios que van desde ni\u00f1as y ni\u00f1os, hasta adultos mayores durante los meses de marzo, abril, mayo y junio con actividades como \u201cSue\u00f1os sin l\u00edmites\u201d, \u201cArte y calidad de vida\u201d y \u201cMalot\u00fan del recuerdo\u201d, las cuales contar\u00e1n con la participaci\u00f3n de Ramillete Clown, el Mago Fabi\u00e1n, las bandas R\u00e1stados y LaMinaKontamina, la Orquesta Chelenko, Luciano Auad, Caroid Rubio, entre otros nombres que ser\u00e1n parte del \u201cPrimer ciclo de conciertos y muestras art\u00edsticas: cultura para vivir mejor\u201d.<\/p>\n<p style=\"text-align: justify;\">Las pr\u00f3ximas fechas correspondiente a la programaci\u00f3n se anunciar\u00e1n por los canales oficiales de la Seremi de las Culturas Ays\u00e9n y la Municipalidad de Coyhaique.<\/p>\n<\/div><\/section><\/div><div  style='height:50px' class='hr hr-invisible   avia-builder-el-6  el_after_av_one_full  el_before_av_social_share '><span class='hr-inner ' ><span class='hr-inner-style'><\/span><\/span><\/div><\/p>\n<div  class='av-social-sharing-box  avia-builder-el-7  el_after_av_hr  el_before_av_hr  '><div class='av-share-box'><h5 class='av-share-link-description av-no-toc '>Compartir esta noticia<\/h5><ul class='av-share-box-list noLightbox'><li class='av-share-link av-social-link-facebook' ><a target=\"_blank\" aria-label=\"Compartir en Facebook\" href='https:\/\/www.facebook.com\/sharer.php?u=https:\/\/radiorevelacionfm.cl\/?p=28882&#038;t=Ciclo%20de%20conciertos%3A%20Coyhaique%20refuerza%20programaci%C3%B3n%20art%C3%ADstica%20en%20espacios%20culturales' aria-hidden='false' data-av_icon='\ue8f3' data-av_iconfont='entypo-fontello' title='' data-avia-related-tooltip='Compartir en Facebook' rel=\"noopener\"><span class='avia_hidden_link_text'>Compartir en Facebook<\/span><\/a><\/li><li class='av-share-link av-social-link-twitter' ><a target=\"_blank\" aria-label=\"Compartir en Twitter\" href='https:\/\/twitter.com\/share?text=Ciclo%20de%20conciertos%3A%20Coyhaique%20refuerza%20programaci%C3%B3n%20art%C3%ADstica%20en%20espacios%20culturales&#038;url=https:\/\/radiorevelacionfm.cl\/?p=28882' aria-hidden='false' data-av_icon='\ue8f1' data-av_iconfont='entypo-fontello' title='' data-avia-related-tooltip='Compartir en Twitter' rel=\"noopener\"><span class='avia_hidden_link_text'>Compartir en Twitter<\/span><\/a><\/li><li class='av-share-link av-social-link-whatsapp' ><a target=\"_blank\" aria-label=\"Compartir en Whatsapp\" href='https:\/\/api.whatsapp.com\/send?text=https:\/\/radiorevelacionfm.cl\/?p=28882' aria-hidden='false' data-av_icon='\uf232' data-av_iconfont='entypo-fontello' title='' data-avia-related-tooltip='Compartir en Whatsapp' rel=\"noopener\"><span class='avia_hidden_link_text'>Compartir en Whatsapp<\/span><\/a><\/li><li class='av-share-link av-social-link-linkedin' ><a target=\"_blank\" aria-label=\"Compartir en LinkedIn\" href='https:\/\/linkedin.com\/shareArticle?mini=true&#038;title=Ciclo%20de%20conciertos%3A%20Coyhaique%20refuerza%20programaci%C3%B3n%20art%C3%ADstica%20en%20espacios%20culturales&#038;url=https:\/\/radiorevelacionfm.cl\/?p=28882' aria-hidden='false' data-av_icon='\ue8fc' data-av_iconfont='entypo-fontello' title='' data-avia-related-tooltip='Compartir en LinkedIn' rel=\"noopener\"><span class='avia_hidden_link_text'>Compartir en LinkedIn<\/span><\/a><\/li><li class='av-share-link av-social-link-mail' ><a  aria-label=\"Compartir por correo\" href='mailto:?subject=Ciclo%20de%20conciertos%3A%20Coyhaique%20refuerza%20programaci%C3%B3n%20art%C3%ADstica%20en%20espacios%20culturales&#038;body=https:\/\/radiorevelacionfm.cl\/?p=28882' aria-hidden='false' data-av_icon='\ue805' data-av_iconfont='entypo-fontello' title='' data-avia-related-tooltip='Compartir por correo'><span class='avia_hidden_link_text'>Compartir por correo<\/span><\/a><\/li><\/ul><\/div><\/div>\n<div  style='height:50px' class='hr hr-invisible   avia-builder-el-8  el_after_av_social_share  el_before_av_comments_list '><span class='hr-inner ' ><span class='hr-inner-style'><\/span><\/span><\/div>\n<div  class='av-buildercomment  av-blog-meta-html-info-disabled av-blog-meta-tag-disabled  '><\/div>\n","protected":false},"excerpt":{"rendered":"","protected":false},"author":1,"featured_media":28883,"comment_status":"open","ping_status":"open","sticky":false,"template":"","format":"standard","meta":{"footnotes":""},"categories":[52],"tags":[],"class_list":["post-28882","post","type-post","status-publish","format-standard","has-post-thumbnail","hentry","category-cultura"],"jetpack_featured_media_url":"https:\/\/radiorevelacionfm.cl\/wp-content\/uploads\/2023\/03\/Primer-ciclo-de-conciertos-y-muestras-artisticas-Atelakoya-Tribal-1-1.jpg","_links":{"self":[{"href":"https:\/\/radiorevelacionfm.cl\/index.php?rest_route=\/wp\/v2\/posts\/28882","targetHints":{"allow":["GET"]}}],"collection":[{"href":"https:\/\/radiorevelacionfm.cl\/index.php?rest_route=\/wp\/v2\/posts"}],"about":[{"href":"https:\/\/radiorevelacionfm.cl\/index.php?rest_route=\/wp\/v2\/types\/post"}],"author":[{"embeddable":true,"href":"https:\/\/radiorevelacionfm.cl\/index.php?rest_route=\/wp\/v2\/users\/1"}],"replies":[{"embeddable":true,"href":"https:\/\/radiorevelacionfm.cl\/index.php?rest_route=%2Fwp%2Fv2%2Fcomments&post=28882"}],"version-history":[{"count":2,"href":"https:\/\/radiorevelacionfm.cl\/index.php?rest_route=\/wp\/v2\/posts\/28882\/revisions"}],"predecessor-version":[{"id":28890,"href":"https:\/\/radiorevelacionfm.cl\/index.php?rest_route=\/wp\/v2\/posts\/28882\/revisions\/28890"}],"wp:featuredmedia":[{"embeddable":true,"href":"https:\/\/radiorevelacionfm.cl\/index.php?rest_route=\/wp\/v2\/media\/28883"}],"wp:attachment":[{"href":"https:\/\/radiorevelacionfm.cl\/index.php?rest_route=%2Fwp%2Fv2%2Fmedia&parent=28882"}],"wp:term":[{"taxonomy":"category","embeddable":true,"href":"https:\/\/radiorevelacionfm.cl\/index.php?rest_route=%2Fwp%2Fv2%2Fcategories&post=28882"},{"taxonomy":"post_tag","embeddable":true,"href":"https:\/\/radiorevelacionfm.cl\/index.php?rest_route=%2Fwp%2Fv2%2Ftags&post=28882"}],"curies":[{"name":"wp","href":"https:\/\/api.w.org\/{rel}","templated":true}]}}