{"id":28872,"date":"2023-03-15T15:39:31","date_gmt":"2023-03-15T18:39:31","guid":{"rendered":"https:\/\/radiorevelacionfm.cl\/?p=28872"},"modified":"2023-03-15T15:39:31","modified_gmt":"2023-03-15T18:39:31","slug":"andrea-macias-y-creacion-de-una-corporacion-de-desarrollo-regional-es-un-instrumento-que-permite-mayores-oportunidades","status":"publish","type":"post","link":"https:\/\/radiorevelacionfm.cl\/?p=28872","title":{"rendered":"Andrea Mac\u00edas y creaci\u00f3n de una Corporaci\u00f3n de Desarrollo Regional: \u00abEs un instrumento que permite mayores oportunidades\u00bb"},"content":{"rendered":"<div class=\"flex_column av_one_full  flex_column_div av-zero-column-padding first  avia-builder-el-0  el_before_av_one_full  avia-builder-el-first  \" style='border-radius:0px; '><div  class='avia-image-container  av-styling-    avia-builder-el-1  avia-builder-el-no-sibling  avia-align-center '  itemprop=\"image\" itemscope=\"itemscope\" itemtype=\"https:\/\/schema.org\/ImageObject\"  ><div class='avia-image-container-inner'><div class='avia-image-overlay-wrap'><img decoding=\"async\" class='wp-image-28873 avia-img-lazy-loading-not-28873 avia_image' src=\"https:\/\/radiorevelacionfm.cl\/wp-content\/uploads\/2023\/03\/corporaciOn-1-1_optimized.jpeg\" alt='' title='corporaci\u00d3n-1-(1)_optimized' height=\"600\" width=\"1070\"  itemprop=\"thumbnailUrl\" srcset=\"https:\/\/radiorevelacionfm.cl\/wp-content\/uploads\/2023\/03\/corporaciOn-1-1_optimized.jpeg 1070w, https:\/\/radiorevelacionfm.cl\/wp-content\/uploads\/2023\/03\/corporaciOn-1-1_optimized-300x168.jpeg 300w, https:\/\/radiorevelacionfm.cl\/wp-content\/uploads\/2023\/03\/corporaciOn-1-1_optimized-1030x578.jpeg 1030w, https:\/\/radiorevelacionfm.cl\/wp-content\/uploads\/2023\/03\/corporaciOn-1-1_optimized-768x431.jpeg 768w, https:\/\/radiorevelacionfm.cl\/wp-content\/uploads\/2023\/03\/corporaciOn-1-1_optimized-705x395.jpeg 705w, https:\/\/radiorevelacionfm.cl\/wp-content\/uploads\/2023\/03\/corporaciOn-1-1_optimized-600x336.jpeg 600w\" sizes=\"(max-width: 1070px) 100vw, 1070px\" \/><\/div><\/div><\/div><\/div><div class=\"flex_column av_one_full  flex_column_div av-zero-column-padding first  avia-builder-el-2  el_after_av_one_full  el_before_av_one_full  column-top-margin\" style='border-radius:0px; '><section class=\"av_textblock_section \"  itemscope=\"itemscope\" itemtype=\"https:\/\/schema.org\/BlogPosting\" itemprop=\"blogPost\" ><div class='avia_textblock  '   itemprop=\"text\" ><p style=\"text-align: center;\"><strong><span style=\"font-size: 18pt;\">Andrea Mac\u00edas y creaci\u00f3n de una Corporaci\u00f3n de Desarrollo Regional: \u00abEs un instrumento que permite mayores oportunidades\u00bb<\/span><\/strong><\/p>\n<div id=\"gtx-trans\" style=\"position: absolute; left: -50px; top: 4.31534px;\">\n<div class=\"gtx-trans-icon\"><\/div>\n<\/div>\n<\/div><\/section><\/div><div class=\"flex_column av_one_full  flex_column_div av-zero-column-padding first  avia-builder-el-4  el_after_av_one_full  el_before_av_hr  column-top-margin\" style='border-radius:0px; '><section class=\"av_textblock_section \"  itemscope=\"itemscope\" itemtype=\"https:\/\/schema.org\/BlogPosting\" itemprop=\"blogPost\" ><div class='avia_textblock  '   itemprop=\"text\" ><p dir=\"ltr\" style=\"text-align: justify;\">Este mi\u00e9rcoles la Comisi\u00f3n de Regionalizaci\u00f3n, Integraci\u00f3n Territorial y Medio Ambiente del Consejo Regional discutir\u00e1 y votar\u00e1 la formaci\u00f3n de una Corporaci\u00f3n de Desarrollo Regional para Ays\u00e9n, previo a la revisi\u00f3n de esta iniciativa en el Pleno del d\u00eda jueves.<\/p>\n<p dir=\"ltr\" style=\"text-align: justify;\">Este es un proyecto que tiene como objetivo fomentar la inversi\u00f3n p\u00fablico-privada para un desarrollo estrat\u00e9gico y planificado de la regi\u00f3n,\u00a0 proyecto que el Gobierno Regional ha trabajado durante varios meses, dialogando con diferentes asociaciones y gremios que han manifestado sus posturas y expectativas frente a la creaci\u00f3n de esta entidad.<\/p>\n<p dir=\"ltr\" style=\"text-align: justify;\">\u00abHemos realizado un trabajo durante muchos meses, convocando a distintos actores, a distintos sectores, con quienes hemos analizado la oportunidad que significa poder contar en la regi\u00f3n con una Corporaci\u00f3n de Desarrollo Regional. Se\u00f1alar que la Regi\u00f3n de Ays\u00e9n es una de las \u00fanicas dos regiones del pa\u00eds que no cuentan con una Corporaci\u00f3n de Desarrollo (&#8230;) toda la experiencia a nivel nacional nos muestra que esto es un instrumento que permite mayores oportunidades de desarrollo, sobre todo en regiones como la nuestra, donde es complejo que pueda llegar inversi\u00f3n privada\u00bb, acot\u00f3 la Gobernadora Regional Andrea Mac\u00edas Palma.<\/p>\n<p dir=\"ltr\" style=\"text-align: justify;\">Una Corporaci\u00f3n de Desarrollo Regional es una organizaci\u00f3n de derecho privado, sin fines de lucro, que se emplea como un instrumento operativo y ejecutor del Gobierno Regional y el Consejo Regional, de gran trascendencia para llevar a cabo las directrices regionales, facilitando la articulaci\u00f3n p\u00fablico-privada para impulsar y gestionar el desarrollo integral de todo el territorio.<\/p>\n<p dir=\"ltr\" style=\"text-align: justify;\">Este modelo de gesti\u00f3n fue respaldado tambi\u00e9n por el gerente general de la Empresa Portuaria Chacabuco (Emporcha) Felipe Candia, quien destac\u00f3 que desde el puerto ven \u00abcon buenos ojos\u00bb la creaci\u00f3n de una Corporaci\u00f3n de Desarrollo Regional. \u00abCualquier instancia que busque el apalancamiento de recursos para enfrentar los diversos desaf\u00edos que tiene la regi\u00f3n, siempre ser\u00e1 bienvenida. Esta es una regi\u00f3n extensa, pero somos pocos los que nos atrevemos a vivir ac\u00e1, por lo mismo este tipo de instancias son absolutamente necesarias para buscar coherencia entre los objetivos del Estado y de la industria, y facilitan un espacio de trabajo conjunto para alcanzarlos\u00bb, precis\u00f3.<\/p>\n<p dir=\"ltr\" style=\"text-align: justify;\">Actualmente, de las 16 regiones que conforman el territorio nacional, 14 cuentan con una Corporaci\u00f3n de Desarrollo Regional, ya sea focalizada en fomento productivo o una amplia, que abarque diferentes \u00e1reas adem\u00e1s la producci\u00f3n, como el deporte, la seguridad y el medio ambiente, que es justamente el modelo que el Gobierno Regional de Ays\u00e9n busca implementar.<\/p>\n<p dir=\"ltr\" style=\"text-align: justify;\">\u00abUna corporaci\u00f3n, conducida por el Gobierno Regional de Ays\u00e9n, donde puedan confluir todos los sectores, las distintas miradas que cohabitan en la Regi\u00f3n de Ays\u00e9n, puede ser un gran espacio de di\u00e1logo y de poder avanzar en los temas que nos convocan. M\u00e1s all\u00e1 de las miradas sectoriales que tiene cada organizaci\u00f3n, ese podr\u00eda ser un buen lugar para poder ponernos de acuerdo en el desarrollo, un desarrollo sustentable por cierto, que es lo que desde el movimiento socio ambiental creemos que es necesario\u00bb, se\u00f1al\u00f3 Patricio Segura, director de la Corporaci\u00f3n Privada para el Desarrollo de Ays\u00e9n.<\/p>\n<p dir=\"ltr\" style=\"text-align: justify;\">Finalmente, la directora del Instituto de Investigaciones Agropecuarias (INIA), Camila Reyes, tambi\u00e9n valor\u00f3 la formaci\u00f3n de una Corporaci\u00f3n, estableciendo que esto \u00abfacilitar\u00eda la bajada de recursos para resolver brechas de desarrollo que son espec\u00edficas de nuestras localidades. Adem\u00e1s, la articulaci\u00f3n del mundo p\u00fablico y privado, siempre disminuye los riesgos para el sector privado. Tambi\u00e9n me parece una excelente instancia de vinculaci\u00f3n de diferentes actores del medio\u00bb.<\/p>\n<\/div><\/section><\/div><div  style='height:50px' class='hr hr-invisible   avia-builder-el-6  el_after_av_one_full  el_before_av_social_share '><span class='hr-inner ' ><span class='hr-inner-style'><\/span><\/span><\/div><\/p>\n<div  class='av-social-sharing-box  avia-builder-el-7  el_after_av_hr  el_before_av_hr  '><div class='av-share-box'><h5 class='av-share-link-description av-no-toc '>Compartir esta noticia<\/h5><ul class='av-share-box-list noLightbox'><li class='av-share-link av-social-link-facebook' ><a target=\"_blank\" aria-label=\"Compartir en Facebook\" href='https:\/\/www.facebook.com\/sharer.php?u=https:\/\/radiorevelacionfm.cl\/?p=28872&#038;t=Andrea%20Mac%C3%ADas%20y%20creaci%C3%B3n%20de%20una%20Corporaci%C3%B3n%20de%20Desarrollo%20Regional%3A%20%C2%ABEs%20un%20instrumento%20que%20permite%20mayores%20oportunidades%C2%BB' aria-hidden='false' data-av_icon='\ue8f3' data-av_iconfont='entypo-fontello' title='' data-avia-related-tooltip='Compartir en Facebook' rel=\"noopener\"><span class='avia_hidden_link_text'>Compartir en Facebook<\/span><\/a><\/li><li class='av-share-link av-social-link-twitter' ><a target=\"_blank\" aria-label=\"Compartir en Twitter\" href='https:\/\/twitter.com\/share?text=Andrea%20Mac%C3%ADas%20y%20creaci%C3%B3n%20de%20una%20Corporaci%C3%B3n%20de%20Desarrollo%20Regional%3A%20%C2%ABEs%20un%20instrumento%20que%20permite%20mayores%20oportunidades%C2%BB&#038;url=https:\/\/radiorevelacionfm.cl\/?p=28872' aria-hidden='false' data-av_icon='\ue8f1' data-av_iconfont='entypo-fontello' title='' data-avia-related-tooltip='Compartir en Twitter' rel=\"noopener\"><span class='avia_hidden_link_text'>Compartir en Twitter<\/span><\/a><\/li><li class='av-share-link av-social-link-whatsapp' ><a target=\"_blank\" aria-label=\"Compartir en Whatsapp\" href='https:\/\/api.whatsapp.com\/send?text=https:\/\/radiorevelacionfm.cl\/?p=28872' aria-hidden='false' data-av_icon='\uf232' data-av_iconfont='entypo-fontello' title='' data-avia-related-tooltip='Compartir en Whatsapp' rel=\"noopener\"><span class='avia_hidden_link_text'>Compartir en Whatsapp<\/span><\/a><\/li><li class='av-share-link av-social-link-linkedin' ><a target=\"_blank\" aria-label=\"Compartir en LinkedIn\" href='https:\/\/linkedin.com\/shareArticle?mini=true&#038;title=Andrea%20Mac%C3%ADas%20y%20creaci%C3%B3n%20de%20una%20Corporaci%C3%B3n%20de%20Desarrollo%20Regional%3A%20%C2%ABEs%20un%20instrumento%20que%20permite%20mayores%20oportunidades%C2%BB&#038;url=https:\/\/radiorevelacionfm.cl\/?p=28872' aria-hidden='false' data-av_icon='\ue8fc' data-av_iconfont='entypo-fontello' title='' data-avia-related-tooltip='Compartir en LinkedIn' rel=\"noopener\"><span class='avia_hidden_link_text'>Compartir en LinkedIn<\/span><\/a><\/li><li class='av-share-link av-social-link-mail' ><a  aria-label=\"Compartir por correo\" href='mailto:?subject=Andrea%20Mac%C3%ADas%20y%20creaci%C3%B3n%20de%20una%20Corporaci%C3%B3n%20de%20Desarrollo%20Regional%3A%20%C2%ABEs%20un%20instrumento%20que%20permite%20mayores%20oportunidades%C2%BB&#038;body=https:\/\/radiorevelacionfm.cl\/?p=28872' aria-hidden='false' data-av_icon='\ue805' data-av_iconfont='entypo-fontello' title='' data-avia-related-tooltip='Compartir por correo'><span class='avia_hidden_link_text'>Compartir por correo<\/span><\/a><\/li><\/ul><\/div><\/div>\n<div  style='height:50px' class='hr hr-invisible   avia-builder-el-8  el_after_av_social_share  el_before_av_comments_list '><span class='hr-inner ' ><span class='hr-inner-style'><\/span><\/span><\/div>\n<div  class='av-buildercomment  av-blog-meta-html-info-disabled av-blog-meta-tag-disabled  '><\/div>\n","protected":false},"excerpt":{"rendered":"","protected":false},"author":1,"featured_media":28873,"comment_status":"open","ping_status":"open","sticky":false,"template":"","format":"standard","meta":{"footnotes":""},"categories":[38],"tags":[],"class_list":["post-28872","post","type-post","status-publish","format-standard","has-post-thumbnail","hentry","category-regional"],"jetpack_featured_media_url":"https:\/\/radiorevelacionfm.cl\/wp-content\/uploads\/2023\/03\/corporaciOn-1-1_optimized.jpeg","_links":{"self":[{"href":"https:\/\/radiorevelacionfm.cl\/index.php?rest_route=\/wp\/v2\/posts\/28872","targetHints":{"allow":["GET"]}}],"collection":[{"href":"https:\/\/radiorevelacionfm.cl\/index.php?rest_route=\/wp\/v2\/posts"}],"about":[{"href":"https:\/\/radiorevelacionfm.cl\/index.php?rest_route=\/wp\/v2\/types\/post"}],"author":[{"embeddable":true,"href":"https:\/\/radiorevelacionfm.cl\/index.php?rest_route=\/wp\/v2\/users\/1"}],"replies":[{"embeddable":true,"href":"https:\/\/radiorevelacionfm.cl\/index.php?rest_route=%2Fwp%2Fv2%2Fcomments&post=28872"}],"version-history":[{"count":2,"href":"https:\/\/radiorevelacionfm.cl\/index.php?rest_route=\/wp\/v2\/posts\/28872\/revisions"}],"predecessor-version":[{"id":28895,"href":"https:\/\/radiorevelacionfm.cl\/index.php?rest_route=\/wp\/v2\/posts\/28872\/revisions\/28895"}],"wp:featuredmedia":[{"embeddable":true,"href":"https:\/\/radiorevelacionfm.cl\/index.php?rest_route=\/wp\/v2\/media\/28873"}],"wp:attachment":[{"href":"https:\/\/radiorevelacionfm.cl\/index.php?rest_route=%2Fwp%2Fv2%2Fmedia&parent=28872"}],"wp:term":[{"taxonomy":"category","embeddable":true,"href":"https:\/\/radiorevelacionfm.cl\/index.php?rest_route=%2Fwp%2Fv2%2Fcategories&post=28872"},{"taxonomy":"post_tag","embeddable":true,"href":"https:\/\/radiorevelacionfm.cl\/index.php?rest_route=%2Fwp%2Fv2%2Ftags&post=28872"}],"curies":[{"name":"wp","href":"https:\/\/api.w.org\/{rel}","templated":true}]}}