{"id":28864,"date":"2023-03-14T20:27:22","date_gmt":"2023-03-14T23:27:22","guid":{"rendered":"https:\/\/radiorevelacionfm.cl\/?p=28864"},"modified":"2023-03-14T20:27:22","modified_gmt":"2023-03-14T23:27:22","slug":"carabineros-de-coyhaique-detuvo-a-imputado-por-homicidio-y-encuentra-arma-blanca-en-el-sitio-del-suceso","status":"publish","type":"post","link":"https:\/\/radiorevelacionfm.cl\/?p=28864","title":{"rendered":"Carabineros de Coyhaique detuvo a imputado por homicidio y encuentra arma blanca en el sitio del suceso"},"content":{"rendered":"<div class=\"flex_column av_one_full  flex_column_div av-zero-column-padding first  avia-builder-el-0  el_before_av_one_full  avia-builder-el-first  \" style='border-radius:0px; '><div  class='avia-image-container  av-styling-    avia-builder-el-1  avia-builder-el-no-sibling  avia-align-center '  itemprop=\"image\" itemscope=\"itemscope\" itemtype=\"https:\/\/schema.org\/ImageObject\"  ><div class='avia-image-container-inner'><div class='avia-image-overlay-wrap'><img decoding=\"async\" class='wp-image-28865 avia-img-lazy-loading-not-28865 avia_image' src=\"https:\/\/radiorevelacionfm.cl\/wp-content\/uploads\/2023\/03\/FrMZD6HXsAcu5W2-1-1.jpg\" alt='' title='FrMZD6HXsAcu5W2 (1) (1)' height=\"600\" width=\"800\"  itemprop=\"thumbnailUrl\" srcset=\"https:\/\/radiorevelacionfm.cl\/wp-content\/uploads\/2023\/03\/FrMZD6HXsAcu5W2-1-1.jpg 800w, https:\/\/radiorevelacionfm.cl\/wp-content\/uploads\/2023\/03\/FrMZD6HXsAcu5W2-1-1-300x225.jpg 300w, https:\/\/radiorevelacionfm.cl\/wp-content\/uploads\/2023\/03\/FrMZD6HXsAcu5W2-1-1-768x576.jpg 768w, https:\/\/radiorevelacionfm.cl\/wp-content\/uploads\/2023\/03\/FrMZD6HXsAcu5W2-1-1-705x529.jpg 705w, https:\/\/radiorevelacionfm.cl\/wp-content\/uploads\/2023\/03\/FrMZD6HXsAcu5W2-1-1-600x450.jpg 600w\" sizes=\"(max-width: 800px) 100vw, 800px\" \/><\/div><\/div><\/div><\/div><div class=\"flex_column av_one_full  flex_column_div av-zero-column-padding first  avia-builder-el-2  el_after_av_one_full  el_before_av_one_full  column-top-margin\" style='border-radius:0px; '><section class=\"av_textblock_section \"  itemscope=\"itemscope\" itemtype=\"https:\/\/schema.org\/BlogPosting\" itemprop=\"blogPost\" ><div class='avia_textblock  '   itemprop=\"text\" ><p style=\"text-align: center;\"><strong><span style=\"font-size: 18pt;\">Carabineros de Coyhaique detuvo a imputado por homicidio y encuentra arma blanca en el sitio del suceso<\/span><\/strong><\/p>\n<div id=\"gtx-trans\" style=\"position: absolute; left: -50px; top: 4.31534px;\">\n<div class=\"gtx-trans-icon\"><\/div>\n<\/div>\n<\/div><\/section><\/div><div class=\"flex_column av_one_full  flex_column_div av-zero-column-padding first  avia-builder-el-4  el_after_av_one_full  el_before_av_hr  column-top-margin\" style='border-radius:0px; '><section class=\"av_textblock_section \"  itemscope=\"itemscope\" itemtype=\"https:\/\/schema.org\/BlogPosting\" itemprop=\"blogPost\" ><div class='avia_textblock  '   itemprop=\"text\" ><p class=\"v1MsoNormal\" style=\"text-align: justify;\">La denuncia oportuna sumado al r\u00e1pido actuar por parte de Carabineros de la 1ra. Comisar\u00eda de Coyhaique, permiti\u00f3 la detenci\u00f3n en tiempo r\u00e9cord de un sujeto de 22 a\u00f1os de edad, imputado por un delito de homicidio, hecho ocurrido en el transcurso de la ma\u00f1ana de este martes en el sector alto de esta ciudad.<\/p>\n<p class=\"v1MsoNormal\" style=\"text-align: justify;\">Seg\u00fan indic\u00f3 el Comisario de esta Unidad, Mayor Franco Herrera Quezada, siendo aproximadamente las 10:00 horas, Carabineros tom\u00f3 conocimiento sobre este hecho ocurrido al interior de un domicilio de calle Cerro Colorado.<\/p>\n<p class=\"v1MsoNormal\" style=\"text-align: justify;\">\u00abTres personas adultas, nacionales, masculinas se encontraban al interior de esta residencia y hab\u00edan mantenido una convivencia con ingesta de bebidas alcoh\u00f3licas. Fue as\u00ed que esta situaci\u00f3n gener\u00f3 una discusi\u00f3n (&#8230;) y uno de ellos le propin\u00f3 una herida con arma blanca cortopunzante en el t\u00f3rax, situaci\u00f3n que ocasion\u00f3 el deceso inmediato de la persona lesionada (de 28 a\u00f1os de edad)\u00bb, expres\u00f3 el Oficial Jefe, quien lament\u00f3 el hecho.<\/p>\n<p class=\"v1MsoNormal\" style=\"text-align: justify;\">Una vez conocido el hecho, Carabineros se traslad\u00f3 de manera inmediata al lugar, dando paso a las primeras diligencias, aislando el sitio del suceso sumado al empadronamiento de testigos, con la finalidad de obtener antecedentes que permitan el esclarecimiento de este hecho, cuyas causas constituyen materia de investigaci\u00f3n.<\/p>\n<p class=\"v1MsoNormal\" style=\"text-align: justify;\">\u00abPersonal de Carabineros al llegar al sitio del suceso, pudo dar con el paradero del victimario, quien fue detenido en el acto, tiene 22 a\u00f1os de edad y es residente de la comuna de Coyhaique\u00bb, indic\u00f3 el Mayor Herrera.<\/p>\n<p class=\"v1MsoNormal\" style=\"text-align: justify;\">El detenido registra tres detenciones previas por los delitos de maltrato de obra a Carabineros, porte de arma blanca y contra la salud p\u00fablica.<\/p>\n<p class=\"v1MsoNormal\" style=\"text-align: justify;\">Seg\u00fan indic\u00f3 el Comisario de Coyhaique, el personal logr\u00f3 encontrar en la escena del crimen el arma homicida, en tanto que los antecedentes del procedimiento fueron puestos en conocimiento del Ministerio P\u00fablico que dirige investigaci\u00f3n por este hecho, siendo las diligencias encomendadas a la Brigada de Homicidios de la PDI.<\/p>\n<p class=\"v1MsoNormal\" style=\"text-align: justify;\">El sujeto fue entregado a la Polic\u00eda de Investigaciones -mientras contin\u00faa el desarrollo de diversas diligencias orientadas al esclarecimiento de este delito- el cual ser\u00e1 derivado dentro de las pr\u00f3ximas horas al Juzgado de Garant\u00eda de Coyhaique para la audiencia de control de detenci\u00f3n por este hecho.<\/p>\n<\/div><\/section><\/div><div  style='height:50px' class='hr hr-invisible   avia-builder-el-6  el_after_av_one_full  el_before_av_social_share '><span class='hr-inner ' ><span class='hr-inner-style'><\/span><\/span><\/div><\/p>\n<div  class='av-social-sharing-box  avia-builder-el-7  el_after_av_hr  el_before_av_hr  '><div class='av-share-box'><h5 class='av-share-link-description av-no-toc '>Compartir esta noticia<\/h5><ul class='av-share-box-list noLightbox'><li class='av-share-link av-social-link-facebook' ><a target=\"_blank\" aria-label=\"Compartir en Facebook\" href='https:\/\/www.facebook.com\/sharer.php?u=https:\/\/radiorevelacionfm.cl\/?p=28864&#038;t=Carabineros%20de%20Coyhaique%20detuvo%20a%20imputado%20por%20homicidio%20y%20encuentra%20arma%20blanca%20en%20el%20sitio%20del%20suceso' aria-hidden='false' data-av_icon='\ue8f3' data-av_iconfont='entypo-fontello' title='' data-avia-related-tooltip='Compartir en Facebook' rel=\"noopener\"><span class='avia_hidden_link_text'>Compartir en Facebook<\/span><\/a><\/li><li class='av-share-link av-social-link-twitter' ><a target=\"_blank\" aria-label=\"Compartir en Twitter\" href='https:\/\/twitter.com\/share?text=Carabineros%20de%20Coyhaique%20detuvo%20a%20imputado%20por%20homicidio%20y%20encuentra%20arma%20blanca%20en%20el%20sitio%20del%20suceso&#038;url=https:\/\/radiorevelacionfm.cl\/?p=28864' aria-hidden='false' data-av_icon='\ue8f1' data-av_iconfont='entypo-fontello' title='' data-avia-related-tooltip='Compartir en Twitter' rel=\"noopener\"><span class='avia_hidden_link_text'>Compartir en Twitter<\/span><\/a><\/li><li class='av-share-link av-social-link-whatsapp' ><a target=\"_blank\" aria-label=\"Compartir en Whatsapp\" href='https:\/\/api.whatsapp.com\/send?text=https:\/\/radiorevelacionfm.cl\/?p=28864' aria-hidden='false' data-av_icon='\uf232' data-av_iconfont='entypo-fontello' title='' data-avia-related-tooltip='Compartir en Whatsapp' rel=\"noopener\"><span class='avia_hidden_link_text'>Compartir en Whatsapp<\/span><\/a><\/li><li class='av-share-link av-social-link-linkedin' ><a target=\"_blank\" aria-label=\"Compartir en LinkedIn\" href='https:\/\/linkedin.com\/shareArticle?mini=true&#038;title=Carabineros%20de%20Coyhaique%20detuvo%20a%20imputado%20por%20homicidio%20y%20encuentra%20arma%20blanca%20en%20el%20sitio%20del%20suceso&#038;url=https:\/\/radiorevelacionfm.cl\/?p=28864' aria-hidden='false' data-av_icon='\ue8fc' data-av_iconfont='entypo-fontello' title='' data-avia-related-tooltip='Compartir en LinkedIn' rel=\"noopener\"><span class='avia_hidden_link_text'>Compartir en LinkedIn<\/span><\/a><\/li><li class='av-share-link av-social-link-mail' ><a  aria-label=\"Compartir por correo\" href='mailto:?subject=Carabineros%20de%20Coyhaique%20detuvo%20a%20imputado%20por%20homicidio%20y%20encuentra%20arma%20blanca%20en%20el%20sitio%20del%20suceso&#038;body=https:\/\/radiorevelacionfm.cl\/?p=28864' aria-hidden='false' data-av_icon='\ue805' data-av_iconfont='entypo-fontello' title='' data-avia-related-tooltip='Compartir por correo'><span class='avia_hidden_link_text'>Compartir por correo<\/span><\/a><\/li><\/ul><\/div><\/div>\n<div  style='height:50px' class='hr hr-invisible   avia-builder-el-8  el_after_av_social_share  el_before_av_comments_list '><span class='hr-inner ' ><span class='hr-inner-style'><\/span><\/span><\/div>\n<div  class='av-buildercomment  av-blog-meta-html-info-disabled av-blog-meta-tag-disabled  '><\/div>\n","protected":false},"excerpt":{"rendered":"","protected":false},"author":1,"featured_media":28865,"comment_status":"open","ping_status":"open","sticky":false,"template":"","format":"standard","meta":{"footnotes":""},"categories":[36],"tags":[],"class_list":["post-28864","post","type-post","status-publish","format-standard","has-post-thumbnail","hentry","category-policial"],"jetpack_featured_media_url":"https:\/\/radiorevelacionfm.cl\/wp-content\/uploads\/2023\/03\/FrMZD6HXsAcu5W2-1-1.jpg","_links":{"self":[{"href":"https:\/\/radiorevelacionfm.cl\/index.php?rest_route=\/wp\/v2\/posts\/28864","targetHints":{"allow":["GET"]}}],"collection":[{"href":"https:\/\/radiorevelacionfm.cl\/index.php?rest_route=\/wp\/v2\/posts"}],"about":[{"href":"https:\/\/radiorevelacionfm.cl\/index.php?rest_route=\/wp\/v2\/types\/post"}],"author":[{"embeddable":true,"href":"https:\/\/radiorevelacionfm.cl\/index.php?rest_route=\/wp\/v2\/users\/1"}],"replies":[{"embeddable":true,"href":"https:\/\/radiorevelacionfm.cl\/index.php?rest_route=%2Fwp%2Fv2%2Fcomments&post=28864"}],"version-history":[{"count":2,"href":"https:\/\/radiorevelacionfm.cl\/index.php?rest_route=\/wp\/v2\/posts\/28864\/revisions"}],"predecessor-version":[{"id":28871,"href":"https:\/\/radiorevelacionfm.cl\/index.php?rest_route=\/wp\/v2\/posts\/28864\/revisions\/28871"}],"wp:featuredmedia":[{"embeddable":true,"href":"https:\/\/radiorevelacionfm.cl\/index.php?rest_route=\/wp\/v2\/media\/28865"}],"wp:attachment":[{"href":"https:\/\/radiorevelacionfm.cl\/index.php?rest_route=%2Fwp%2Fv2%2Fmedia&parent=28864"}],"wp:term":[{"taxonomy":"category","embeddable":true,"href":"https:\/\/radiorevelacionfm.cl\/index.php?rest_route=%2Fwp%2Fv2%2Fcategories&post=28864"},{"taxonomy":"post_tag","embeddable":true,"href":"https:\/\/radiorevelacionfm.cl\/index.php?rest_route=%2Fwp%2Fv2%2Ftags&post=28864"}],"curies":[{"name":"wp","href":"https:\/\/api.w.org\/{rel}","templated":true}]}}