{"id":28861,"date":"2023-03-15T09:58:14","date_gmt":"2023-03-15T12:58:14","guid":{"rendered":"https:\/\/radiorevelacionfm.cl\/?p=28861"},"modified":"2023-03-15T09:58:14","modified_gmt":"2023-03-15T12:58:14","slug":"pdi-aysen-realiza-ceremonia-de-reconocimiento-a-equipos-microtrafico-cero-de-la-region","status":"publish","type":"post","link":"https:\/\/radiorevelacionfm.cl\/?p=28861","title":{"rendered":"PDI Ays\u00e9n realiza ceremonia de reconocimiento a equipos Microtr\u00e1fico Cero de la regi\u00f3n"},"content":{"rendered":"<div class=\"flex_column av_one_full  flex_column_div av-zero-column-padding first  avia-builder-el-0  el_before_av_one_full  avia-builder-el-first  \" style='border-radius:0px; '><div  class='avia-image-container  av-styling-    avia-builder-el-1  avia-builder-el-no-sibling  avia-align-center '  itemprop=\"image\" itemscope=\"itemscope\" itemtype=\"https:\/\/schema.org\/ImageObject\"  ><div class='avia-image-container-inner'><div class='avia-image-overlay-wrap'><img decoding=\"async\" class='wp-image-28862 avia-img-lazy-loading-not-28862 avia_image' src=\"https:\/\/radiorevelacionfm.cl\/wp-content\/uploads\/2023\/03\/Reconocimiento-MT0-Aysen-000-1-1.jpg\" alt='' title='Reconocimiento MT0 Ays\u00e9n 000 (1) (1)' height=\"600\" width=\"900\"  itemprop=\"thumbnailUrl\" srcset=\"https:\/\/radiorevelacionfm.cl\/wp-content\/uploads\/2023\/03\/Reconocimiento-MT0-Aysen-000-1-1.jpg 900w, https:\/\/radiorevelacionfm.cl\/wp-content\/uploads\/2023\/03\/Reconocimiento-MT0-Aysen-000-1-1-300x200.jpg 300w, https:\/\/radiorevelacionfm.cl\/wp-content\/uploads\/2023\/03\/Reconocimiento-MT0-Aysen-000-1-1-768x512.jpg 768w, https:\/\/radiorevelacionfm.cl\/wp-content\/uploads\/2023\/03\/Reconocimiento-MT0-Aysen-000-1-1-705x470.jpg 705w, https:\/\/radiorevelacionfm.cl\/wp-content\/uploads\/2023\/03\/Reconocimiento-MT0-Aysen-000-1-1-600x400.jpg 600w\" sizes=\"(max-width: 900px) 100vw, 900px\" \/><\/div><\/div><\/div><\/div><div class=\"flex_column av_one_full  flex_column_div av-zero-column-padding first  avia-builder-el-2  el_after_av_one_full  el_before_av_one_full  column-top-margin\" style='border-radius:0px; '><section class=\"av_textblock_section \"  itemscope=\"itemscope\" itemtype=\"https:\/\/schema.org\/BlogPosting\" itemprop=\"blogPost\" ><div class='avia_textblock  '   itemprop=\"text\" ><p style=\"text-align: center;\"><span style=\"font-size: 18pt;\"><strong>PDI Ays\u00e9n realiza ceremonia de reconocimiento a equipos Microtr\u00e1fico Cero de la regi\u00f3n<\/strong><\/span><\/p>\n<div id=\"gtx-trans\" style=\"position: absolute; left: -50px; top: 4.31534px;\">\n<div class=\"gtx-trans-icon\"><\/div>\n<\/div>\n<\/div><\/section><\/div><div class=\"flex_column av_one_full  flex_column_div av-zero-column-padding first  avia-builder-el-4  el_after_av_one_full  el_before_av_hr  column-top-margin\" style='border-radius:0px; '><section class=\"av_textblock_section \"  itemscope=\"itemscope\" itemtype=\"https:\/\/schema.org\/BlogPosting\" itemprop=\"blogPost\" ><div class='avia_textblock  '   itemprop=\"text\" ><p style=\"text-align: justify;\">Este martes 14 de marzo, en dependencias del Complejo Policial Coyhaique de la Polic\u00eda de Investigaciones de Chile, la Regi\u00f3n Policial de Ays\u00e9n del General Carlos Ib\u00e1\u00f1ez del Campo llev\u00f3 a cabo la ceremonia de Reconocimiento por el Premio a la Excelencia en el \u00c1rea Antinarc\u00f3ticos, obtenido por la PDI en el \u201cWorld Police Summit Awards 2023\u201d desarrollado en Dub\u00e1i, recientemente.<\/p>\n<p style=\"text-align: justify;\">Durante la actividad, el jefe de la Regi\u00f3n Policial de Ays\u00e9n, prefecto Luis Torralba Ram\u00edrez, destac\u00f3 que \u201cel plan MT-0 es una innovadora estrategia policial, orientada a atacar el microtr\u00e1fico de drogas, que nace en la PDI a partir del an\u00e1lisis situacional para enfrentar la victimizaci\u00f3n e inseguridad generada por el consumo, venta y distribuci\u00f3n il\u00edcita de drogas en los barrios\u201d.<\/p>\n<p style=\"text-align: justify;\">Sobre el reconocimiento recibido por el Director General Sergio Mu\u00f1oz Y\u00e1\u00f1ez, en representaci\u00f3n de la PDI, durante la versi\u00f3n 2023 de la conferencia m\u00e1s importante del mundo en temas policiales, el jefe regional de Ays\u00e9n se\u00f1al\u00f3 que \u201cestos resultados avalan el \u00e9xito de esta estrategia, trabajo de las agrupaciones MT-0 que va en directo beneficio de nuestra sociedad, detectives especializados que siguen contribuyendo y respondiendo a lo que esperan los ciudadanos, mayor y mejor seguridad\u201d.<\/p>\n<p style=\"text-align: justify;\">Del mismo modo, el Fiscal Regional Subrogante de Ays\u00e9n, Jos\u00e9 Moris Ferrando, felicit\u00f3 a la Polic\u00eda de Investigaciones \u201cpor el excelente trabajo que han realizado en la Regi\u00f3n de Ays\u00e9n y, naturalmente, a nivel pa\u00eds, por este premio internacional otorgado a la PDI en Dub\u00e1i\u201d, agregando que \u201cefectivamente, el trabajo coordinado y sistem\u00e1tico de la PDI con la Fiscal\u00eda, ha permitido desbaratar una serie de bandas y recuperar cantidades r\u00e9cord de droga en la regi\u00f3n\u201d.<\/p>\n<p style=\"text-align: justify;\">El persecutor penal valor\u00f3 el trabajo de los equipos especializados, precisando que \u201cen lo que respecta al trabajo del MT-0, \u00e9ste impacta directamente en las poblaciones para efectos de desarticular los puntos de venta y abastecimiento de drogas que afectan directamente la salud p\u00fablica y favorecen la comisi\u00f3n de delitos conexos, por lo que, sin duda, este reconocimiento mundial es sumamente importante\u201d.<\/p>\n<p style=\"text-align: justify;\">En la actividad, participaron el Fiscal Regional Subrogante de Ays\u00e9n, Jos\u00e9 Moris Ferrando, el Defensor Regional de Ays\u00e9n, Jorge Moraga Torres, el Subprefecto de la Prefectura Ays\u00e9n de Carabineros, Teniente Coronel Juan Mu\u00f1oz Gaete, el Concejal de la Ilustre Municipalidad de Coyhaique, Fidel Pinilla Andrade, el Director Regional de Aduanas, V\u00edctor Valenzuela Mill\u00e1n, el Director Regional (S) del Servicio Nacional de Drogas, Carlos Jara Nehuel, y el Jefe Operativo Regional de Gendarmer\u00eda, Jefe Operativo Regional, Capit\u00e1n Karim Laibe Monsalve.<\/p>\n<p style=\"text-align: justify;\"><strong>Algunas cifras<\/strong><\/p>\n<p style=\"text-align: justify;\">A nivel operativo, desde 2014 a la fecha, en el marco del Plan MT0 la PDI ha incautado 4,4 toneladas de droga, 2.192 armas y detenido a 23.948 personas. Ello, en un total de 27.331 procedimientos, en los que se han intervenido 10.089 puntos de venta de droga en peque\u00f1as cantidades, de los cuales\u00a04.144 se encontraban cercanos a establecimientos de educaci\u00f3n.<\/p>\n<p style=\"text-align: justify;\">Desde la PDI Ays\u00e9n informaron que, respecto a la gesti\u00f3n de las agrupaciones Microtr\u00e1fico Cero presentes en Coyhaique y Puerto Ays\u00e9n, durante el a\u00f1o 2022 los detectives especializados en microtr\u00e1fico de drogas desarrollaron 28 procedimientos, logrando detener a 32 personas y reducir e intervenir 18 puntos de tr\u00e1fico en peque\u00f1as cantidades.<\/p>\n<p style=\"text-align: justify;\">Este trabajo posibilit\u00f3 la incautaci\u00f3n de 1.344,46 gramos de cannabis procesada y 928,08 gramos de clorhidrato de coca\u00edna, cuyo aval\u00fao comercial asciende a $38.728.500, adem\u00e1s, $4.573.850 de dinero en efectivo producto de la venta al menudeo de las sustancias il\u00edcitas.<\/p>\n<\/div><\/section><\/div><div  style='height:50px' class='hr hr-invisible   avia-builder-el-6  el_after_av_one_full  el_before_av_social_share '><span class='hr-inner ' ><span class='hr-inner-style'><\/span><\/span><\/div><\/p>\n<div  class='av-social-sharing-box  avia-builder-el-7  el_after_av_hr  el_before_av_hr  '><div class='av-share-box'><h5 class='av-share-link-description av-no-toc '>Compartir esta noticia<\/h5><ul class='av-share-box-list noLightbox'><li class='av-share-link av-social-link-facebook' ><a target=\"_blank\" aria-label=\"Compartir en Facebook\" href='https:\/\/www.facebook.com\/sharer.php?u=https:\/\/radiorevelacionfm.cl\/?p=28861&#038;t=PDI%20Ays%C3%A9n%20realiza%20ceremonia%20de%20reconocimiento%20a%20equipos%20Microtr%C3%A1fico%20Cero%20de%20la%20regi%C3%B3n' aria-hidden='false' data-av_icon='\ue8f3' data-av_iconfont='entypo-fontello' title='' data-avia-related-tooltip='Compartir en Facebook' rel=\"noopener\"><span class='avia_hidden_link_text'>Compartir en Facebook<\/span><\/a><\/li><li class='av-share-link av-social-link-twitter' ><a target=\"_blank\" aria-label=\"Compartir en Twitter\" href='https:\/\/twitter.com\/share?text=PDI%20Ays%C3%A9n%20realiza%20ceremonia%20de%20reconocimiento%20a%20equipos%20Microtr%C3%A1fico%20Cero%20de%20la%20regi%C3%B3n&#038;url=https:\/\/radiorevelacionfm.cl\/?p=28861' aria-hidden='false' data-av_icon='\ue8f1' data-av_iconfont='entypo-fontello' title='' data-avia-related-tooltip='Compartir en Twitter' rel=\"noopener\"><span class='avia_hidden_link_text'>Compartir en Twitter<\/span><\/a><\/li><li class='av-share-link av-social-link-whatsapp' ><a target=\"_blank\" aria-label=\"Compartir en Whatsapp\" href='https:\/\/api.whatsapp.com\/send?text=https:\/\/radiorevelacionfm.cl\/?p=28861' aria-hidden='false' data-av_icon='\uf232' data-av_iconfont='entypo-fontello' title='' data-avia-related-tooltip='Compartir en Whatsapp' rel=\"noopener\"><span class='avia_hidden_link_text'>Compartir en Whatsapp<\/span><\/a><\/li><li class='av-share-link av-social-link-linkedin' ><a target=\"_blank\" aria-label=\"Compartir en LinkedIn\" href='https:\/\/linkedin.com\/shareArticle?mini=true&#038;title=PDI%20Ays%C3%A9n%20realiza%20ceremonia%20de%20reconocimiento%20a%20equipos%20Microtr%C3%A1fico%20Cero%20de%20la%20regi%C3%B3n&#038;url=https:\/\/radiorevelacionfm.cl\/?p=28861' aria-hidden='false' data-av_icon='\ue8fc' data-av_iconfont='entypo-fontello' title='' data-avia-related-tooltip='Compartir en LinkedIn' rel=\"noopener\"><span class='avia_hidden_link_text'>Compartir en LinkedIn<\/span><\/a><\/li><li class='av-share-link av-social-link-mail' ><a  aria-label=\"Compartir por correo\" href='mailto:?subject=PDI%20Ays%C3%A9n%20realiza%20ceremonia%20de%20reconocimiento%20a%20equipos%20Microtr%C3%A1fico%20Cero%20de%20la%20regi%C3%B3n&#038;body=https:\/\/radiorevelacionfm.cl\/?p=28861' aria-hidden='false' data-av_icon='\ue805' data-av_iconfont='entypo-fontello' title='' data-avia-related-tooltip='Compartir por correo'><span class='avia_hidden_link_text'>Compartir por correo<\/span><\/a><\/li><\/ul><\/div><\/div>\n<div  style='height:50px' class='hr hr-invisible   avia-builder-el-8  el_after_av_social_share  el_before_av_comments_list '><span class='hr-inner ' ><span class='hr-inner-style'><\/span><\/span><\/div>\n<div  class='av-buildercomment  av-blog-meta-html-info-disabled av-blog-meta-tag-disabled  '><\/div>\n","protected":false},"excerpt":{"rendered":"","protected":false},"author":1,"featured_media":28862,"comment_status":"open","ping_status":"open","sticky":false,"template":"","format":"standard","meta":{"footnotes":""},"categories":[36],"tags":[],"class_list":["post-28861","post","type-post","status-publish","format-standard","has-post-thumbnail","hentry","category-policial"],"jetpack_featured_media_url":"https:\/\/radiorevelacionfm.cl\/wp-content\/uploads\/2023\/03\/Reconocimiento-MT0-Aysen-000-1-1.jpg","_links":{"self":[{"href":"https:\/\/radiorevelacionfm.cl\/index.php?rest_route=\/wp\/v2\/posts\/28861","targetHints":{"allow":["GET"]}}],"collection":[{"href":"https:\/\/radiorevelacionfm.cl\/index.php?rest_route=\/wp\/v2\/posts"}],"about":[{"href":"https:\/\/radiorevelacionfm.cl\/index.php?rest_route=\/wp\/v2\/types\/post"}],"author":[{"embeddable":true,"href":"https:\/\/radiorevelacionfm.cl\/index.php?rest_route=\/wp\/v2\/users\/1"}],"replies":[{"embeddable":true,"href":"https:\/\/radiorevelacionfm.cl\/index.php?rest_route=%2Fwp%2Fv2%2Fcomments&post=28861"}],"version-history":[{"count":2,"href":"https:\/\/radiorevelacionfm.cl\/index.php?rest_route=\/wp\/v2\/posts\/28861\/revisions"}],"predecessor-version":[{"id":28885,"href":"https:\/\/radiorevelacionfm.cl\/index.php?rest_route=\/wp\/v2\/posts\/28861\/revisions\/28885"}],"wp:featuredmedia":[{"embeddable":true,"href":"https:\/\/radiorevelacionfm.cl\/index.php?rest_route=\/wp\/v2\/media\/28862"}],"wp:attachment":[{"href":"https:\/\/radiorevelacionfm.cl\/index.php?rest_route=%2Fwp%2Fv2%2Fmedia&parent=28861"}],"wp:term":[{"taxonomy":"category","embeddable":true,"href":"https:\/\/radiorevelacionfm.cl\/index.php?rest_route=%2Fwp%2Fv2%2Fcategories&post=28861"},{"taxonomy":"post_tag","embeddable":true,"href":"https:\/\/radiorevelacionfm.cl\/index.php?rest_route=%2Fwp%2Fv2%2Ftags&post=28861"}],"curies":[{"name":"wp","href":"https:\/\/api.w.org\/{rel}","templated":true}]}}