{"id":28856,"date":"2023-03-15T09:49:08","date_gmt":"2023-03-15T12:49:08","guid":{"rendered":"https:\/\/radiorevelacionfm.cl\/?p=28856"},"modified":"2023-03-15T09:49:08","modified_gmt":"2023-03-15T12:49:08","slug":"director-nacional-s-de-vialidad-mop-jaime-huidobro-vamos-a-aplicar-conjunto-de-medidas-para-la-conservacion-de-los-caminos-en-la-region-de-aysen","status":"publish","type":"post","link":"https:\/\/radiorevelacionfm.cl\/?p=28856","title":{"rendered":"Director Nacional (s) de Vialidad MOP, Jaime Huidobro: \u201cVamos a aplicar conjunto de medidas para la conservaci\u00f3n de los caminos en la regi\u00f3n de Ays\u00e9n\u201d"},"content":{"rendered":"<div class=\"flex_column av_one_full  flex_column_div av-zero-column-padding first  avia-builder-el-0  el_before_av_one_full  avia-builder-el-first  \" style='border-radius:0px; '><div  class='avia-image-container  av-styling-    avia-builder-el-1  avia-builder-el-no-sibling  avia-align-center '  itemprop=\"image\" itemscope=\"itemscope\" itemtype=\"https:\/\/schema.org\/ImageObject\"  ><div class='avia-image-container-inner'><div class='avia-image-overlay-wrap'><img decoding=\"async\" class='wp-image-28857 avia-img-lazy-loading-not-28857 avia_image' src=\"https:\/\/radiorevelacionfm.cl\/wp-content\/uploads\/2023\/03\/reunion-dpr-gore-seremi-dvn-7-1-1_optimized.jpg\" alt='' title='reunion-dpr - -gore - -seremi - - dvn-(7)-(1)-(1)_optimized' height=\"600\" width=\"1069\"  itemprop=\"thumbnailUrl\" srcset=\"https:\/\/radiorevelacionfm.cl\/wp-content\/uploads\/2023\/03\/reunion-dpr-gore-seremi-dvn-7-1-1_optimized.jpg 1069w, https:\/\/radiorevelacionfm.cl\/wp-content\/uploads\/2023\/03\/reunion-dpr-gore-seremi-dvn-7-1-1_optimized-300x168.jpg 300w, https:\/\/radiorevelacionfm.cl\/wp-content\/uploads\/2023\/03\/reunion-dpr-gore-seremi-dvn-7-1-1_optimized-1030x578.jpg 1030w, https:\/\/radiorevelacionfm.cl\/wp-content\/uploads\/2023\/03\/reunion-dpr-gore-seremi-dvn-7-1-1_optimized-768x431.jpg 768w, https:\/\/radiorevelacionfm.cl\/wp-content\/uploads\/2023\/03\/reunion-dpr-gore-seremi-dvn-7-1-1_optimized-705x396.jpg 705w, https:\/\/radiorevelacionfm.cl\/wp-content\/uploads\/2023\/03\/reunion-dpr-gore-seremi-dvn-7-1-1_optimized-600x337.jpg 600w\" sizes=\"(max-width: 1069px) 100vw, 1069px\" \/><\/div><\/div><\/div><\/div><div class=\"flex_column av_one_full  flex_column_div av-zero-column-padding first  avia-builder-el-2  el_after_av_one_full  el_before_av_one_full  column-top-margin\" style='border-radius:0px; '><section class=\"av_textblock_section \"  itemscope=\"itemscope\" itemtype=\"https:\/\/schema.org\/BlogPosting\" itemprop=\"blogPost\" ><div class='avia_textblock  '   itemprop=\"text\" ><p style=\"text-align: center;\"><strong><span style=\"font-size: 18pt;\">Director Nacional (s) de Vialidad MOP, Jaime Huidobro: \u201cVamos a aplicar conjunto de medidas para la conservaci\u00f3n de los caminos en la regi\u00f3n de Ays\u00e9n\u201d<\/span><\/strong><\/p>\n<div id=\"gtx-trans\" style=\"position: absolute; left: -50px; top: 4.31534px;\">\n<div class=\"gtx-trans-icon\"><\/div>\n<\/div>\n<\/div><\/section><\/div><div class=\"flex_column av_one_full  flex_column_div av-zero-column-padding first  avia-builder-el-4  el_after_av_one_full  el_before_av_hr  column-top-margin\" style='border-radius:0px; '><section class=\"av_textblock_section \"  itemscope=\"itemscope\" itemtype=\"https:\/\/schema.org\/BlogPosting\" itemprop=\"blogPost\" ><div class='avia_textblock  '   itemprop=\"text\" ><p style=\"text-align: justify;\">Hasta la ciudad de Coyhaique en la regi\u00f3n de Ays\u00e9n, viaj\u00f3 esta semana el Director Nacional de Vialidad (S) MOP Jaime Huidobro, oportunidad en la que sostuvo diversas reuniones con las m\u00e1ximas autoridades de la regi\u00f3n, con quince gremios del sector tur\u00edstico, transportes, Consejo Regional de Ays\u00e9n y la C\u00e1mara Chilena de la Construcci\u00f3n Filial Coyhaique, con el objeto de escuchar sus necesidades y dar a conocer un conjunto de medidas en las que se est\u00e1 trabajando mancomunadamente con todos los sectores para abordar el mejoramiento de la conservaci\u00f3n de los caminos en la regi\u00f3n de Ays\u00e9n, entregando una clara se\u00f1al del Estado que apunta a dar soluci\u00f3n a esta materia.<\/p>\n<p style=\"text-align: justify;\">En la oportunidad, el Director Nacional de Vialidad-MOP (S) destac\u00f3 como relevante \u201cla aplicaci\u00f3n de tres medidas, entre ellas potenciar la Administraci\u00f3n Directa con maquinaria y personal de otras regiones del pa\u00eds que llegar\u00e1n a la regi\u00f3n de Ays\u00e9n para trabajar en la conservaci\u00f3n de los caminos; activar Decreto de Emergencias y realizar contratos directos y m\u00e1s peque\u00f1os, para entregar mayores oportunidades a las empresas locales (registro de contratistas menores) de acceder a participar en la ejecuci\u00f3n de contratos de conservaci\u00f3n de caminos; y la compra de maquinaria por parte del Gobierno Regional que refuerce labor de Vialidad en el territorio por parte del Ministerio de Obras P\u00fablicas. Estas acciones son parte de un Plan Regional de Conservaci\u00f3n de Caminos que se encuentra en construcci\u00f3n, destinado a dar soluci\u00f3n a la actual situaci\u00f3n de conservaci\u00f3n de los caminos, as\u00ed que dentro de dos semanas m\u00e1s vamos a poder sumar nuevos aportes a este Plan, el que ya hemos presentado en l\u00edneas generales a diversos sectores y sobre el cual estamos recibiendo retroalimentaci\u00f3n, as\u00ed que para nosotros esta es una importante contribuci\u00f3n, una importante oportunidad de trabajar directamente con la comunidad. Hoy nuestra ministra Jessica L\u00f3pez ha ratificado el compromiso absoluto que tiene el Ministerio de Obras P\u00fablicas con la regi\u00f3n de Ays\u00e9n y sus necesidades, as\u00ed que vamos a continuar trabajando para avanzar en estos requerimientos y mejorar la seguridad y transitabilidad de las personas\u201d.<\/p>\n<p style=\"text-align: justify;\">El Secretario Regional Ministerial de Obras P\u00fablicas, Patricio Sanhueza refrend\u00f3 lo indicado por el Director Nacional de Vialidad (S) y agreg\u00f3 \u201c nos reunimos con la C\u00e1mara Chilena de la Construcci\u00f3n para poder hacer llamado a contratos de menores montos que permitan aumentar la oferta de empresas que puedan ejecutar estos contratos y\u00a0 ellos ofrecieron todo su apoyo, as\u00ed que seguiremos en conversaciones para indicarles claramente las \u00e1reas donde vamos a trabajar, explicarles los tipos de contratos que se realizar\u00e1n, que son rutinarios y que consideran operaciones bastantes acotadas y estandarizadas, as\u00ed que buscamos continuar esta alianza la que nos permitir\u00e1 dar continuidad a los trabajadores para poder incorporar fuerza laboral que hoy d\u00eda pueda estar sin trabajo. Estimamos que esos contratos directos deber\u00edan terminar aproximadamente el segundo semestre del a\u00f1o en curso, momento en el que vamos a volver a la normalidad para adjudicar gran parte de los contratos de Conservaci\u00f3n Global de Caminos en sus diversas modalidades\u201d.<\/p>\n<p style=\"text-align: justify;\">Consultado al respecto, el Delegado Presidencial en la Regi\u00f3n de Ays\u00e9n, Rodrigo Araya, indic\u00f3 \u201cTenemos el apoyo del Ministerio de Obras P\u00fablicas para contar con recursos para superar esta situaci\u00f3n en la que estamos en la regi\u00f3n y eso significa varias medidas en cadena. Una primera medida es tremendamente importante que es la generaci\u00f3n en este minuto de un Decreto de Emergencia que se est\u00e1 elaborando para darnos la oportunidad administrativa de contar con recursos para resolver esto lo antes posible con maquinaria, la que tambi\u00e9n nos va a poder ayudar a resolver este d\u00e9ficit que nos ha dejado la p\u00e9rdida de empresas en los contratos de Conservaci\u00f3n Global en nuestra regi\u00f3n. De ocho contratos, hay un contrato de Conservaci\u00f3n Global de Caminos que se encuentra trabajando de manera satisfactoria. Eso tambi\u00e9n va de la mano con otras medidas que nos permiten ir recuperando contratos en los pr\u00f3ximos meses para llegar a la licitaci\u00f3n de proyectos de conservaci\u00f3n vial global de manera m\u00e1s regular y con mayor \u00e9nfasis el segundo semestre de este a\u00f1o\u201d.<\/p>\n<p style=\"text-align: justify;\">En cuanto a la presentaci\u00f3n realizada en la reuni\u00f3n con las Asociaciones de Transportes y de Operadores Tur\u00edsticos, que han manifestado su importante preocupaci\u00f3n por la conservaci\u00f3n de caminos no pavimentados, solicitando a las autoridades su urgente intervenci\u00f3n para disminuir tiempos de viaje que impacta en el sector turismo, las autoridades regional y nacional del Ministerio de Obras P\u00fablicas, informaron las opciones para reponer la transitabilidad con acciones a corto plazo con el refuerzo de la maquinaria de administraci\u00f3n de la Direcci\u00f3n de Vialidad, y las licitaciones a empresas en curso, complementado con contratos espec\u00edficos amparados en el Decreto de emergencia que se espera tramitar en los pr\u00f3ximos d\u00edas.<\/p>\n<p style=\"text-align: justify;\">Por su parte, la Gobernadora Regional Andrea Mac\u00edas indic\u00f3 \u201cNosotros estamos en un proceso de revisi\u00f3n del Convenio de Programaci\u00f3n dado que el compromiso del presidente, del ministro y la ratificaci\u00f3n que hizo el Director Nacional de Vialidad respecto de que ser\u00e1 el Ministerio de Obras P\u00fablicas quienes se har\u00e1n cargo del financiamiento del resto de\u00a0 la pavimentaci\u00f3n de la Ruta 7, nos permite a nosotros revisar nuestro convenio de programaci\u00f3n y estamos viendo alternativas para adquirir maquinarias que es lo que hoy se necesita \u2013son 3.500 km de red vial y se cuenta s\u00f3lo con 11 maquinarias para su atenci\u00f3n- y que va a permitir fortalecer la Administraci\u00f3n Directa que tiene el Ministerio de Obras P\u00fablicas en distintos tramos de conservaci\u00f3n vial con un importante aporte en recursos, pero eso tambi\u00e9n requiere de otro tipo de acciones que tambi\u00e9n hemos comprometido realizar desde el Gobierno Regional y su Consejo como es poder solicitar en la Ley de Presupuesto que exista un aumento de dotaci\u00f3n para garantizar que si nosotros como Gobierno Regional vamos a poner maquinarias, el Servicio tenga la disponibilidad de personas que est\u00e9n en condiciones y que cumplan con todos los requisitos para operar esta maquinarias\u201d.<\/p>\n<\/div><\/section><\/div><div  style='height:50px' class='hr hr-invisible   avia-builder-el-6  el_after_av_one_full  el_before_av_social_share '><span class='hr-inner ' ><span class='hr-inner-style'><\/span><\/span><\/div><\/p>\n<div  class='av-social-sharing-box  avia-builder-el-7  el_after_av_hr  el_before_av_hr  '><div class='av-share-box'><h5 class='av-share-link-description av-no-toc '>Compartir esta noticia<\/h5><ul class='av-share-box-list noLightbox'><li class='av-share-link av-social-link-facebook' ><a target=\"_blank\" aria-label=\"Compartir en Facebook\" href='https:\/\/www.facebook.com\/sharer.php?u=https:\/\/radiorevelacionfm.cl\/?p=28856&#038;t=Director%20Nacional%20%28s%29%20de%20Vialidad%20MOP%2C%20Jaime%20Huidobro%3A%20%E2%80%9CVamos%20a%20aplicar%20conjunto%20de%20medidas%20para%20la%20conservaci%C3%B3n%20de%20los%20caminos%20en%20la%20regi%C3%B3n%20de%20Ays%C3%A9n%E2%80%9D' aria-hidden='false' data-av_icon='\ue8f3' data-av_iconfont='entypo-fontello' title='' data-avia-related-tooltip='Compartir en Facebook' rel=\"noopener\"><span class='avia_hidden_link_text'>Compartir en Facebook<\/span><\/a><\/li><li class='av-share-link av-social-link-twitter' ><a target=\"_blank\" aria-label=\"Compartir en Twitter\" href='https:\/\/twitter.com\/share?text=Director%20Nacional%20%28s%29%20de%20Vialidad%20MOP%2C%20Jaime%20Huidobro%3A%20%E2%80%9CVamos%20a%20aplicar%20conjunto%20de%20medidas%20para%20la%20conservaci%C3%B3n%20de%20los%20caminos%20en%20la%20regi%C3%B3n%20de%20Ays%C3%A9n%E2%80%9D&#038;url=https:\/\/radiorevelacionfm.cl\/?p=28856' aria-hidden='false' data-av_icon='\ue8f1' data-av_iconfont='entypo-fontello' title='' data-avia-related-tooltip='Compartir en Twitter' rel=\"noopener\"><span class='avia_hidden_link_text'>Compartir en Twitter<\/span><\/a><\/li><li class='av-share-link av-social-link-whatsapp' ><a target=\"_blank\" aria-label=\"Compartir en Whatsapp\" href='https:\/\/api.whatsapp.com\/send?text=https:\/\/radiorevelacionfm.cl\/?p=28856' aria-hidden='false' data-av_icon='\uf232' data-av_iconfont='entypo-fontello' title='' data-avia-related-tooltip='Compartir en Whatsapp' rel=\"noopener\"><span class='avia_hidden_link_text'>Compartir en Whatsapp<\/span><\/a><\/li><li class='av-share-link av-social-link-linkedin' ><a target=\"_blank\" aria-label=\"Compartir en LinkedIn\" href='https:\/\/linkedin.com\/shareArticle?mini=true&#038;title=Director%20Nacional%20%28s%29%20de%20Vialidad%20MOP%2C%20Jaime%20Huidobro%3A%20%E2%80%9CVamos%20a%20aplicar%20conjunto%20de%20medidas%20para%20la%20conservaci%C3%B3n%20de%20los%20caminos%20en%20la%20regi%C3%B3n%20de%20Ays%C3%A9n%E2%80%9D&#038;url=https:\/\/radiorevelacionfm.cl\/?p=28856' aria-hidden='false' data-av_icon='\ue8fc' data-av_iconfont='entypo-fontello' title='' data-avia-related-tooltip='Compartir en LinkedIn' rel=\"noopener\"><span class='avia_hidden_link_text'>Compartir en LinkedIn<\/span><\/a><\/li><li class='av-share-link av-social-link-mail' ><a  aria-label=\"Compartir por correo\" href='mailto:?subject=Director%20Nacional%20%28s%29%20de%20Vialidad%20MOP%2C%20Jaime%20Huidobro%3A%20%E2%80%9CVamos%20a%20aplicar%20conjunto%20de%20medidas%20para%20la%20conservaci%C3%B3n%20de%20los%20caminos%20en%20la%20regi%C3%B3n%20de%20Ays%C3%A9n%E2%80%9D&#038;body=https:\/\/radiorevelacionfm.cl\/?p=28856' aria-hidden='false' data-av_icon='\ue805' data-av_iconfont='entypo-fontello' title='' data-avia-related-tooltip='Compartir por correo'><span class='avia_hidden_link_text'>Compartir por correo<\/span><\/a><\/li><\/ul><\/div><\/div>\n<div  style='height:50px' class='hr hr-invisible   avia-builder-el-8  el_after_av_social_share  el_before_av_comments_list '><span class='hr-inner ' ><span class='hr-inner-style'><\/span><\/span><\/div>\n<div  class='av-buildercomment  av-blog-meta-html-info-disabled av-blog-meta-tag-disabled  '><\/div>\n","protected":false},"excerpt":{"rendered":"","protected":false},"author":1,"featured_media":28857,"comment_status":"open","ping_status":"open","sticky":false,"template":"","format":"standard","meta":{"footnotes":""},"categories":[38],"tags":[],"class_list":["post-28856","post","type-post","status-publish","format-standard","has-post-thumbnail","hentry","category-regional"],"jetpack_featured_media_url":"https:\/\/radiorevelacionfm.cl\/wp-content\/uploads\/2023\/03\/reunion-dpr-gore-seremi-dvn-7-1-1_optimized.jpg","_links":{"self":[{"href":"https:\/\/radiorevelacionfm.cl\/index.php?rest_route=\/wp\/v2\/posts\/28856","targetHints":{"allow":["GET"]}}],"collection":[{"href":"https:\/\/radiorevelacionfm.cl\/index.php?rest_route=\/wp\/v2\/posts"}],"about":[{"href":"https:\/\/radiorevelacionfm.cl\/index.php?rest_route=\/wp\/v2\/types\/post"}],"author":[{"embeddable":true,"href":"https:\/\/radiorevelacionfm.cl\/index.php?rest_route=\/wp\/v2\/users\/1"}],"replies":[{"embeddable":true,"href":"https:\/\/radiorevelacionfm.cl\/index.php?rest_route=%2Fwp%2Fv2%2Fcomments&post=28856"}],"version-history":[{"count":2,"href":"https:\/\/radiorevelacionfm.cl\/index.php?rest_route=\/wp\/v2\/posts\/28856\/revisions"}],"predecessor-version":[{"id":28881,"href":"https:\/\/radiorevelacionfm.cl\/index.php?rest_route=\/wp\/v2\/posts\/28856\/revisions\/28881"}],"wp:featuredmedia":[{"embeddable":true,"href":"https:\/\/radiorevelacionfm.cl\/index.php?rest_route=\/wp\/v2\/media\/28857"}],"wp:attachment":[{"href":"https:\/\/radiorevelacionfm.cl\/index.php?rest_route=%2Fwp%2Fv2%2Fmedia&parent=28856"}],"wp:term":[{"taxonomy":"category","embeddable":true,"href":"https:\/\/radiorevelacionfm.cl\/index.php?rest_route=%2Fwp%2Fv2%2Fcategories&post=28856"},{"taxonomy":"post_tag","embeddable":true,"href":"https:\/\/radiorevelacionfm.cl\/index.php?rest_route=%2Fwp%2Fv2%2Ftags&post=28856"}],"curies":[{"name":"wp","href":"https:\/\/api.w.org\/{rel}","templated":true}]}}