{"id":28854,"date":"2023-03-14T21:06:20","date_gmt":"2023-03-15T00:06:20","guid":{"rendered":"https:\/\/radiorevelacionfm.cl\/?p=28854"},"modified":"2023-03-14T21:06:20","modified_gmt":"2023-03-15T00:06:20","slug":"diputado-calisto-pide-al-gobierno-duplicar-el-monto-del-bono-lena-y-que-se-entregue-en-forma-anticipada","status":"publish","type":"post","link":"https:\/\/radiorevelacionfm.cl\/?p=28854","title":{"rendered":"Diputado Calisto pide al Gobierno duplicar el monto del bono le\u00f1a y que se entregue en forma anticipada"},"content":{"rendered":"<div class=\"flex_column av_one_full  flex_column_div av-zero-column-padding first  avia-builder-el-0  el_before_av_one_full  avia-builder-el-first  \" style='border-radius:0px; '><div  class='avia-image-container  av-styling-    avia-builder-el-1  avia-builder-el-no-sibling  avia-align-center '  itemprop=\"image\" itemscope=\"itemscope\" itemtype=\"https:\/\/schema.org\/ImageObject\"  ><div class='avia-image-container-inner'><div class='avia-image-overlay-wrap'><img decoding=\"async\" class='wp-image-5820 avia-img-lazy-loading-not-5820 avia_image' src=\"https:\/\/radiorevelacionfm.cl\/wp-content\/uploads\/2021\/07\/Gob_Lena4-1-1.jpg\" alt='' title='Gob_Le\u00f1a4 (1) (1)' height=\"600\" width=\"800\"  itemprop=\"thumbnailUrl\" srcset=\"https:\/\/radiorevelacionfm.cl\/wp-content\/uploads\/2021\/07\/Gob_Lena4-1-1.jpg 800w, https:\/\/radiorevelacionfm.cl\/wp-content\/uploads\/2021\/07\/Gob_Lena4-1-1-300x225.jpg 300w, https:\/\/radiorevelacionfm.cl\/wp-content\/uploads\/2021\/07\/Gob_Lena4-1-1-768x576.jpg 768w, https:\/\/radiorevelacionfm.cl\/wp-content\/uploads\/2021\/07\/Gob_Lena4-1-1-705x529.jpg 705w, https:\/\/radiorevelacionfm.cl\/wp-content\/uploads\/2021\/07\/Gob_Lena4-1-1-600x450.jpg 600w\" sizes=\"(max-width: 800px) 100vw, 800px\" \/><\/div><\/div><\/div><\/div><div class=\"flex_column av_one_full  flex_column_div av-zero-column-padding first  avia-builder-el-2  el_after_av_one_full  el_before_av_one_full  column-top-margin\" style='border-radius:0px; '><section class=\"av_textblock_section \"  itemscope=\"itemscope\" itemtype=\"https:\/\/schema.org\/BlogPosting\" itemprop=\"blogPost\" ><div class='avia_textblock  '   itemprop=\"text\" ><p style=\"text-align: center;\"><strong><span style=\"font-size: 18pt;\">Diputado Calisto pide al Gobierno duplicar el monto del bono le\u00f1a y que se entregue en forma anticipada<\/span><\/strong><\/p>\n<div id=\"gtx-trans\" style=\"position: absolute; left: -50px; top: 4.31534px;\">\n<div class=\"gtx-trans-icon\"><\/div>\n<\/div>\n<\/div><\/section><\/div><\/p>\n<div class=\"flex_column av_one_full  flex_column_div av-zero-column-padding first  avia-builder-el-4  el_after_av_one_full  el_before_av_hr  column-top-margin\" style='border-radius:0px; '><section class=\"av_textblock_section \"  itemscope=\"itemscope\" itemtype=\"https:\/\/schema.org\/BlogPosting\" itemprop=\"blogPost\" ><div class='avia_textblock  '   itemprop=\"text\" ><p style=\"font-weight: 400; text-align: justify;\">Cuando faltan pocas semanas para que comience la temporada oto\u00f1o invierno y bajen las temperaturas, el diputado miguel \u00c1ngel Calisto hizo un llamado al Gobierno a que duplique el bono de calefacci\u00f3n o bono le\u00f1a, adem\u00e1s de solicitar que se pueda entregar de forma anticipada, para as\u00ed evitar el aumento del precio de este producto.<\/p>\n<p style=\"font-weight: 400; text-align: justify;\">Seg\u00fan el diputado Calisto, \u201cestamos nuevamente haciendo gestiones con el Gobierno para que el bono de calefacci\u00f3n, el bono le\u00f1a, venga mejorado, y por sobre todo, tengan la precauci\u00f3n de entregarlo de forma anticipada y no en los meses de invierno. De hecho, ya debiera estar entregado, tomando en cuenta que en \u00e9poca invernal la le\u00f1a sube mucho de precio\u201d.<\/p>\n<p style=\"font-weight: 400; text-align: justify;\">\u201cCreemos que este beneficio debiera aumentar al doble, tomando en cuenta la realidad que vivimos en la regi\u00f3n y los problemas de inflaci\u00f3n que afectan a todo el pa\u00eds. Es fundamental que el Gobierno entienda esto, por eso se lo planteamos al Ministro de Hacienda, entendiendo la precariedad de las condiciones que vive nuestra gente\u201d, indic\u00f3.<\/p>\n<p style=\"font-weight: 400; text-align: justify;\">\u201cEs importante que el Bono le\u00f1a crezca hacia los sectores medios, porque el corte del registro social de hogares, no representa la realidad de las familias. Todos sabemos que una familia que est\u00e1 en el 60% o el 80% del registro social de hogares, est\u00e1 en una situaci\u00f3n de vulnerabilidad tambi\u00e9n. Cuando se gan\u00f3 este bono por lucha de la ciudadan\u00eda en la calle, se trataba de un beneficio para toda la regi\u00f3n y no para algunas personas\u201d.<\/p>\n<p style=\"font-weight: 400; text-align: justify;\">Finalmente, el diputado Miguel \u00c1ngel Calisto indic\u00f3 que \u201cen Magallanes el subsidio de gas es casi el valor del presupuesto del Gobierno Regional completo. Vamos a seguir insistiendo, y yo se lo dije al Presidente Boric cuando estuvo hace algunas semanas atr\u00e1s en Cerro Castillo, como tambi\u00e9n se lo he planteado al Ministro de Hacienda\u201d.<\/p>\n<\/div><\/section><\/div>\n<div  style='height:50px' class='hr hr-invisible   avia-builder-el-6  el_after_av_one_full  el_before_av_social_share '><span class='hr-inner ' ><span class='hr-inner-style'><\/span><\/span><\/div>\n<div  class='av-social-sharing-box  avia-builder-el-7  el_after_av_hr  el_before_av_hr  '><div class='av-share-box'><h5 class='av-share-link-description av-no-toc '>Compartir esta noticia<\/h5><ul class='av-share-box-list noLightbox'><li class='av-share-link av-social-link-facebook' ><a target=\"_blank\" aria-label=\"Compartir en Facebook\" href='https:\/\/www.facebook.com\/sharer.php?u=https:\/\/radiorevelacionfm.cl\/?p=28854&#038;t=Diputado%20Calisto%20pide%20al%20Gobierno%20duplicar%20el%20monto%20del%20bono%20le%C3%B1a%20y%20que%20se%20entregue%20en%20forma%20anticipada' aria-hidden='false' data-av_icon='\ue8f3' data-av_iconfont='entypo-fontello' title='' data-avia-related-tooltip='Compartir en Facebook' rel=\"noopener\"><span class='avia_hidden_link_text'>Compartir en Facebook<\/span><\/a><\/li><li class='av-share-link av-social-link-twitter' ><a target=\"_blank\" aria-label=\"Compartir en Twitter\" href='https:\/\/twitter.com\/share?text=Diputado%20Calisto%20pide%20al%20Gobierno%20duplicar%20el%20monto%20del%20bono%20le%C3%B1a%20y%20que%20se%20entregue%20en%20forma%20anticipada&#038;url=https:\/\/radiorevelacionfm.cl\/?p=28854' aria-hidden='false' data-av_icon='\ue8f1' data-av_iconfont='entypo-fontello' title='' data-avia-related-tooltip='Compartir en Twitter' rel=\"noopener\"><span class='avia_hidden_link_text'>Compartir en Twitter<\/span><\/a><\/li><li class='av-share-link av-social-link-whatsapp' ><a target=\"_blank\" aria-label=\"Compartir en Whatsapp\" href='https:\/\/api.whatsapp.com\/send?text=https:\/\/radiorevelacionfm.cl\/?p=28854' aria-hidden='false' data-av_icon='\uf232' data-av_iconfont='entypo-fontello' title='' data-avia-related-tooltip='Compartir en Whatsapp' rel=\"noopener\"><span class='avia_hidden_link_text'>Compartir en Whatsapp<\/span><\/a><\/li><li class='av-share-link av-social-link-linkedin' ><a target=\"_blank\" aria-label=\"Compartir en LinkedIn\" href='https:\/\/linkedin.com\/shareArticle?mini=true&#038;title=Diputado%20Calisto%20pide%20al%20Gobierno%20duplicar%20el%20monto%20del%20bono%20le%C3%B1a%20y%20que%20se%20entregue%20en%20forma%20anticipada&#038;url=https:\/\/radiorevelacionfm.cl\/?p=28854' aria-hidden='false' data-av_icon='\ue8fc' data-av_iconfont='entypo-fontello' title='' data-avia-related-tooltip='Compartir en LinkedIn' rel=\"noopener\"><span class='avia_hidden_link_text'>Compartir en LinkedIn<\/span><\/a><\/li><li class='av-share-link av-social-link-mail' ><a  aria-label=\"Compartir por correo\" href='mailto:?subject=Diputado%20Calisto%20pide%20al%20Gobierno%20duplicar%20el%20monto%20del%20bono%20le%C3%B1a%20y%20que%20se%20entregue%20en%20forma%20anticipada&#038;body=https:\/\/radiorevelacionfm.cl\/?p=28854' aria-hidden='false' data-av_icon='\ue805' data-av_iconfont='entypo-fontello' title='' data-avia-related-tooltip='Compartir por correo'><span class='avia_hidden_link_text'>Compartir por correo<\/span><\/a><\/li><\/ul><\/div><\/div>\n<div  style='height:50px' class='hr hr-invisible   avia-builder-el-8  el_after_av_social_share  el_before_av_comments_list '><span class='hr-inner ' ><span class='hr-inner-style'><\/span><\/span><\/div>\n<div  class='av-buildercomment  av-blog-meta-html-info-disabled av-blog-meta-tag-disabled  '><\/div>\n","protected":false},"excerpt":{"rendered":"","protected":false},"author":1,"featured_media":5820,"comment_status":"open","ping_status":"open","sticky":false,"template":"","format":"standard","meta":{"footnotes":""},"categories":[35],"tags":[],"class_list":["post-28854","post","type-post","status-publish","format-standard","has-post-thumbnail","hentry","category-politica"],"jetpack_featured_media_url":"https:\/\/radiorevelacionfm.cl\/wp-content\/uploads\/2021\/07\/Gob_Lena4-1-1.jpg","_links":{"self":[{"href":"https:\/\/radiorevelacionfm.cl\/index.php?rest_route=\/wp\/v2\/posts\/28854","targetHints":{"allow":["GET"]}}],"collection":[{"href":"https:\/\/radiorevelacionfm.cl\/index.php?rest_route=\/wp\/v2\/posts"}],"about":[{"href":"https:\/\/radiorevelacionfm.cl\/index.php?rest_route=\/wp\/v2\/types\/post"}],"author":[{"embeddable":true,"href":"https:\/\/radiorevelacionfm.cl\/index.php?rest_route=\/wp\/v2\/users\/1"}],"replies":[{"embeddable":true,"href":"https:\/\/radiorevelacionfm.cl\/index.php?rest_route=%2Fwp%2Fv2%2Fcomments&post=28854"}],"version-history":[{"count":3,"href":"https:\/\/radiorevelacionfm.cl\/index.php?rest_route=\/wp\/v2\/posts\/28854\/revisions"}],"predecessor-version":[{"id":28877,"href":"https:\/\/radiorevelacionfm.cl\/index.php?rest_route=\/wp\/v2\/posts\/28854\/revisions\/28877"}],"wp:featuredmedia":[{"embeddable":true,"href":"https:\/\/radiorevelacionfm.cl\/index.php?rest_route=\/wp\/v2\/media\/5820"}],"wp:attachment":[{"href":"https:\/\/radiorevelacionfm.cl\/index.php?rest_route=%2Fwp%2Fv2%2Fmedia&parent=28854"}],"wp:term":[{"taxonomy":"category","embeddable":true,"href":"https:\/\/radiorevelacionfm.cl\/index.php?rest_route=%2Fwp%2Fv2%2Fcategories&post=28854"},{"taxonomy":"post_tag","embeddable":true,"href":"https:\/\/radiorevelacionfm.cl\/index.php?rest_route=%2Fwp%2Fv2%2Ftags&post=28854"}],"curies":[{"name":"wp","href":"https:\/\/api.w.org\/{rel}","templated":true}]}}