{"id":28850,"date":"2023-03-15T09:29:58","date_gmt":"2023-03-15T12:29:58","guid":{"rendered":"https:\/\/radiorevelacionfm.cl\/?p=28850"},"modified":"2023-03-15T09:29:58","modified_gmt":"2023-03-15T12:29:58","slug":"gobernadora-regional-cataloga-de-historica-postulacion-al-mipe-aysen-y-hara-propuesta-para-ampliar-cobertura","status":"publish","type":"post","link":"https:\/\/radiorevelacionfm.cl\/?p=28850","title":{"rendered":"Gobernadora Regional cataloga de \u00abhist\u00f3rica\u00bb postulaci\u00f3n al MIPE Ays\u00e9n y har\u00e1 propuesta para ampliar cobertura"},"content":{"rendered":"<div class=\"flex_column av_one_full  flex_column_div av-zero-column-padding first  avia-builder-el-0  el_before_av_one_full  avia-builder-el-first  \" style='border-radius:0px; '><div  class='avia-image-container  av-styling-    avia-builder-el-1  avia-builder-el-no-sibling  avia-align-center '  itemprop=\"image\" itemscope=\"itemscope\" itemtype=\"https:\/\/schema.org\/ImageObject\"  ><div class='avia-image-container-inner'><div class='avia-image-overlay-wrap'><img decoding=\"async\" class='wp-image-28851 avia-img-lazy-loading-not-28851 avia_image' src=\"https:\/\/radiorevelacionfm.cl\/wp-content\/uploads\/2023\/03\/MIPE-2-1-1.jpeg\" alt='' title='MIPE 2 (1) (1)' height=\"600\" width=\"900\"  itemprop=\"thumbnailUrl\" srcset=\"https:\/\/radiorevelacionfm.cl\/wp-content\/uploads\/2023\/03\/MIPE-2-1-1.jpeg 900w, https:\/\/radiorevelacionfm.cl\/wp-content\/uploads\/2023\/03\/MIPE-2-1-1-300x200.jpeg 300w, https:\/\/radiorevelacionfm.cl\/wp-content\/uploads\/2023\/03\/MIPE-2-1-1-768x512.jpeg 768w, https:\/\/radiorevelacionfm.cl\/wp-content\/uploads\/2023\/03\/MIPE-2-1-1-705x470.jpeg 705w, https:\/\/radiorevelacionfm.cl\/wp-content\/uploads\/2023\/03\/MIPE-2-1-1-600x400.jpeg 600w\" sizes=\"(max-width: 900px) 100vw, 900px\" \/><\/div><\/div><\/div><\/div><div class=\"flex_column av_one_full  flex_column_div av-zero-column-padding first  avia-builder-el-2  el_after_av_one_full  el_before_av_one_full  column-top-margin\" style='border-radius:0px; '><section class=\"av_textblock_section \"  itemscope=\"itemscope\" itemtype=\"https:\/\/schema.org\/BlogPosting\" itemprop=\"blogPost\" ><div class='avia_textblock  '   itemprop=\"text\" ><p style=\"text-align: center;\"><strong><span style=\"font-size: 18pt;\">Gobernadora Regional cataloga de \u00abhist\u00f3rica\u00bb postulaci\u00f3n al MIPE Ays\u00e9n y har\u00e1 propuesta para ampliar cobertura<\/span><\/strong><\/p>\n<div id=\"gtx-trans\" style=\"position: absolute; left: -50px; top: 4.31534px;\">\n<div class=\"gtx-trans-icon\"><\/div>\n<\/div>\n<\/div><\/section><\/div><div class=\"flex_column av_one_full  flex_column_div av-zero-column-padding first  avia-builder-el-4  el_after_av_one_full  el_before_av_hr  column-top-margin\" style='border-radius:0px; '><section class=\"av_textblock_section \"  itemscope=\"itemscope\" itemtype=\"https:\/\/schema.org\/BlogPosting\" itemprop=\"blogPost\" ><div class='avia_textblock  '   itemprop=\"text\" ><p dir=\"ltr\" style=\"text-align: justify;\">La Gobernadora Regional Andrea Mac\u00edas Palma destac\u00f3 y relev\u00f3 la importancia de que se recibieran m\u00e1s de 1.700 postulaciones al programa de reactivaci\u00f3n econ\u00f3mica MIPE Ays\u00e9n, demostrando el gran inter\u00e9s que existe en la comunidad por este fondo concursable. Incluso, adelant\u00f3 que har\u00e1 una propuesta al Consejo Regional para incrementar el financiamiento de la iniciativa, para as\u00ed poder ampliar la cobertura de los emprendimientos que calificaron durante el proceso.<\/p>\n<p dir=\"ltr\" style=\"text-align: justify;\">El a\u00f1o pasado la primera autoridad regional inform\u00f3 sobre: \u00abFortalece y Reactiva: programa para micro y peque\u00f1as empresas\u00bb, creado con el objetivo de ayudar a dinamizar y apoyar la econom\u00eda local. As\u00ed, se implement\u00f3 a fines de 2022 y comienzos de este a\u00f1o el primero de los fondos de este programa macro: MIPE Ays\u00e9n, que est\u00e1 destinado a negocios de menor escala, a trav\u00e9s del financiamiento de mercader\u00eda, materia prima, arriendos, entre otros.<\/p>\n<p dir=\"ltr\" style=\"text-align: justify;\">\u00abEl nivel hist\u00f3rico de postulaci\u00f3n obtenido, nos muestra una realidad que existe en nuestra regi\u00f3n, donde muchas micro y peque\u00f1as empresas, sobre todo aquellas que est\u00e1n en lugares m\u00e1s apartados, requieren de un apoyo por parte del Estado y del Gobierno Regional. Reafirmamos nuestro compromiso con los micro y peque\u00f1os empresarios de nuestra regi\u00f3n, vamos a procurar tener el mayor alcance a trav\u00e9s de este programa, por lo cual presentaremos una propuesta con el objetivo de financiar a la mayor cantidad posible de emprendimientos que calificaron para obtener estos fondos\u00bb, dijo la Gobernadora Andrea Mac\u00edas Palma.<\/p>\n<p dir=\"ltr\" style=\"text-align: justify;\">Para el desarrollo del programa del Gobierno Regional, ejecutado por la Fundaci\u00f3n de Desarrollo Educacional y Tecnol\u00f3gico la Araucan\u00eda de la Universidad de la Frontera (FUDEA), se establecieron oficinas en cada una de las provincias para responder a las consultas concernientes a MIPE Ays\u00e9n y fue considerado un sistema f\u00e1cil de postulaci\u00f3n.<\/p>\n<p dir=\"ltr\" style=\"text-align: justify;\">\u00abFortalece y Reactiva: programa para micro y peque\u00f1as empresas\u00bb, fue relevado tambi\u00e9n en el discurso que realiz\u00f3 la Gobernadora Regional el pasado mi\u00e9rcoles, durante su primera intervenci\u00f3n en la Organizaci\u00f3n de las Naciones Unidas (ONU). El que destacaron luego las autoridades nacionales presentes.<\/p>\n<p dir=\"ltr\" style=\"text-align: justify;\">Dentro de los otros fondos concursables contenidos en \u00abFortalece y Reactiva\u00bb, se encuentran: Crea Ays\u00e9n, Fortalece tu emprendimiento, y Fortalece Cooperativa Ays\u00e9n, los cuales est\u00e1n planificados para implementarse en el per\u00edodo 2023-2024.<\/p>\n<\/div><\/section><\/div><div  style='height:50px' class='hr hr-invisible   avia-builder-el-6  el_after_av_one_full  el_before_av_social_share '><span class='hr-inner ' ><span class='hr-inner-style'><\/span><\/span><\/div><\/p>\n<div  class='av-social-sharing-box  avia-builder-el-7  el_after_av_hr  el_before_av_hr  '><div class='av-share-box'><h5 class='av-share-link-description av-no-toc '>Compartir esta noticia<\/h5><ul class='av-share-box-list noLightbox'><li class='av-share-link av-social-link-facebook' ><a target=\"_blank\" aria-label=\"Compartir en Facebook\" href='https:\/\/www.facebook.com\/sharer.php?u=https:\/\/radiorevelacionfm.cl\/?p=28850&#038;t=Gobernadora%20Regional%20cataloga%20de%20%C2%ABhist%C3%B3rica%C2%BB%20postulaci%C3%B3n%20al%20MIPE%20Ays%C3%A9n%20y%20har%C3%A1%20propuesta%20para%20ampliar%20cobertura' aria-hidden='false' data-av_icon='\ue8f3' data-av_iconfont='entypo-fontello' title='' data-avia-related-tooltip='Compartir en Facebook' rel=\"noopener\"><span class='avia_hidden_link_text'>Compartir en Facebook<\/span><\/a><\/li><li class='av-share-link av-social-link-twitter' ><a target=\"_blank\" aria-label=\"Compartir en Twitter\" href='https:\/\/twitter.com\/share?text=Gobernadora%20Regional%20cataloga%20de%20%C2%ABhist%C3%B3rica%C2%BB%20postulaci%C3%B3n%20al%20MIPE%20Ays%C3%A9n%20y%20har%C3%A1%20propuesta%20para%20ampliar%20cobertura&#038;url=https:\/\/radiorevelacionfm.cl\/?p=28850' aria-hidden='false' data-av_icon='\ue8f1' data-av_iconfont='entypo-fontello' title='' data-avia-related-tooltip='Compartir en Twitter' rel=\"noopener\"><span class='avia_hidden_link_text'>Compartir en Twitter<\/span><\/a><\/li><li class='av-share-link av-social-link-whatsapp' ><a target=\"_blank\" aria-label=\"Compartir en Whatsapp\" href='https:\/\/api.whatsapp.com\/send?text=https:\/\/radiorevelacionfm.cl\/?p=28850' aria-hidden='false' data-av_icon='\uf232' data-av_iconfont='entypo-fontello' title='' data-avia-related-tooltip='Compartir en Whatsapp' rel=\"noopener\"><span class='avia_hidden_link_text'>Compartir en Whatsapp<\/span><\/a><\/li><li class='av-share-link av-social-link-linkedin' ><a target=\"_blank\" aria-label=\"Compartir en LinkedIn\" href='https:\/\/linkedin.com\/shareArticle?mini=true&#038;title=Gobernadora%20Regional%20cataloga%20de%20%C2%ABhist%C3%B3rica%C2%BB%20postulaci%C3%B3n%20al%20MIPE%20Ays%C3%A9n%20y%20har%C3%A1%20propuesta%20para%20ampliar%20cobertura&#038;url=https:\/\/radiorevelacionfm.cl\/?p=28850' aria-hidden='false' data-av_icon='\ue8fc' data-av_iconfont='entypo-fontello' title='' data-avia-related-tooltip='Compartir en LinkedIn' rel=\"noopener\"><span class='avia_hidden_link_text'>Compartir en LinkedIn<\/span><\/a><\/li><li class='av-share-link av-social-link-mail' ><a  aria-label=\"Compartir por correo\" href='mailto:?subject=Gobernadora%20Regional%20cataloga%20de%20%C2%ABhist%C3%B3rica%C2%BB%20postulaci%C3%B3n%20al%20MIPE%20Ays%C3%A9n%20y%20har%C3%A1%20propuesta%20para%20ampliar%20cobertura&#038;body=https:\/\/radiorevelacionfm.cl\/?p=28850' aria-hidden='false' data-av_icon='\ue805' data-av_iconfont='entypo-fontello' title='' data-avia-related-tooltip='Compartir por correo'><span class='avia_hidden_link_text'>Compartir por correo<\/span><\/a><\/li><\/ul><\/div><\/div>\n<div  style='height:50px' class='hr hr-invisible   avia-builder-el-8  el_after_av_social_share  el_before_av_comments_list '><span class='hr-inner ' ><span class='hr-inner-style'><\/span><\/span><\/div>\n<div  class='av-buildercomment  av-blog-meta-html-info-disabled av-blog-meta-tag-disabled  '><\/div>\n","protected":false},"excerpt":{"rendered":"","protected":false},"author":1,"featured_media":28851,"comment_status":"open","ping_status":"open","sticky":false,"template":"","format":"standard","meta":{"footnotes":""},"categories":[38],"tags":[],"class_list":["post-28850","post","type-post","status-publish","format-standard","has-post-thumbnail","hentry","category-regional"],"jetpack_featured_media_url":"https:\/\/radiorevelacionfm.cl\/wp-content\/uploads\/2023\/03\/MIPE-2-1-1.jpeg","_links":{"self":[{"href":"https:\/\/radiorevelacionfm.cl\/index.php?rest_route=\/wp\/v2\/posts\/28850","targetHints":{"allow":["GET"]}}],"collection":[{"href":"https:\/\/radiorevelacionfm.cl\/index.php?rest_route=\/wp\/v2\/posts"}],"about":[{"href":"https:\/\/radiorevelacionfm.cl\/index.php?rest_route=\/wp\/v2\/types\/post"}],"author":[{"embeddable":true,"href":"https:\/\/radiorevelacionfm.cl\/index.php?rest_route=\/wp\/v2\/users\/1"}],"replies":[{"embeddable":true,"href":"https:\/\/radiorevelacionfm.cl\/index.php?rest_route=%2Fwp%2Fv2%2Fcomments&post=28850"}],"version-history":[{"count":2,"href":"https:\/\/radiorevelacionfm.cl\/index.php?rest_route=\/wp\/v2\/posts\/28850\/revisions"}],"predecessor-version":[{"id":28878,"href":"https:\/\/radiorevelacionfm.cl\/index.php?rest_route=\/wp\/v2\/posts\/28850\/revisions\/28878"}],"wp:featuredmedia":[{"embeddable":true,"href":"https:\/\/radiorevelacionfm.cl\/index.php?rest_route=\/wp\/v2\/media\/28851"}],"wp:attachment":[{"href":"https:\/\/radiorevelacionfm.cl\/index.php?rest_route=%2Fwp%2Fv2%2Fmedia&parent=28850"}],"wp:term":[{"taxonomy":"category","embeddable":true,"href":"https:\/\/radiorevelacionfm.cl\/index.php?rest_route=%2Fwp%2Fv2%2Fcategories&post=28850"},{"taxonomy":"post_tag","embeddable":true,"href":"https:\/\/radiorevelacionfm.cl\/index.php?rest_route=%2Fwp%2Fv2%2Ftags&post=28850"}],"curies":[{"name":"wp","href":"https:\/\/api.w.org\/{rel}","templated":true}]}}