{"id":28844,"date":"2023-03-15T17:15:24","date_gmt":"2023-03-15T20:15:24","guid":{"rendered":"https:\/\/radiorevelacionfm.cl\/?p=28844"},"modified":"2023-03-15T17:15:24","modified_gmt":"2023-03-15T20:15:24","slug":"junaeb-y-planetario-usach-traen-a-coyhaique-la-muestra-el-universo-en-tu-comunidad","status":"publish","type":"post","link":"https:\/\/radiorevelacionfm.cl\/?p=28844","title":{"rendered":"Junaeb y Planetario Usach traen a Coyhaique la muestra \u00abEl Universo en tu comunidad\u00bb"},"content":{"rendered":"<div class=\"flex_column av_one_full  flex_column_div av-zero-column-padding first  avia-builder-el-0  el_before_av_one_full  avia-builder-el-first  \" style='border-radius:0px; '><div  class='avia-image-container  av-styling-    avia-builder-el-1  avia-builder-el-no-sibling  avia-align-center '  itemprop=\"image\" itemscope=\"itemscope\" itemtype=\"https:\/\/schema.org\/ImageObject\"  ><div class='avia-image-container-inner'><div class='avia-image-overlay-wrap'><img decoding=\"async\" class='wp-image-28845 avia-img-lazy-loading-not-28845 avia_image' src=\"https:\/\/radiorevelacionfm.cl\/wp-content\/uploads\/2023\/03\/muestra-planetario-1_optimized.jpg\" alt='' title='muestra-planetario-(1)_optimized' height=\"600\" width=\"947\"  itemprop=\"thumbnailUrl\" srcset=\"https:\/\/radiorevelacionfm.cl\/wp-content\/uploads\/2023\/03\/muestra-planetario-1_optimized.jpg 947w, https:\/\/radiorevelacionfm.cl\/wp-content\/uploads\/2023\/03\/muestra-planetario-1_optimized-300x190.jpg 300w, https:\/\/radiorevelacionfm.cl\/wp-content\/uploads\/2023\/03\/muestra-planetario-1_optimized-768x487.jpg 768w, https:\/\/radiorevelacionfm.cl\/wp-content\/uploads\/2023\/03\/muestra-planetario-1_optimized-705x447.jpg 705w, https:\/\/radiorevelacionfm.cl\/wp-content\/uploads\/2023\/03\/muestra-planetario-1_optimized-600x380.jpg 600w\" sizes=\"(max-width: 947px) 100vw, 947px\" \/><\/div><\/div><\/div><\/div><div class=\"flex_column av_one_full  flex_column_div av-zero-column-padding first  avia-builder-el-2  el_after_av_one_full  el_before_av_one_full  column-top-margin\" style='border-radius:0px; '><section class=\"av_textblock_section \"  itemscope=\"itemscope\" itemtype=\"https:\/\/schema.org\/BlogPosting\" itemprop=\"blogPost\" ><div class='avia_textblock  '   itemprop=\"text\" ><p style=\"text-align: center;\"><strong><span style=\"font-size: 18pt;\">Junaeb y Planetario Usach traen a Coyhaique la muestra \u00abEl Universo en tu comunidad\u00bb<\/span><\/strong><\/p>\n<div id=\"gtx-trans\" style=\"position: absolute; left: -50px; top: 4.31534px;\">\n<div class=\"gtx-trans-icon\"><\/div>\n<\/div>\n<\/div><\/section><\/div><div class=\"flex_column av_one_full  flex_column_div av-zero-column-padding first  avia-builder-el-4  el_after_av_one_full  el_before_av_hr  column-top-margin\" style='border-radius:0px; '><section class=\"av_textblock_section \"  itemscope=\"itemscope\" itemtype=\"https:\/\/schema.org\/BlogPosting\" itemprop=\"blogPost\" ><div class='avia_textblock  '   itemprop=\"text\" ><p class=\"v1MsoNormal\" style=\"text-align: justify;\"><span lang=\"ES\">En marzo vuelve \u00abEl Universo en tu comunidad\u00bb, una iniciativa de JUNAEB, Junta Nacional de Auxilio Escolar y Becas y Planetario USACH, en la que los vecinos de distintas comunas de Chile podr\u00e1n asistir de manera gratuita a actividades, como el concierto \u00abPiano bajo las estrellas\u00bb; talleres cient\u00edficos para ni\u00f1as y ni\u00f1os; observaciones con telescopios y la pel\u00edcula \u00abEclipse: un juego de luz y sombra\u00bb en formato Full HD.\u00a0Esta muestra itinerante que va a recorrer 8 regiones del pa\u00eds, va a estar presente en la regi\u00f3n y particularmente en la comuna de Coyhaique el d\u00eda viernes 24 de marzo, en un trabajo conjunto entre JUNAEB, la Seremi de Educaci\u00f3n y la Municipalidad de Coyhaique.<\/span><\/p>\n<p class=\"v1MsoNormal\" style=\"text-align: justify;\"><span lang=\"ES\">En la actividad de Lanzamiento de la actividad estuvieron presentes la seremi de Educaci\u00f3n Isabel Garrido, el director regional de Junaeb Manuel Vivar y el alcalde de Coyhaique Carlos Gatica, quienes invitaron\u00a0 a la comunidad, familias y ni\u00f1os y ni\u00f1as a asistir a la muestra es para todo p\u00fablico y el acceso es totalmente gratuito.<b><\/b><\/span><\/p>\n<p class=\"v1MsoNormal\" style=\"text-align: justify;\"><span lang=\"ES\">\u00abQueremos destacar que es la primera vez que el Planetario de la Universidad de Santiago de Chile USACH llega a nuestra regi\u00f3n con una muestra de estas caracter\u00edsticas y que es una oportunidad imperdible de acercarse en forma presencial y experimentar el conocimiento de las estrellas y el universo. Como Gobierno del Presidente Gabriel Boric y Ministerio de Educaci\u00f3n estamos impulsando la Reactivaci\u00f3n Educativa y creemos que esta muestra sin duda contribuye a ese objetivo, a trav\u00e9s del acercamiento directo a este campo del conocimiento que es la astronom\u00eda\u00bb, coment\u00f3 Isabel Garrido.<\/span><\/p>\n<p class=\"v1MsoNormal\" style=\"text-align: justify;\"><span lang=\"ES\">El alcalde de Coyhaique Carlos Gatica invit\u00f3 a las familias de Coyhaique a asistir a este encuentro con la Ciencia: \u00abEsta es una actividad \u00fanica e in\u00e9dita y agradecemos a la Universidad de Santiago de Chile, y las gestiones del Ministerio de Educaci\u00f3n a trav\u00e9s de Junaeb. Esta muestra aporta a la reactivaci\u00f3n educativa y tambi\u00e9n a la participaci\u00f3n de las familias en estos espacios de conocimiento\u00bb.<\/span><\/p>\n<p class=\"v1MsoNormal\" style=\"text-align: justify;\"><span lang=\"ES\">Por su parte, Manuel Vivar, director Regional de JUNAEB destac\u00f3 la alianza entre la instituci\u00f3n y el Planetario de la USACH.\u00a0<\/span><span lang=\"ES\">\u00a0\u00abPara nosotros, como instituci\u00f3n, es fundamental poner a disposici\u00f3n nuestra oferta program\u00e1tica para acercar iniciativas de calidad a nuestro territorio, que nos permiten traer al Planetario y vincularnos a trav\u00e9s de la ciencia y el universo con las ni\u00f1as, ni\u00f1os y adolescentes, de nuestras comunidades educativas. Queremos seguir avanzando en construir m\u00e1s y mejores espacios interactivos en cada uno de los territorios, a trav\u00e9s de la articulaci\u00f3n de alianzas con nuevas instituciones, fortaleciendo tambi\u00e9n nuestras alianzas locales\u00bb.<\/span><\/p>\n<p class=\"v1MsoNormal\" style=\"text-align: justify;\"><span lang=\"ES\">Manuel Vivar detall\u00f3 que la actividad se desarrollar\u00e1 durante todo el d\u00eda viernes\u00a024 de\u00a0 marzo,\u00a0<\/span><span lang=\"ES\">en el Gimnasio Regional de Coyhaique, ubicado en calle Ogana 1150. La muestra se estructura en torno a dos tiempos, el primero, es un espacio donde hay visitas guiadas a m\u00f3dulos o talleres que permiten vincular a nuestros estudiantes y visitantes con el universo de manera din\u00e1mica y l\u00fadica, el que se desarrolla desde las 9 a las 18 horas en visitas organizadas en 5 bloques horarios.\u00a0 En el segundo tiempo, se va poder disfrutar de tres actividades: la transmisi\u00f3n de la pel\u00edcula \u00abEclipse: un juego de luz y sombra\u00bb, que describe los eclipses y c\u00f3mo la humanidad los ha observado en el tiempo; el \u00abConcierto bajo las estrellas\u00bb, un espect\u00e1culo que fusiona m\u00fasica y astronom\u00eda; para terminar con una observaci\u00f3n astron\u00f3mica con los telescopios del Planetario.<\/span><\/p>\n<\/div><\/section><\/div><div  style='height:50px' class='hr hr-invisible   avia-builder-el-6  el_after_av_one_full  el_before_av_social_share '><span class='hr-inner ' ><span class='hr-inner-style'><\/span><\/span><\/div><\/p>\n<div  class='av-social-sharing-box  avia-builder-el-7  el_after_av_hr  el_before_av_hr  '><div class='av-share-box'><h5 class='av-share-link-description av-no-toc '>Compartir esta noticia<\/h5><ul class='av-share-box-list noLightbox'><li class='av-share-link av-social-link-facebook' ><a target=\"_blank\" aria-label=\"Compartir en Facebook\" href='https:\/\/www.facebook.com\/sharer.php?u=https:\/\/radiorevelacionfm.cl\/?p=28844&#038;t=Junaeb%20y%20Planetario%20Usach%20traen%20a%20Coyhaique%20la%20muestra%20%C2%ABEl%20Universo%20en%20tu%20comunidad%C2%BB' aria-hidden='false' data-av_icon='\ue8f3' data-av_iconfont='entypo-fontello' title='' data-avia-related-tooltip='Compartir en Facebook' rel=\"noopener\"><span class='avia_hidden_link_text'>Compartir en Facebook<\/span><\/a><\/li><li class='av-share-link av-social-link-twitter' ><a target=\"_blank\" aria-label=\"Compartir en Twitter\" href='https:\/\/twitter.com\/share?text=Junaeb%20y%20Planetario%20Usach%20traen%20a%20Coyhaique%20la%20muestra%20%C2%ABEl%20Universo%20en%20tu%20comunidad%C2%BB&#038;url=https:\/\/radiorevelacionfm.cl\/?p=28844' aria-hidden='false' data-av_icon='\ue8f1' data-av_iconfont='entypo-fontello' title='' data-avia-related-tooltip='Compartir en Twitter' rel=\"noopener\"><span class='avia_hidden_link_text'>Compartir en Twitter<\/span><\/a><\/li><li class='av-share-link av-social-link-whatsapp' ><a target=\"_blank\" aria-label=\"Compartir en Whatsapp\" href='https:\/\/api.whatsapp.com\/send?text=https:\/\/radiorevelacionfm.cl\/?p=28844' aria-hidden='false' data-av_icon='\uf232' data-av_iconfont='entypo-fontello' title='' data-avia-related-tooltip='Compartir en Whatsapp' rel=\"noopener\"><span class='avia_hidden_link_text'>Compartir en Whatsapp<\/span><\/a><\/li><li class='av-share-link av-social-link-linkedin' ><a target=\"_blank\" aria-label=\"Compartir en LinkedIn\" href='https:\/\/linkedin.com\/shareArticle?mini=true&#038;title=Junaeb%20y%20Planetario%20Usach%20traen%20a%20Coyhaique%20la%20muestra%20%C2%ABEl%20Universo%20en%20tu%20comunidad%C2%BB&#038;url=https:\/\/radiorevelacionfm.cl\/?p=28844' aria-hidden='false' data-av_icon='\ue8fc' data-av_iconfont='entypo-fontello' title='' data-avia-related-tooltip='Compartir en LinkedIn' rel=\"noopener\"><span class='avia_hidden_link_text'>Compartir en LinkedIn<\/span><\/a><\/li><li class='av-share-link av-social-link-mail' ><a  aria-label=\"Compartir por correo\" href='mailto:?subject=Junaeb%20y%20Planetario%20Usach%20traen%20a%20Coyhaique%20la%20muestra%20%C2%ABEl%20Universo%20en%20tu%20comunidad%C2%BB&#038;body=https:\/\/radiorevelacionfm.cl\/?p=28844' aria-hidden='false' data-av_icon='\ue805' data-av_iconfont='entypo-fontello' title='' data-avia-related-tooltip='Compartir por correo'><span class='avia_hidden_link_text'>Compartir por correo<\/span><\/a><\/li><\/ul><\/div><\/div>\n<div  style='height:50px' class='hr hr-invisible   avia-builder-el-8  el_after_av_social_share  el_before_av_comments_list '><span class='hr-inner ' ><span class='hr-inner-style'><\/span><\/span><\/div>\n<div  class='av-buildercomment  av-blog-meta-html-info-disabled av-blog-meta-tag-disabled  '><\/div>\n","protected":false},"excerpt":{"rendered":"","protected":false},"author":1,"featured_media":28845,"comment_status":"open","ping_status":"open","sticky":false,"template":"","format":"standard","meta":{"footnotes":""},"categories":[49],"tags":[],"class_list":["post-28844","post","type-post","status-publish","format-standard","has-post-thumbnail","hentry","category-educacion"],"jetpack_featured_media_url":"https:\/\/radiorevelacionfm.cl\/wp-content\/uploads\/2023\/03\/muestra-planetario-1_optimized.jpg","_links":{"self":[{"href":"https:\/\/radiorevelacionfm.cl\/index.php?rest_route=\/wp\/v2\/posts\/28844","targetHints":{"allow":["GET"]}}],"collection":[{"href":"https:\/\/radiorevelacionfm.cl\/index.php?rest_route=\/wp\/v2\/posts"}],"about":[{"href":"https:\/\/radiorevelacionfm.cl\/index.php?rest_route=\/wp\/v2\/types\/post"}],"author":[{"embeddable":true,"href":"https:\/\/radiorevelacionfm.cl\/index.php?rest_route=\/wp\/v2\/users\/1"}],"replies":[{"embeddable":true,"href":"https:\/\/radiorevelacionfm.cl\/index.php?rest_route=%2Fwp%2Fv2%2Fcomments&post=28844"}],"version-history":[{"count":2,"href":"https:\/\/radiorevelacionfm.cl\/index.php?rest_route=\/wp\/v2\/posts\/28844\/revisions"}],"predecessor-version":[{"id":28908,"href":"https:\/\/radiorevelacionfm.cl\/index.php?rest_route=\/wp\/v2\/posts\/28844\/revisions\/28908"}],"wp:featuredmedia":[{"embeddable":true,"href":"https:\/\/radiorevelacionfm.cl\/index.php?rest_route=\/wp\/v2\/media\/28845"}],"wp:attachment":[{"href":"https:\/\/radiorevelacionfm.cl\/index.php?rest_route=%2Fwp%2Fv2%2Fmedia&parent=28844"}],"wp:term":[{"taxonomy":"category","embeddable":true,"href":"https:\/\/radiorevelacionfm.cl\/index.php?rest_route=%2Fwp%2Fv2%2Fcategories&post=28844"},{"taxonomy":"post_tag","embeddable":true,"href":"https:\/\/radiorevelacionfm.cl\/index.php?rest_route=%2Fwp%2Fv2%2Ftags&post=28844"}],"curies":[{"name":"wp","href":"https:\/\/api.w.org\/{rel}","templated":true}]}}