{"id":28840,"date":"2023-03-14T18:19:10","date_gmt":"2023-03-14T21:19:10","guid":{"rendered":"https:\/\/radiorevelacionfm.cl\/?p=28840"},"modified":"2023-03-14T18:19:10","modified_gmt":"2023-03-14T21:19:10","slug":"seremi-de-vivienda-visito-puerto-cisnes-y-la-junta-para-informar-avances-en-proyectos-habitacionales-y-de-pavimentacion","status":"publish","type":"post","link":"https:\/\/radiorevelacionfm.cl\/?p=28840","title":{"rendered":"Seremi de Vivienda visit\u00f3 Puerto Cisnes y La Junta para informar avances en proyectos habitacionales y de pavimentaci\u00f3n"},"content":{"rendered":"<div class=\"flex_column av_one_full  flex_column_div av-zero-column-padding first  avia-builder-el-0  el_before_av_one_full  avia-builder-el-first  \" style='border-radius:0px; '><div  class='avia-image-container  av-styling-    avia-builder-el-1  avia-builder-el-no-sibling  avia-align-center '  itemprop=\"image\" itemscope=\"itemscope\" itemtype=\"https:\/\/schema.org\/ImageObject\"  ><div class='avia-image-container-inner'><div class='avia-image-overlay-wrap'><img decoding=\"async\" class='wp-image-28841 avia-img-lazy-loading-not-28841 avia_image' src=\"https:\/\/radiorevelacionfm.cl\/wp-content\/uploads\/2023\/03\/entrega-de-subsidio-mediante-asignacion-directa-puerto-cisnes-1_optimized.jpeg\" alt='' title='entrega-de-subsidio-mediante-asignaci\u00f3n-directa--puerto-cisnes-(1)_optimized' height=\"600\" width=\"847\"  itemprop=\"thumbnailUrl\" srcset=\"https:\/\/radiorevelacionfm.cl\/wp-content\/uploads\/2023\/03\/entrega-de-subsidio-mediante-asignacion-directa-puerto-cisnes-1_optimized.jpeg 847w, https:\/\/radiorevelacionfm.cl\/wp-content\/uploads\/2023\/03\/entrega-de-subsidio-mediante-asignacion-directa-puerto-cisnes-1_optimized-300x213.jpeg 300w, https:\/\/radiorevelacionfm.cl\/wp-content\/uploads\/2023\/03\/entrega-de-subsidio-mediante-asignacion-directa-puerto-cisnes-1_optimized-768x544.jpeg 768w, https:\/\/radiorevelacionfm.cl\/wp-content\/uploads\/2023\/03\/entrega-de-subsidio-mediante-asignacion-directa-puerto-cisnes-1_optimized-260x185.jpeg 260w, https:\/\/radiorevelacionfm.cl\/wp-content\/uploads\/2023\/03\/entrega-de-subsidio-mediante-asignacion-directa-puerto-cisnes-1_optimized-845x600.jpeg 845w, https:\/\/radiorevelacionfm.cl\/wp-content\/uploads\/2023\/03\/entrega-de-subsidio-mediante-asignacion-directa-puerto-cisnes-1_optimized-705x499.jpeg 705w, https:\/\/radiorevelacionfm.cl\/wp-content\/uploads\/2023\/03\/entrega-de-subsidio-mediante-asignacion-directa-puerto-cisnes-1_optimized-600x425.jpeg 600w\" sizes=\"(max-width: 847px) 100vw, 847px\" \/><\/div><\/div><\/div><\/div><div class=\"flex_column av_one_full  flex_column_div av-zero-column-padding first  avia-builder-el-2  el_after_av_one_full  el_before_av_one_full  column-top-margin\" style='border-radius:0px; '><section class=\"av_textblock_section \"  itemscope=\"itemscope\" itemtype=\"https:\/\/schema.org\/BlogPosting\" itemprop=\"blogPost\" ><div class='avia_textblock  '   itemprop=\"text\" ><p style=\"text-align: center;\"><span style=\"font-size: 18pt;\"><strong>Seremi de Vivienda visit\u00f3 Puerto Cisnes y La Junta para informar avances en proyectos habitacionales y de pavimentaci\u00f3n<\/strong><\/span><\/p>\n<div id=\"gtx-trans\" style=\"position: absolute; left: -50px; top: 4.31534px;\">\n<div class=\"gtx-trans-icon\"><\/div>\n<\/div>\n<\/div><\/section><\/div><div class=\"flex_column av_one_full  flex_column_div av-zero-column-padding first  avia-builder-el-4  el_after_av_one_full  el_before_av_hr  column-top-margin\" style='border-radius:0px; '><section class=\"av_textblock_section \"  itemscope=\"itemscope\" itemtype=\"https:\/\/schema.org\/BlogPosting\" itemprop=\"blogPost\" ><div class='avia_textblock  '   itemprop=\"text\" ><p style=\"text-align: justify;\">Una nutrida agenda de actividades cumpli\u00f3 recientemente la Seremi de Vivienda, Paulina Ruz y su equipo asesor en las localidades de Puerto Cisnes y La Junta, donde se reuni\u00f3 con autoridades locales, dirigentes y socios de comit\u00e9s de vivienda y donde adem\u00e1s pudo visitar casos sociales, obras en ejecuci\u00f3n y algunos terrenos donde se proyecta la construcci\u00f3n de nuevas soluciones habitacionales.<\/p>\n<p style=\"text-align: justify;\">En sus primeras actividades en Puerto Cisnes la Seremi se reuni\u00f3 con el comit\u00e9 \u201cEl Canelo\u201d, el cual se encuentra en formaci\u00f3n desde hace pocos meses y a quienes entregaron toda la informaci\u00f3n relativa a los requisitos legales para postulaci\u00f3n, lo que requieren en cuanto a terreno y a una Entidad Patrocinante que elabore el proyecto. \u201cVimos satisfechos a los vecinos y vecinas con nuestra visita, pero tambi\u00e9n nosotros asumimos el compromiso de esta Seremi y del Serviu de poder acompa\u00f1arlos en lo que sea necesario para las gestiones que permitan poder concretar su derecho a la vivienda digna. Adem\u00e1s, realizamos una visita social en Puerto Cisnes, la que se tradujo en una asignaci\u00f3n directa, un subsidio que entregamos a un usuario que lo necesitaba, cuyo n\u00facleo familiar est\u00e1 integrado por una persona mayor\u201d, precis\u00f3 la Seremi.<\/p>\n<p style=\"text-align: justify;\">Posteriormente el equipo del Minvu se traslad\u00f3 hasta la localidad de La Junta, en el extremo norte de la regi\u00f3n, donde se reunieron con integrantes del comit\u00e9 \u201cEl Encuentro\u201d para entregar en forma directa la excelente noticia de que ya est\u00e1n seleccionados en el programa Fondo Solidario de Elecci\u00f3n de Vivienda correspondiente al llamado del a\u00f1o 2022, lo que significa que este a\u00f1o podr\u00eda comenzar la construcci\u00f3n de sus anheladas viviendas. \u201cCon esto vamos a generar empleo en la comuna, donde tambi\u00e9n existen recursos provenientes del Minvu destinados a este proyecto, por supuesto en el marco de nuestro Plan de Emergencia Habitacional, donde en este caso fueron m\u00e1s de 3 mil 200 millones de pesos, incluida la compra del terreno donde van a estar emplazadas las viviendas para que podamos llegar con soluciones habitacionales a familias de los distintos territorios de la regi\u00f3n de Ays\u00e9n\u201d, afirm\u00f3.<\/p>\n<p style=\"text-align: justify;\">La buena noticia fue valorada por Daniela Rodr\u00edguez, Secretaria del comit\u00e9 \u201cEl Encuentro\u201d de la Junta, quien agradeci\u00f3 en nombre de sus 32 integrantes el apoyo que han recibido para seguir avanzando en las diferentes etapas del proyecto. \u201cExcelente porque llevamos 10 a\u00f1os como comit\u00e9 esperando esta instancia. Esta gran noticia es muy positiva para todos porque en este comit\u00e9 la mayor parte de las familias son madres solteras y tenemos adultos mayores, personas con discapacidad, entonces son familias que llevan a\u00f1os arrendando y que vayan a tener su casa propia creo que es una felicidad enorme para todos. Agradecer tambi\u00e9n a la municipalidad por la creaci\u00f3n de la entidad patrocinante y por el compromiso que adquirieron con el comit\u00e9, ya que fueron 4 a\u00f1os en que se trabaj\u00f3 desde cero y donde finalmente se lleg\u00f3 al objetivo. Agradecer tambi\u00e9n al Gobierno, a la Seremi que siempre se comprometi\u00f3, siempre fue transparente y eso se agradece, al igual que a mi presidenta y a nuestro asesor que se las han jugado siempre\u201d, manifest\u00f3.<\/p>\n<p style=\"text-align: justify;\">Cabe consignar que el equipo del Minvu no s\u00f3lo dio cuenta de la gesti\u00f3n que se viene realizando en materia habitacional, ya que tambi\u00e9n inform\u00f3 a los habitantes de la comuna de Cisnes sobre los avances en materia de urbanismo y en especial en cuanto al Programa de Pavimentaci\u00f3n Participativa. \u00a0Es as\u00ed como en el llamado 32 correspondiente al a\u00f1o 2022, se podr\u00e1 llegar con dicho adelanto a lugares apartados como Ra\u00fal Mar\u00edn Balmaceda, donde el Minvu invertir\u00e1 2 mil 300 millones de pesos para pavimentar mil 115 metros lineales de calles y pasajes, con lo que se aborda tambi\u00e9n la necesidad de mejorar los espacios p\u00fablicos, generando empleo, dinamismo a las econom\u00edas locales y sobre todo mejorando la calidad de vida de las familias.<\/p>\n<\/div><\/section><\/div><div  style='height:50px' class='hr hr-invisible   avia-builder-el-6  el_after_av_one_full  el_before_av_social_share '><span class='hr-inner ' ><span class='hr-inner-style'><\/span><\/span><\/div><\/p>\n<div  class='av-social-sharing-box  avia-builder-el-7  el_after_av_hr  el_before_av_hr  '><div class='av-share-box'><h5 class='av-share-link-description av-no-toc '>Compartir esta noticia<\/h5><ul class='av-share-box-list noLightbox'><li class='av-share-link av-social-link-facebook' ><a target=\"_blank\" aria-label=\"Compartir en Facebook\" href='https:\/\/www.facebook.com\/sharer.php?u=https:\/\/radiorevelacionfm.cl\/?p=28840&#038;t=Seremi%20de%20Vivienda%20visit%C3%B3%20Puerto%20Cisnes%20y%20La%20Junta%20para%20informar%20avances%20en%20proyectos%20habitacionales%20y%20de%20pavimentaci%C3%B3n' aria-hidden='false' data-av_icon='\ue8f3' data-av_iconfont='entypo-fontello' title='' data-avia-related-tooltip='Compartir en Facebook' rel=\"noopener\"><span class='avia_hidden_link_text'>Compartir en Facebook<\/span><\/a><\/li><li class='av-share-link av-social-link-twitter' ><a target=\"_blank\" aria-label=\"Compartir en Twitter\" href='https:\/\/twitter.com\/share?text=Seremi%20de%20Vivienda%20visit%C3%B3%20Puerto%20Cisnes%20y%20La%20Junta%20para%20informar%20avances%20en%20proyectos%20habitacionales%20y%20de%20pavimentaci%C3%B3n&#038;url=https:\/\/radiorevelacionfm.cl\/?p=28840' aria-hidden='false' data-av_icon='\ue8f1' data-av_iconfont='entypo-fontello' title='' data-avia-related-tooltip='Compartir en Twitter' rel=\"noopener\"><span class='avia_hidden_link_text'>Compartir en Twitter<\/span><\/a><\/li><li class='av-share-link av-social-link-whatsapp' ><a target=\"_blank\" aria-label=\"Compartir en Whatsapp\" href='https:\/\/api.whatsapp.com\/send?text=https:\/\/radiorevelacionfm.cl\/?p=28840' aria-hidden='false' data-av_icon='\uf232' data-av_iconfont='entypo-fontello' title='' data-avia-related-tooltip='Compartir en Whatsapp' rel=\"noopener\"><span class='avia_hidden_link_text'>Compartir en Whatsapp<\/span><\/a><\/li><li class='av-share-link av-social-link-linkedin' ><a target=\"_blank\" aria-label=\"Compartir en LinkedIn\" href='https:\/\/linkedin.com\/shareArticle?mini=true&#038;title=Seremi%20de%20Vivienda%20visit%C3%B3%20Puerto%20Cisnes%20y%20La%20Junta%20para%20informar%20avances%20en%20proyectos%20habitacionales%20y%20de%20pavimentaci%C3%B3n&#038;url=https:\/\/radiorevelacionfm.cl\/?p=28840' aria-hidden='false' data-av_icon='\ue8fc' data-av_iconfont='entypo-fontello' title='' data-avia-related-tooltip='Compartir en LinkedIn' rel=\"noopener\"><span class='avia_hidden_link_text'>Compartir en LinkedIn<\/span><\/a><\/li><li class='av-share-link av-social-link-mail' ><a  aria-label=\"Compartir por correo\" href='mailto:?subject=Seremi%20de%20Vivienda%20visit%C3%B3%20Puerto%20Cisnes%20y%20La%20Junta%20para%20informar%20avances%20en%20proyectos%20habitacionales%20y%20de%20pavimentaci%C3%B3n&#038;body=https:\/\/radiorevelacionfm.cl\/?p=28840' aria-hidden='false' data-av_icon='\ue805' data-av_iconfont='entypo-fontello' title='' data-avia-related-tooltip='Compartir por correo'><span class='avia_hidden_link_text'>Compartir por correo<\/span><\/a><\/li><\/ul><\/div><\/div>\n<div  style='height:50px' class='hr hr-invisible   avia-builder-el-8  el_after_av_social_share  el_before_av_comments_list '><span class='hr-inner ' ><span class='hr-inner-style'><\/span><\/span><\/div>\n<div  class='av-buildercomment  av-blog-meta-html-info-disabled av-blog-meta-tag-disabled  '><\/div>\n","protected":false},"excerpt":{"rendered":"","protected":false},"author":1,"featured_media":28841,"comment_status":"open","ping_status":"open","sticky":false,"template":"","format":"standard","meta":{"footnotes":""},"categories":[57],"tags":[],"class_list":["post-28840","post","type-post","status-publish","format-standard","has-post-thumbnail","hentry","category-vivienda"],"jetpack_featured_media_url":"https:\/\/radiorevelacionfm.cl\/wp-content\/uploads\/2023\/03\/entrega-de-subsidio-mediante-asignacion-directa-puerto-cisnes-1_optimized.jpeg","_links":{"self":[{"href":"https:\/\/radiorevelacionfm.cl\/index.php?rest_route=\/wp\/v2\/posts\/28840","targetHints":{"allow":["GET"]}}],"collection":[{"href":"https:\/\/radiorevelacionfm.cl\/index.php?rest_route=\/wp\/v2\/posts"}],"about":[{"href":"https:\/\/radiorevelacionfm.cl\/index.php?rest_route=\/wp\/v2\/types\/post"}],"author":[{"embeddable":true,"href":"https:\/\/radiorevelacionfm.cl\/index.php?rest_route=\/wp\/v2\/users\/1"}],"replies":[{"embeddable":true,"href":"https:\/\/radiorevelacionfm.cl\/index.php?rest_route=%2Fwp%2Fv2%2Fcomments&post=28840"}],"version-history":[{"count":2,"href":"https:\/\/radiorevelacionfm.cl\/index.php?rest_route=\/wp\/v2\/posts\/28840\/revisions"}],"predecessor-version":[{"id":28859,"href":"https:\/\/radiorevelacionfm.cl\/index.php?rest_route=\/wp\/v2\/posts\/28840\/revisions\/28859"}],"wp:featuredmedia":[{"embeddable":true,"href":"https:\/\/radiorevelacionfm.cl\/index.php?rest_route=\/wp\/v2\/media\/28841"}],"wp:attachment":[{"href":"https:\/\/radiorevelacionfm.cl\/index.php?rest_route=%2Fwp%2Fv2%2Fmedia&parent=28840"}],"wp:term":[{"taxonomy":"category","embeddable":true,"href":"https:\/\/radiorevelacionfm.cl\/index.php?rest_route=%2Fwp%2Fv2%2Fcategories&post=28840"},{"taxonomy":"post_tag","embeddable":true,"href":"https:\/\/radiorevelacionfm.cl\/index.php?rest_route=%2Fwp%2Fv2%2Ftags&post=28840"}],"curies":[{"name":"wp","href":"https:\/\/api.w.org\/{rel}","templated":true}]}}