{"id":28837,"date":"2023-03-14T17:41:15","date_gmt":"2023-03-14T20:41:15","guid":{"rendered":"https:\/\/radiorevelacionfm.cl\/?p=28837"},"modified":"2023-03-14T17:41:15","modified_gmt":"2023-03-14T20:41:15","slug":"deportista-aysenino-wladimir-vergara-clasifico-al-sudamericano-y-panamericano-de-karate","status":"publish","type":"post","link":"https:\/\/radiorevelacionfm.cl\/?p=28837","title":{"rendered":"Deportista aysenino Wladimir Vergara clasific\u00f3 al sudamericano y panamericano de Karate"},"content":{"rendered":"<div class=\"flex_column av_one_full  flex_column_div av-zero-column-padding first  avia-builder-el-0  el_before_av_one_full  avia-builder-el-first  \" style='border-radius:0px; '><div  class='avia-image-container  av-styling-    avia-builder-el-1  avia-builder-el-no-sibling  avia-align-center '  itemprop=\"image\" itemscope=\"itemscope\" itemtype=\"https:\/\/schema.org\/ImageObject\"  ><div class='avia-image-container-inner'><div class='avia-image-overlay-wrap'><img decoding=\"async\" class='wp-image-28838 avia-img-lazy-loading-not-28838 avia_image' src=\"https:\/\/radiorevelacionfm.cl\/wp-content\/uploads\/2023\/03\/FB_IMG_1678728408756-1-1.jpg\" alt='' title='FB_IMG_1678728408756 (1) (1)' height=\"600\" width=\"752\"  itemprop=\"thumbnailUrl\" srcset=\"https:\/\/radiorevelacionfm.cl\/wp-content\/uploads\/2023\/03\/FB_IMG_1678728408756-1-1.jpg 752w, https:\/\/radiorevelacionfm.cl\/wp-content\/uploads\/2023\/03\/FB_IMG_1678728408756-1-1-300x239.jpg 300w, https:\/\/radiorevelacionfm.cl\/wp-content\/uploads\/2023\/03\/FB_IMG_1678728408756-1-1-705x563.jpg 705w, https:\/\/radiorevelacionfm.cl\/wp-content\/uploads\/2023\/03\/FB_IMG_1678728408756-1-1-600x479.jpg 600w\" sizes=\"(max-width: 752px) 100vw, 752px\" \/><\/div><\/div><\/div><\/div><div class=\"flex_column av_one_full  flex_column_div av-zero-column-padding first  avia-builder-el-2  el_after_av_one_full  el_before_av_one_full  column-top-margin\" style='border-radius:0px; '><section class=\"av_textblock_section \"  itemscope=\"itemscope\" itemtype=\"https:\/\/schema.org\/BlogPosting\" itemprop=\"blogPost\" ><div class='avia_textblock  '   itemprop=\"text\" ><p style=\"text-align: center;\"><span style=\"font-size: 18pt;\"><strong>Deportista aysenino Wladimir Vergara clasific\u00f3 al sudamericano y panamericano de Karate<\/strong><\/span><\/p>\n<div id=\"gtx-trans\" style=\"position: absolute; left: -50px; top: 4.31534px;\">\n<div class=\"gtx-trans-icon\"><\/div>\n<\/div>\n<\/div><\/section><\/div><div class=\"flex_column av_one_full  flex_column_div av-zero-column-padding first  avia-builder-el-4  el_after_av_one_full  el_before_av_hr  column-top-margin\" style='border-radius:0px; '><section class=\"av_textblock_section \"  itemscope=\"itemscope\" itemtype=\"https:\/\/schema.org\/BlogPosting\" itemprop=\"blogPost\" ><div class='avia_textblock  '   itemprop=\"text\" ><p style=\"text-align: justify;\">El joven deportista aysenino, Wladimir Vergara Gonz\u00e1lez, obtuvo el segundo lugar a nivel nacional en parakarate, con lo que clasific\u00f3 a los torneos Sudamericano y Panamericano de la disciplina, manteni\u00e9ndose por segundo a\u00f1o consecutivo como seleccionado nacional.<\/p>\n<p style=\"text-align: justify;\">Vergara es un joven con una amplia trayectoria en el deporte, logrando destacarse en diversas competencias tanto a nivel nacional como internacional, siendo el parakate una de ellas, la que fue reconocida recientemente como una nueva modalidad por el Comit\u00e9 Paral\u00edmpico de Chile.<\/p>\n<p style=\"text-align: justify;\">Recientemente, Vergara particip\u00f3 del Campeonato Zonal disputado en la ciudad de Osorno, instancia en la que obtuvo el primer lugar, lo que permiti\u00f3 garantizar su permanencia en el equipo nacional.<\/p>\n<p style=\"text-align: justify;\">Wladimir indic\u00f3 sentirse muy feliz, y agradeci\u00f3 el apoyo tanto de su familia, de su \u2018sensei\u2019 al Polideportivo 21 de Abril, a su escuela de Karate \u201cAska\u201d y al Gobierno Regional de Ays\u00e9n, quienes apoyaron al joven con una asignaci\u00f3n directa que le permiti\u00f3 prepararse y competir fuera del pa\u00eds. \u201cEstoy feliz y agradecido de todos. Ahora espero poder reunir el dinero para continuar representando a mi pa\u00eds y a mi regi\u00f3n, quiero seguir compitiendo\u201d, agreg\u00f3 el deportista.<\/p>\n<p style=\"text-align: justify;\">Marco Co\u00f1uecar, \u2018sensei\u2019 de Wladimir, coment\u00f3 estar \u201cmuy orgulloso. Fue dif\u00edcil, porque el nivel cada d\u00eda es m\u00e1s exigente y requiere de una mejor preparaci\u00f3n\u201d, recalcando adem\u00e1s la labor del entorno de los j\u00f3venes. \u201cEl compromiso de Wladimir es digno de imitar. Felicito a su equipo t\u00e9cnico y principalmente a su familia, ellos son clave en este logro\u201d, agreg\u00f3.<\/p>\n<p style=\"text-align: justify;\">El \u00e1rbitro mundial y m\u00e1ximo exponente del parakarate en Chile, el \u2018sensei\u2019 Rafer Rivera, aprovech\u00f3 la instancia para enviar sus felicitaciones a Wladimir, indicando que \u201cesto es un merecido reconocimiento al esfuerzo y sacrificio de las regiones\u201d.<\/p>\n<p style=\"text-align: justify;\">Pr\u00f3ximamente, Vergara participar\u00e1 de diversas competencias internacionales, comenzando con el Sudamericano de Brasil, posteriormente el Panamericano en Costa Rica y finalizando con la Copa del Mundo en Francia.<\/p>\n<\/div><\/section><\/div><div  style='height:50px' class='hr hr-invisible   avia-builder-el-6  el_after_av_one_full  el_before_av_social_share '><span class='hr-inner ' ><span class='hr-inner-style'><\/span><\/span><\/div><\/p>\n<div  class='av-social-sharing-box  avia-builder-el-7  el_after_av_hr  el_before_av_hr  '><div class='av-share-box'><h5 class='av-share-link-description av-no-toc '>Compartir esta noticia<\/h5><ul class='av-share-box-list noLightbox'><li class='av-share-link av-social-link-facebook' ><a target=\"_blank\" aria-label=\"Compartir en Facebook\" href='https:\/\/www.facebook.com\/sharer.php?u=https:\/\/radiorevelacionfm.cl\/?p=28837&#038;t=Deportista%20aysenino%20Wladimir%20Vergara%20clasific%C3%B3%20al%20sudamericano%20y%20panamericano%20de%20Karate' aria-hidden='false' data-av_icon='\ue8f3' data-av_iconfont='entypo-fontello' title='' data-avia-related-tooltip='Compartir en Facebook' rel=\"noopener\"><span class='avia_hidden_link_text'>Compartir en Facebook<\/span><\/a><\/li><li class='av-share-link av-social-link-twitter' ><a target=\"_blank\" aria-label=\"Compartir en Twitter\" href='https:\/\/twitter.com\/share?text=Deportista%20aysenino%20Wladimir%20Vergara%20clasific%C3%B3%20al%20sudamericano%20y%20panamericano%20de%20Karate&#038;url=https:\/\/radiorevelacionfm.cl\/?p=28837' aria-hidden='false' data-av_icon='\ue8f1' data-av_iconfont='entypo-fontello' title='' data-avia-related-tooltip='Compartir en Twitter' rel=\"noopener\"><span class='avia_hidden_link_text'>Compartir en Twitter<\/span><\/a><\/li><li class='av-share-link av-social-link-whatsapp' ><a target=\"_blank\" aria-label=\"Compartir en Whatsapp\" href='https:\/\/api.whatsapp.com\/send?text=https:\/\/radiorevelacionfm.cl\/?p=28837' aria-hidden='false' data-av_icon='\uf232' data-av_iconfont='entypo-fontello' title='' data-avia-related-tooltip='Compartir en Whatsapp' rel=\"noopener\"><span class='avia_hidden_link_text'>Compartir en Whatsapp<\/span><\/a><\/li><li class='av-share-link av-social-link-linkedin' ><a target=\"_blank\" aria-label=\"Compartir en LinkedIn\" href='https:\/\/linkedin.com\/shareArticle?mini=true&#038;title=Deportista%20aysenino%20Wladimir%20Vergara%20clasific%C3%B3%20al%20sudamericano%20y%20panamericano%20de%20Karate&#038;url=https:\/\/radiorevelacionfm.cl\/?p=28837' aria-hidden='false' data-av_icon='\ue8fc' data-av_iconfont='entypo-fontello' title='' data-avia-related-tooltip='Compartir en LinkedIn' rel=\"noopener\"><span class='avia_hidden_link_text'>Compartir en LinkedIn<\/span><\/a><\/li><li class='av-share-link av-social-link-mail' ><a  aria-label=\"Compartir por correo\" href='mailto:?subject=Deportista%20aysenino%20Wladimir%20Vergara%20clasific%C3%B3%20al%20sudamericano%20y%20panamericano%20de%20Karate&#038;body=https:\/\/radiorevelacionfm.cl\/?p=28837' aria-hidden='false' data-av_icon='\ue805' data-av_iconfont='entypo-fontello' title='' data-avia-related-tooltip='Compartir por correo'><span class='avia_hidden_link_text'>Compartir por correo<\/span><\/a><\/li><\/ul><\/div><\/div>\n<div  style='height:50px' class='hr hr-invisible   avia-builder-el-8  el_after_av_social_share  el_before_av_comments_list '><span class='hr-inner ' ><span class='hr-inner-style'><\/span><\/span><\/div>\n<div  class='av-buildercomment  av-blog-meta-html-info-disabled av-blog-meta-tag-disabled  '><\/div>\n","protected":false},"excerpt":{"rendered":"","protected":false},"author":1,"featured_media":28838,"comment_status":"open","ping_status":"open","sticky":false,"template":"","format":"standard","meta":{"footnotes":""},"categories":[40],"tags":[],"class_list":["post-28837","post","type-post","status-publish","format-standard","has-post-thumbnail","hentry","category-deportes"],"jetpack_featured_media_url":"https:\/\/radiorevelacionfm.cl\/wp-content\/uploads\/2023\/03\/FB_IMG_1678728408756-1-1.jpg","_links":{"self":[{"href":"https:\/\/radiorevelacionfm.cl\/index.php?rest_route=\/wp\/v2\/posts\/28837","targetHints":{"allow":["GET"]}}],"collection":[{"href":"https:\/\/radiorevelacionfm.cl\/index.php?rest_route=\/wp\/v2\/posts"}],"about":[{"href":"https:\/\/radiorevelacionfm.cl\/index.php?rest_route=\/wp\/v2\/types\/post"}],"author":[{"embeddable":true,"href":"https:\/\/radiorevelacionfm.cl\/index.php?rest_route=\/wp\/v2\/users\/1"}],"replies":[{"embeddable":true,"href":"https:\/\/radiorevelacionfm.cl\/index.php?rest_route=%2Fwp%2Fv2%2Fcomments&post=28837"}],"version-history":[{"count":2,"href":"https:\/\/radiorevelacionfm.cl\/index.php?rest_route=\/wp\/v2\/posts\/28837\/revisions"}],"predecessor-version":[{"id":28853,"href":"https:\/\/radiorevelacionfm.cl\/index.php?rest_route=\/wp\/v2\/posts\/28837\/revisions\/28853"}],"wp:featuredmedia":[{"embeddable":true,"href":"https:\/\/radiorevelacionfm.cl\/index.php?rest_route=\/wp\/v2\/media\/28838"}],"wp:attachment":[{"href":"https:\/\/radiorevelacionfm.cl\/index.php?rest_route=%2Fwp%2Fv2%2Fmedia&parent=28837"}],"wp:term":[{"taxonomy":"category","embeddable":true,"href":"https:\/\/radiorevelacionfm.cl\/index.php?rest_route=%2Fwp%2Fv2%2Fcategories&post=28837"},{"taxonomy":"post_tag","embeddable":true,"href":"https:\/\/radiorevelacionfm.cl\/index.php?rest_route=%2Fwp%2Fv2%2Ftags&post=28837"}],"curies":[{"name":"wp","href":"https:\/\/api.w.org\/{rel}","templated":true}]}}