{"id":28827,"date":"2023-03-14T20:46:47","date_gmt":"2023-03-14T23:46:47","guid":{"rendered":"https:\/\/radiorevelacionfm.cl\/?p=28827"},"modified":"2023-03-14T20:46:47","modified_gmt":"2023-03-14T23:46:47","slug":"invitan-a-facebook-live-programas-y-beneficios-que-apoyan-la-autonomia-economica-de-la-mujer","status":"publish","type":"post","link":"https:\/\/radiorevelacionfm.cl\/?p=28827","title":{"rendered":"Invitan a Facebook live \u00abProgramas y beneficios que apoyan la autonom\u00eda econ\u00f3mica de la mujer\u00bb"},"content":{"rendered":"<div class=\"flex_column av_one_full  flex_column_div av-zero-column-padding first  avia-builder-el-0  el_before_av_one_full  avia-builder-el-first  \" style='border-radius:0px; '><div  class='avia-image-container  av-styling-    avia-builder-el-1  avia-builder-el-no-sibling  avia-align-center '  itemprop=\"image\" itemscope=\"itemscope\" itemtype=\"https:\/\/schema.org\/ImageObject\"  ><div class='avia-image-container-inner'><div class='avia-image-overlay-wrap'><img decoding=\"async\" class='wp-image-28828 avia-img-lazy-loading-not-28828 avia_image' src=\"https:\/\/radiorevelacionfm.cl\/wp-content\/uploads\/2023\/03\/fb-live-8m_chilevalora_sence_observatoriolab-1_optimized.jpg\" alt='' title='fb-live-8m_chilevalora_sence_observatoriolab-(1)_optimized' height=\"600\" width=\"600\"  itemprop=\"thumbnailUrl\" srcset=\"https:\/\/radiorevelacionfm.cl\/wp-content\/uploads\/2023\/03\/fb-live-8m_chilevalora_sence_observatoriolab-1_optimized.jpg 600w, https:\/\/radiorevelacionfm.cl\/wp-content\/uploads\/2023\/03\/fb-live-8m_chilevalora_sence_observatoriolab-1_optimized-300x300.jpg 300w, https:\/\/radiorevelacionfm.cl\/wp-content\/uploads\/2023\/03\/fb-live-8m_chilevalora_sence_observatoriolab-1_optimized-80x80.jpg 80w, https:\/\/radiorevelacionfm.cl\/wp-content\/uploads\/2023\/03\/fb-live-8m_chilevalora_sence_observatoriolab-1_optimized-36x36.jpg 36w, https:\/\/radiorevelacionfm.cl\/wp-content\/uploads\/2023\/03\/fb-live-8m_chilevalora_sence_observatoriolab-1_optimized-180x180.jpg 180w, https:\/\/radiorevelacionfm.cl\/wp-content\/uploads\/2023\/03\/fb-live-8m_chilevalora_sence_observatoriolab-1_optimized-100x100.jpg 100w\" sizes=\"(max-width: 600px) 100vw, 600px\" \/><\/div><\/div><\/div><\/div><div class=\"flex_column av_one_full  flex_column_div av-zero-column-padding first  avia-builder-el-2  el_after_av_one_full  el_before_av_one_full  column-top-margin\" style='border-radius:0px; '><section class=\"av_textblock_section \"  itemscope=\"itemscope\" itemtype=\"https:\/\/schema.org\/BlogPosting\" itemprop=\"blogPost\" ><div class='avia_textblock  '   itemprop=\"text\" ><p style=\"text-align: center;\"><strong><span style=\"font-size: 18pt;\">Invitan a Facebook live \u00abProgramas y beneficios que apoyan la autonom\u00eda econ\u00f3mica de la mujer\u00bb<\/span><\/strong><\/p>\n<div id=\"gtx-trans\" style=\"position: absolute; left: -50px; top: 4.31534px;\">\n<div class=\"gtx-trans-icon\"><\/div>\n<\/div>\n<\/div><\/section><\/div><div class=\"flex_column av_one_full  flex_column_div av-zero-column-padding first  avia-builder-el-4  el_after_av_one_full  el_before_av_hr  column-top-margin\" style='border-radius:0px; '><section class=\"av_textblock_section \"  itemscope=\"itemscope\" itemtype=\"https:\/\/schema.org\/BlogPosting\" itemprop=\"blogPost\" ><div class='avia_textblock  '   itemprop=\"text\" ><p class=\"v1MsoNormal\" style=\"text-align: justify;\"><span lang=\"ES-TRAD\">Con el prop\u00f3sito de difundir beneficios y programas que apoyan la autonom\u00eda de la mujer, visto desde una perspectiva regional, el Seremi de Trabajo y Previsi\u00f3n Social, ChileValora, el Servicio Nacional de Capacitaci\u00f3n y Empleo, Sence y el Observatorio Laboral de Ays\u00e9n, est\u00e1n organizando una instancia informativa a trav\u00e9s de la plataforma de Facebook live.<\/span><\/p>\n<p class=\"v1MsoNormal\" style=\"text-align: justify;\"><span lang=\"ES-TRAD\">Esta iniciativa se enmarca en el Mes de la Mujer, donde las instituciones buscan destacar la autonom\u00eda econ\u00f3mica como una oportunidad concreta para que las mujeres accedan a mejores beneficios y mejores oportunidades de trabajos, disminuyendo de este modo la dependencia econ\u00f3mica y la vinculaci\u00f3n que ella tiene en el c\u00edrculo de la violencia de g\u00e9nero.<\/span><\/p>\n<p class=\"v1MsoNormal\" style=\"text-align: justify;\"><span lang=\"ES-TRAD\">Al respecto se refiri\u00f3 el Seremi Rodrigo D\u00edaz, de Trabajo y Previsi\u00f3n Social, \u00abEste Facebook live que organiza ChileValora con Sence y el Observatorio Laboral tiene como fin que las mujeres trabajadoras puedan conocer la oferta existente, como la de ChileValora, para que puedan tener su independencia econ\u00f3mica y con ello, hacerlas m\u00e1s independientes y erradicar la violencia que sufren. Por ello, nos interesa que participen todas las mujeres, que conozcan estas alternativas y sea provechosa esta oportunidad para todas\u00bb, afirm\u00f3.<\/span><\/p>\n<p class=\"v1MsoNormal\" style=\"text-align: justify;\"><span lang=\"ES-TRAD\">Valeska Valenzuela, coordinadora regional de ChileValora realiz\u00f3 una invitaci\u00f3n extensiva a toda la comunidad, \u00abQueremos invitar a todas las mujeres a que se pueden conectar a nuestro Facebook live que se va a realizar en virtud de potenciar la autonom\u00eda econ\u00f3mica de las mujeres a trav\u00e9s del programa de certificaci\u00f3n de competencias laborales. En este Facebook live van a encontrar de qu\u00e9 se trata el sistema de evaluaci\u00f3n y certificaci\u00f3n de competencias y como es un aporte a la empleabilidad y al empleo de las mujeres\u00bb, coment\u00f3<\/span><\/p>\n<p class=\"v1MsoNormal\" style=\"text-align: justify;\"><span lang=\"ES-TRAD\">En la oportunidad, el Observatorio Laboral presentar\u00e1 informaci\u00f3n relacionada con mujeres en el \u00e1mbito laboral, haciendo \u00e9nfasis en las brechas existentes en la actualidad en nuestra Regi\u00f3n de Ays\u00e9n.<\/span><\/p>\n<p class=\"v1MsoNormal\" style=\"text-align: justify;\"><span lang=\"ES-TRAD\">El Facebook live denominado \u00abProgramas y beneficios que apoyan la autonom\u00eda econ\u00f3mica de la mujer\u00bb se transmitir\u00e1 a trav\u00e9s de la cuenta institucional de la Serem\u00eda de Trabajo y Previsi\u00f3n Social,\u00a0<\/span><span lang=\"ES\"><a href=\"http:\/\/www.facebook.com\/MintrabAysen\" target=\"_blank\" rel=\"noopener noreferrer\"><span lang=\"ES-TRAD\">www.facebook.com\/MintrabAysen<\/span><\/a><\/span><span lang=\"ES-TRAD\">, este mi\u00e9rcoles 15 de marzo, a las 11:00 donde se podr\u00e1n realizar preguntas que se ser\u00e1n respondidas en vivo. Adem\u00e1s, quedar\u00e1 alojado en la plataforma para que se pueda revisar posteriormente.<\/span><\/p>\n<\/div><\/section><\/div><div  style='height:50px' class='hr hr-invisible   avia-builder-el-6  el_after_av_one_full  el_before_av_social_share '><span class='hr-inner ' ><span class='hr-inner-style'><\/span><\/span><\/div><\/p>\n<div  class='av-social-sharing-box  avia-builder-el-7  el_after_av_hr  el_before_av_hr  '><div class='av-share-box'><h5 class='av-share-link-description av-no-toc '>Compartir esta noticia<\/h5><ul class='av-share-box-list noLightbox'><li class='av-share-link av-social-link-facebook' ><a target=\"_blank\" aria-label=\"Compartir en Facebook\" href='https:\/\/www.facebook.com\/sharer.php?u=https:\/\/radiorevelacionfm.cl\/?p=28827&#038;t=Invitan%20a%20Facebook%20live%20%C2%ABProgramas%20y%20beneficios%20que%20apoyan%20la%20autonom%C3%ADa%20econ%C3%B3mica%20de%20la%20mujer%C2%BB' aria-hidden='false' data-av_icon='\ue8f3' data-av_iconfont='entypo-fontello' title='' data-avia-related-tooltip='Compartir en Facebook' rel=\"noopener\"><span class='avia_hidden_link_text'>Compartir en Facebook<\/span><\/a><\/li><li class='av-share-link av-social-link-twitter' ><a target=\"_blank\" aria-label=\"Compartir en Twitter\" href='https:\/\/twitter.com\/share?text=Invitan%20a%20Facebook%20live%20%C2%ABProgramas%20y%20beneficios%20que%20apoyan%20la%20autonom%C3%ADa%20econ%C3%B3mica%20de%20la%20mujer%C2%BB&#038;url=https:\/\/radiorevelacionfm.cl\/?p=28827' aria-hidden='false' data-av_icon='\ue8f1' data-av_iconfont='entypo-fontello' title='' data-avia-related-tooltip='Compartir en Twitter' rel=\"noopener\"><span class='avia_hidden_link_text'>Compartir en Twitter<\/span><\/a><\/li><li class='av-share-link av-social-link-whatsapp' ><a target=\"_blank\" aria-label=\"Compartir en Whatsapp\" href='https:\/\/api.whatsapp.com\/send?text=https:\/\/radiorevelacionfm.cl\/?p=28827' aria-hidden='false' data-av_icon='\uf232' data-av_iconfont='entypo-fontello' title='' data-avia-related-tooltip='Compartir en Whatsapp' rel=\"noopener\"><span class='avia_hidden_link_text'>Compartir en Whatsapp<\/span><\/a><\/li><li class='av-share-link av-social-link-linkedin' ><a target=\"_blank\" aria-label=\"Compartir en LinkedIn\" href='https:\/\/linkedin.com\/shareArticle?mini=true&#038;title=Invitan%20a%20Facebook%20live%20%C2%ABProgramas%20y%20beneficios%20que%20apoyan%20la%20autonom%C3%ADa%20econ%C3%B3mica%20de%20la%20mujer%C2%BB&#038;url=https:\/\/radiorevelacionfm.cl\/?p=28827' aria-hidden='false' data-av_icon='\ue8fc' data-av_iconfont='entypo-fontello' title='' data-avia-related-tooltip='Compartir en LinkedIn' rel=\"noopener\"><span class='avia_hidden_link_text'>Compartir en LinkedIn<\/span><\/a><\/li><li class='av-share-link av-social-link-mail' ><a  aria-label=\"Compartir por correo\" href='mailto:?subject=Invitan%20a%20Facebook%20live%20%C2%ABProgramas%20y%20beneficios%20que%20apoyan%20la%20autonom%C3%ADa%20econ%C3%B3mica%20de%20la%20mujer%C2%BB&#038;body=https:\/\/radiorevelacionfm.cl\/?p=28827' aria-hidden='false' data-av_icon='\ue805' data-av_iconfont='entypo-fontello' title='' data-avia-related-tooltip='Compartir por correo'><span class='avia_hidden_link_text'>Compartir por correo<\/span><\/a><\/li><\/ul><\/div><\/div>\n<div  style='height:50px' class='hr hr-invisible   avia-builder-el-8  el_after_av_social_share  el_before_av_comments_list '><span class='hr-inner ' ><span class='hr-inner-style'><\/span><\/span><\/div>\n<div  class='av-buildercomment  av-blog-meta-html-info-disabled av-blog-meta-tag-disabled  '><\/div>\n","protected":false},"excerpt":{"rendered":"","protected":false},"author":1,"featured_media":28829,"comment_status":"open","ping_status":"open","sticky":false,"template":"","format":"standard","meta":{"footnotes":""},"categories":[38],"tags":[],"class_list":["post-28827","post","type-post","status-publish","format-standard","has-post-thumbnail","hentry","category-regional"],"jetpack_featured_media_url":"https:\/\/radiorevelacionfm.cl\/wp-content\/uploads\/2023\/03\/fb-live-8m_chilevalora_sence_observatoriolab-1-2_optimized.jpg","_links":{"self":[{"href":"https:\/\/radiorevelacionfm.cl\/index.php?rest_route=\/wp\/v2\/posts\/28827","targetHints":{"allow":["GET"]}}],"collection":[{"href":"https:\/\/radiorevelacionfm.cl\/index.php?rest_route=\/wp\/v2\/posts"}],"about":[{"href":"https:\/\/radiorevelacionfm.cl\/index.php?rest_route=\/wp\/v2\/types\/post"}],"author":[{"embeddable":true,"href":"https:\/\/radiorevelacionfm.cl\/index.php?rest_route=\/wp\/v2\/users\/1"}],"replies":[{"embeddable":true,"href":"https:\/\/radiorevelacionfm.cl\/index.php?rest_route=%2Fwp%2Fv2%2Fcomments&post=28827"}],"version-history":[{"count":2,"href":"https:\/\/radiorevelacionfm.cl\/index.php?rest_route=\/wp\/v2\/posts\/28827\/revisions"}],"predecessor-version":[{"id":28875,"href":"https:\/\/radiorevelacionfm.cl\/index.php?rest_route=\/wp\/v2\/posts\/28827\/revisions\/28875"}],"wp:featuredmedia":[{"embeddable":true,"href":"https:\/\/radiorevelacionfm.cl\/index.php?rest_route=\/wp\/v2\/media\/28829"}],"wp:attachment":[{"href":"https:\/\/radiorevelacionfm.cl\/index.php?rest_route=%2Fwp%2Fv2%2Fmedia&parent=28827"}],"wp:term":[{"taxonomy":"category","embeddable":true,"href":"https:\/\/radiorevelacionfm.cl\/index.php?rest_route=%2Fwp%2Fv2%2Fcategories&post=28827"},{"taxonomy":"post_tag","embeddable":true,"href":"https:\/\/radiorevelacionfm.cl\/index.php?rest_route=%2Fwp%2Fv2%2Ftags&post=28827"}],"curies":[{"name":"wp","href":"https:\/\/api.w.org\/{rel}","templated":true}]}}