{"id":28824,"date":"2023-03-15T14:15:20","date_gmt":"2023-03-15T17:15:20","guid":{"rendered":"https:\/\/radiorevelacionfm.cl\/?p=28824"},"modified":"2023-03-15T14:15:20","modified_gmt":"2023-03-15T17:15:20","slug":"corfo-pone-en-marcha-primera-incubadora-regional-de-negocios-en-aysen","status":"publish","type":"post","link":"https:\/\/radiorevelacionfm.cl\/?p=28824","title":{"rendered":"Corfo pone en marcha primera incubadora regional de negocios en Ays\u00e9n"},"content":{"rendered":"<div class=\"flex_column av_one_full  flex_column_div av-zero-column-padding first  avia-builder-el-0  el_before_av_one_full  avia-builder-el-first  \" style='border-radius:0px; '><div  class='avia-image-container  av-styling-    avia-builder-el-1  avia-builder-el-no-sibling  avia-align-center '  itemprop=\"image\" itemscope=\"itemscope\" itemtype=\"https:\/\/schema.org\/ImageObject\"  ><div class='avia-image-container-inner'><div class='avia-image-overlay-wrap'><img decoding=\"async\" class='wp-image-28825 avia-img-lazy-loading-not-28825 avia_image' src=\"https:\/\/radiorevelacionfm.cl\/wp-content\/uploads\/2023\/03\/20230206_120221-1-1-1.jpg\" alt='' title='20230206_120221 (1) (1) (1)' height=\"600\" width=\"937\"  itemprop=\"thumbnailUrl\" srcset=\"https:\/\/radiorevelacionfm.cl\/wp-content\/uploads\/2023\/03\/20230206_120221-1-1-1.jpg 937w, https:\/\/radiorevelacionfm.cl\/wp-content\/uploads\/2023\/03\/20230206_120221-1-1-1-300x192.jpg 300w, https:\/\/radiorevelacionfm.cl\/wp-content\/uploads\/2023\/03\/20230206_120221-1-1-1-768x492.jpg 768w, https:\/\/radiorevelacionfm.cl\/wp-content\/uploads\/2023\/03\/20230206_120221-1-1-1-705x451.jpg 705w, https:\/\/radiorevelacionfm.cl\/wp-content\/uploads\/2023\/03\/20230206_120221-1-1-1-600x384.jpg 600w\" sizes=\"(max-width: 937px) 100vw, 937px\" \/><\/div><\/div><\/div><\/div><div class=\"flex_column av_one_full  flex_column_div av-zero-column-padding first  avia-builder-el-2  el_after_av_one_full  el_before_av_one_full  column-top-margin\" style='border-radius:0px; '><section class=\"av_textblock_section \"  itemscope=\"itemscope\" itemtype=\"https:\/\/schema.org\/BlogPosting\" itemprop=\"blogPost\" ><div class='avia_textblock  '   itemprop=\"text\" ><p style=\"font-weight: 400; text-align: center;\"><span style=\"font-size: 18pt;\"><strong>Corfo pone en marcha primera incubadora regional de negocios en Ays\u00e9n<\/strong><\/span><\/p>\n<p style=\"font-weight: 400;\"><strong>\u00a0<\/strong><\/p>\n<div id=\"gtx-trans\" style=\"position: absolute; left: -50px; top: 4.31534px;\">\n<div class=\"gtx-trans-icon\"><\/div>\n<\/div>\n<\/div><\/section><\/div><div class=\"flex_column av_one_full  flex_column_div av-zero-column-padding first  avia-builder-el-4  el_after_av_one_full  el_before_av_hr  column-top-margin\" style='border-radius:0px; '><section class=\"av_textblock_section \"  itemscope=\"itemscope\" itemtype=\"https:\/\/schema.org\/BlogPosting\" itemprop=\"blogPost\" ><div class='avia_textblock  '   itemprop=\"text\" ><p style=\"font-weight: 400; text-align: justify;\">Por primera vez, la Regi\u00f3n de Ays\u00e9n contar\u00e1 con una incubadora de negocios. Se trata de\u00a0Ecoterr\u00e1neo Potencia Ays\u00e9n que se suma a la red nacional desplegada por Corfo con un total de 12 incubadoras, que buscan\u00a0fortalecer los ecosistemas regionales de emprendimiento.<\/p>\n<p style=\"font-weight: 400; text-align: justify;\">As\u00ed lo inform\u00f3 Humberto Mar\u00edn Leiva, director de Corfo Ays\u00e9n indicando que el objetivo central es\u00a0entregar servicios y acompa\u00f1amiento especializado en materias de emprendimiento e innovaci\u00f3n. \u201cUno de los pilares del trabajo de Corfo en esta gesti\u00f3n es apoyar el proceso de descentralizaci\u00f3n de la actividad emprendedora. Nuestro prop\u00f3sito es aportar a la sofisticaci\u00f3n de nuestra actividad productiva, a trav\u00e9s de la innovaci\u00f3n, la ciencia y la tecnolog\u00eda, creando soluciones basadas en el conocimiento local con potencial de expansi\u00f3n a otros sectores o mercados\u201d.<\/p>\n<p style=\"font-weight: 400; text-align: justify;\">Agreg\u00f3 que las\u00a0incubadoras de negocios tienen un rol muy importante en dinamizar los ecosistemas regionales, a trav\u00e9s de acciones de coordinaci\u00f3n y promoci\u00f3n del emprendimiento.<\/p>\n<p style=\"font-weight: 400; text-align: justify;\">\u201cLas incubadoras de negocios se han convertido en actores claves del ecosistema de emprendimiento nacional, entregando servicios y acompa\u00f1amiento especializado en materias de emprendimiento e innovaci\u00f3n, con la finalidad de aumentar las probabilidades de \u00e9xito de los nuevos emprendimientos din\u00e1micos (presenten un alto grado de innovaci\u00f3n y que adem\u00e1s cuenten con un potencial para ser escalables), desde sus fases iniciales hasta etapas de crecimiento y escalamiento comercial o levantamiento de capital\u201d, coment\u00f3 Mar\u00edn.<\/p>\n<p style=\"font-weight: 400; text-align: justify;\"><strong>ECOTERR\u00c1NEO<\/strong><\/p>\n<p style=\"font-weight: 400; text-align: justify;\">Ecoterr\u00e1neo Potencia Ays\u00e9n, Incubadora de Negocios, se encontrar\u00e1 en Puerto Ays\u00e9n y busca apoyar emprendimientos tecnol\u00f3gicos, digitalizaci\u00f3n de procesos, circularidad y productos tradicionales con alto valor a\u00f1adido. El programa abrir\u00e1 su convocatoria en estos d\u00edas para aquellas personas que tengan una idea de emprendimiento en su fase inicial o bien, para aquellas personas que sin tener una idea concreta, tengan el compromiso y ganas de identificar oportunidades de innovaci\u00f3n en el mercado.<\/p>\n<p style=\"font-weight: 400; text-align: justify;\">Su director, Christian Haeger Figueroa, indic\u00f3 que \u201cestamos orgullosos y muy motivados por desarrollar nuestro proyecto. En conjunto a los emprendedores de la Regi\u00f3n de Ays\u00e9n, nuestra misi\u00f3n es descentralizar el emprendimiento, desplegando presencia en el litoral y las diferentes localidades de Ays\u00e9n. Pocas veces en la vida se nos presenta una oportunidad de trabajar en proyectos que impacten directamente a las personas y comunidades, ese es nuestro prop\u00f3sito en Ecoterraneo\u201d.<\/p>\n<p style=\"font-weight: 400; text-align: justify;\"><strong>INDICADORES Y RESULTADOS<\/strong><\/p>\n<p style=\"font-weight: 400; text-align: justify;\">El proceso incubaci\u00f3n comprende un periodo promedio entre 10 a 12 meses, dependiendo de las etapas, caracter\u00edsticas y necesidades de cada uno de los emprendimientos. Su objetivo es la entrega de servicios especializados que apoyan desde el dise\u00f1o de modelos de negocios hasta el acceso a redes con potenciales inversionistas.<\/p>\n<p style=\"font-weight: 400; text-align: justify;\">Seg\u00fan los resultados del Benchmarking de Incubadoras de Corfo 2022, el cual midi\u00f3 el impacto de estas entidades durante 2021, se reportaron 869 emprendimientos atendidos. Seg\u00fan el estudio, el desempe\u00f1o del portafolio general obtuvo ventas por un total de $102.872 millones y levantamiento de capital por $33.244 millones. Para el caso de las exportaciones, las ganancias reportadas por los emprendimientos atendidos fueron $7.132 millones, junto a la generaci\u00f3n de 1.283 nuevos empleos.<\/p>\n<p style=\"font-weight: 400; text-align: justify;\">\u201cAl analizar las ventas por antig\u00fcedad de los emprendimientos que ingresan y son apoyados por las incubadoras de negocios, queda en evidencia que durante los primeros dos a\u00f1os sus ventas anuales crecen sobre un 50%, aumentando en hasta un 80% al tercer a\u00f1o. Lo anterior, es un claro indicador del impacto que tiene este modelo al fomento productivo de las regiones y a la actividad econ\u00f3mica nacional\u201d, agreg\u00f3 Carmen Contreras, Gerenta de Emprendimiento de Corfo, en base a los resultados de la data hist\u00f3rica del estudio.<\/p>\n<p style=\"font-weight: 400; text-align: justify;\">Las nuevas entidades se encontrar\u00e1n desplegadas para atenci\u00f3n a p\u00fablico en las regiones de Atacama, Coquimbo, Valpara\u00edso, Biob\u00edo, La Araucan\u00eda, Los Lagos, sumando cobertura en Ays\u00e9n y Magallanes, territorios en donde por primera vez, se contar\u00e1 con este tipo de servicios, con el objetivo de fortalecer los ecosistemas regionales de emprendimiento. Actualmente se encuentran en etapa de conformaci\u00f3n de equipos internos y definici\u00f3n de planes de trabajo, para comenzar con el llamado abierto a emprendedores a contar del segundo trimestre del presente a\u00f1o.<\/p>\n<\/div><\/section><\/div><div  style='height:50px' class='hr hr-invisible   avia-builder-el-6  el_after_av_one_full  el_before_av_social_share '><span class='hr-inner ' ><span class='hr-inner-style'><\/span><\/span><\/div><\/p>\n<div  class='av-social-sharing-box  avia-builder-el-7  el_after_av_hr  el_before_av_hr  '><div class='av-share-box'><h5 class='av-share-link-description av-no-toc '>Compartir esta noticia<\/h5><ul class='av-share-box-list noLightbox'><li class='av-share-link av-social-link-facebook' ><a target=\"_blank\" aria-label=\"Compartir en Facebook\" href='https:\/\/www.facebook.com\/sharer.php?u=https:\/\/radiorevelacionfm.cl\/?p=28824&#038;t=Corfo%20pone%20en%20marcha%20primera%20incubadora%20regional%20de%20negocios%20en%20Ays%C3%A9n' aria-hidden='false' data-av_icon='\ue8f3' data-av_iconfont='entypo-fontello' title='' data-avia-related-tooltip='Compartir en Facebook' rel=\"noopener\"><span class='avia_hidden_link_text'>Compartir en Facebook<\/span><\/a><\/li><li class='av-share-link av-social-link-twitter' ><a target=\"_blank\" aria-label=\"Compartir en Twitter\" href='https:\/\/twitter.com\/share?text=Corfo%20pone%20en%20marcha%20primera%20incubadora%20regional%20de%20negocios%20en%20Ays%C3%A9n&#038;url=https:\/\/radiorevelacionfm.cl\/?p=28824' aria-hidden='false' data-av_icon='\ue8f1' data-av_iconfont='entypo-fontello' title='' data-avia-related-tooltip='Compartir en Twitter' rel=\"noopener\"><span class='avia_hidden_link_text'>Compartir en Twitter<\/span><\/a><\/li><li class='av-share-link av-social-link-whatsapp' ><a target=\"_blank\" aria-label=\"Compartir en Whatsapp\" href='https:\/\/api.whatsapp.com\/send?text=https:\/\/radiorevelacionfm.cl\/?p=28824' aria-hidden='false' data-av_icon='\uf232' data-av_iconfont='entypo-fontello' title='' data-avia-related-tooltip='Compartir en Whatsapp' rel=\"noopener\"><span class='avia_hidden_link_text'>Compartir en Whatsapp<\/span><\/a><\/li><li class='av-share-link av-social-link-linkedin' ><a target=\"_blank\" aria-label=\"Compartir en LinkedIn\" href='https:\/\/linkedin.com\/shareArticle?mini=true&#038;title=Corfo%20pone%20en%20marcha%20primera%20incubadora%20regional%20de%20negocios%20en%20Ays%C3%A9n&#038;url=https:\/\/radiorevelacionfm.cl\/?p=28824' aria-hidden='false' data-av_icon='\ue8fc' data-av_iconfont='entypo-fontello' title='' data-avia-related-tooltip='Compartir en LinkedIn' rel=\"noopener\"><span class='avia_hidden_link_text'>Compartir en LinkedIn<\/span><\/a><\/li><li class='av-share-link av-social-link-mail' ><a  aria-label=\"Compartir por correo\" href='mailto:?subject=Corfo%20pone%20en%20marcha%20primera%20incubadora%20regional%20de%20negocios%20en%20Ays%C3%A9n&#038;body=https:\/\/radiorevelacionfm.cl\/?p=28824' aria-hidden='false' data-av_icon='\ue805' data-av_iconfont='entypo-fontello' title='' data-avia-related-tooltip='Compartir por correo'><span class='avia_hidden_link_text'>Compartir por correo<\/span><\/a><\/li><\/ul><\/div><\/div>\n<div  style='height:50px' class='hr hr-invisible   avia-builder-el-8  el_after_av_social_share  el_before_av_comments_list '><span class='hr-inner ' ><span class='hr-inner-style'><\/span><\/span><\/div>\n<div  class='av-buildercomment  av-blog-meta-html-info-disabled av-blog-meta-tag-disabled  '><\/div>\n","protected":false},"excerpt":{"rendered":"","protected":false},"author":1,"featured_media":28825,"comment_status":"open","ping_status":"open","sticky":false,"template":"","format":"standard","meta":{"footnotes":""},"categories":[38],"tags":[],"class_list":["post-28824","post","type-post","status-publish","format-standard","has-post-thumbnail","hentry","category-regional"],"jetpack_featured_media_url":"https:\/\/radiorevelacionfm.cl\/wp-content\/uploads\/2023\/03\/20230206_120221-1-1-1.jpg","_links":{"self":[{"href":"https:\/\/radiorevelacionfm.cl\/index.php?rest_route=\/wp\/v2\/posts\/28824","targetHints":{"allow":["GET"]}}],"collection":[{"href":"https:\/\/radiorevelacionfm.cl\/index.php?rest_route=\/wp\/v2\/posts"}],"about":[{"href":"https:\/\/radiorevelacionfm.cl\/index.php?rest_route=\/wp\/v2\/types\/post"}],"author":[{"embeddable":true,"href":"https:\/\/radiorevelacionfm.cl\/index.php?rest_route=\/wp\/v2\/users\/1"}],"replies":[{"embeddable":true,"href":"https:\/\/radiorevelacionfm.cl\/index.php?rest_route=%2Fwp%2Fv2%2Fcomments&post=28824"}],"version-history":[{"count":2,"href":"https:\/\/radiorevelacionfm.cl\/index.php?rest_route=\/wp\/v2\/posts\/28824\/revisions"}],"predecessor-version":[{"id":28894,"href":"https:\/\/radiorevelacionfm.cl\/index.php?rest_route=\/wp\/v2\/posts\/28824\/revisions\/28894"}],"wp:featuredmedia":[{"embeddable":true,"href":"https:\/\/radiorevelacionfm.cl\/index.php?rest_route=\/wp\/v2\/media\/28825"}],"wp:attachment":[{"href":"https:\/\/radiorevelacionfm.cl\/index.php?rest_route=%2Fwp%2Fv2%2Fmedia&parent=28824"}],"wp:term":[{"taxonomy":"category","embeddable":true,"href":"https:\/\/radiorevelacionfm.cl\/index.php?rest_route=%2Fwp%2Fv2%2Fcategories&post=28824"},{"taxonomy":"post_tag","embeddable":true,"href":"https:\/\/radiorevelacionfm.cl\/index.php?rest_route=%2Fwp%2Fv2%2Ftags&post=28824"}],"curies":[{"name":"wp","href":"https:\/\/api.w.org\/{rel}","templated":true}]}}