{"id":28821,"date":"2023-03-14T16:29:04","date_gmt":"2023-03-14T19:29:04","guid":{"rendered":"https:\/\/radiorevelacionfm.cl\/?p=28821"},"modified":"2023-03-14T16:29:04","modified_gmt":"2023-03-14T19:29:04","slug":"corte-de-coyhaique-ordena-a-municipalidad-de-puerto-aysen-el-reintegro-inmediato-de-funcionaria","status":"publish","type":"post","link":"https:\/\/radiorevelacionfm.cl\/?p=28821","title":{"rendered":"Corte de Coyhaique ordena a Municipalidad de Puerto Ays\u00e9n el reintegr\u00f3 inmediato de funcionaria"},"content":{"rendered":"<div class=\"flex_column av_one_full  flex_column_div av-zero-column-padding first  avia-builder-el-0  el_before_av_one_full  avia-builder-el-first  \" style='border-radius:0px; '><div  class='avia-image-container  av-styling-    avia-builder-el-1  avia-builder-el-no-sibling  avia-align-center '  itemprop=\"image\" itemscope=\"itemscope\" itemtype=\"https:\/\/schema.org\/ImageObject\"  ><div class='avia-image-container-inner'><div class='avia-image-overlay-wrap'><img decoding=\"async\" class='wp-image-11584 avia-img-lazy-loading-not-11584 avia_image' src=\"https:\/\/radiorevelacionfm.cl\/wp-content\/uploads\/2021\/12\/Foto-ICA-Coyhaique-1-1-1.jpg\" alt='' title='Foto ICA Coyhaique 1 (1) (1)' height=\"600\" width=\"900\"  itemprop=\"thumbnailUrl\" srcset=\"https:\/\/radiorevelacionfm.cl\/wp-content\/uploads\/2021\/12\/Foto-ICA-Coyhaique-1-1-1.jpg 900w, https:\/\/radiorevelacionfm.cl\/wp-content\/uploads\/2021\/12\/Foto-ICA-Coyhaique-1-1-1-300x200.jpg 300w, https:\/\/radiorevelacionfm.cl\/wp-content\/uploads\/2021\/12\/Foto-ICA-Coyhaique-1-1-1-768x512.jpg 768w, https:\/\/radiorevelacionfm.cl\/wp-content\/uploads\/2021\/12\/Foto-ICA-Coyhaique-1-1-1-705x470.jpg 705w, https:\/\/radiorevelacionfm.cl\/wp-content\/uploads\/2021\/12\/Foto-ICA-Coyhaique-1-1-1-600x400.jpg 600w\" sizes=\"(max-width: 900px) 100vw, 900px\" \/><\/div><\/div><\/div><\/div><div class=\"flex_column av_one_full  flex_column_div av-zero-column-padding first  avia-builder-el-2  el_after_av_one_full  el_before_av_one_full  column-top-margin\" style='border-radius:0px; '><section class=\"av_textblock_section \"  itemscope=\"itemscope\" itemtype=\"https:\/\/schema.org\/BlogPosting\" itemprop=\"blogPost\" ><div class='avia_textblock  '   itemprop=\"text\" ><p style=\"text-align: center;\"><strong><span style=\"font-size: 18pt;\">Corte de Coyhaique ordena a Municipalidad de Puerto Ays\u00e9n el reintegr\u00f3 inmediato de funcionaria<\/span><\/strong><\/p>\n<div id=\"gtx-trans\" style=\"position: absolute; left: -50px; top: 4.31534px;\">\n<div class=\"gtx-trans-icon\"><\/div>\n<\/div>\n<\/div><\/section><\/div><div class=\"flex_column av_one_full  flex_column_div av-zero-column-padding first  avia-builder-el-4  el_after_av_one_full  el_before_av_hr  column-top-margin\" style='border-radius:0px; '><section class=\"av_textblock_section \"  itemscope=\"itemscope\" itemtype=\"https:\/\/schema.org\/BlogPosting\" itemprop=\"blogPost\" ><div class='avia_textblock  '   itemprop=\"text\" ><p class=\"v1MsoNormal\" style=\"text-align: justify;\">La Corte de Apelaciones de Coyhaique acogi\u00f3 el recurso de protecci\u00f3n deducido en representaci\u00f3n de funcionaria de la Municipalidad de Puerto Ays\u00e9n, a quien no se le renov\u00f3 contrata para el a\u00f1o 2023, debido a un supuesto d\u00e9ficit financiero de la corporaci\u00f3n edilicia.<\/p>\n<p class=\"v1MsoNormal\" style=\"text-align: justify;\">En fallo un\u00e1nime (causa rol 2.338-2022), la Primera Sala del Tribunal de alzada \u2013integrada por los ministros Jos\u00e9 Ignacio Mora Trujillo, Pedro Castro Espinoza y la abogada (i) Paola Aguilar Gallardo\u2013 acogi\u00f3 la acci\u00f3n constitucional, tras establecer que el actuar ilegal e infundado del municipio, al poner t\u00e9rmino a la relaci\u00f3n laboral de m\u00e1s de nueve a\u00f1os, lo que gener\u00f3 la expectativa leg\u00edtima de la recurrente de continuar con su trabajo.<\/p>\n<p class=\"v1MsoNormal\" style=\"text-align: justify;\">\u00abQue, efectivamente, como lo ha resuelto reiteradamente la Excelent\u00edsima Corte Suprema, si una relaci\u00f3n a contrata excede los dos a\u00f1os se transforma en una relaci\u00f3n indefinida, conforme al principio de confianza leg\u00edtima que la Contralor\u00eda General de la Rep\u00fablica comenz\u00f3 a aplicar decididamente con ocasi\u00f3n del Dictamen N\u00b085.700, de 28 de noviembre de 2016, cuya normativa cubre, entre otros, a los funcionarios designados en los empleos a contrata regidos por la Ley 18.884 y por consiguiente, si se ha generado una expectativa leg\u00edtima de que ser\u00e1 prorrogada o renovada su designaci\u00f3n a contrata que se extendi\u00f3 hasta el 31 de diciembre, el acto administrativo que ponga t\u00e9rmino a esa relaci\u00f3n debe ciertamente dar cumplimiento a lo dispuesto en el inciso segundo, del art\u00edculo 11, de la Ley N\u00b019.880, en orden a que &#8216;Los hechos y fundamentos de derecho deber\u00e1n siempre expresarse en aquellos actos que afectaren los derechos de los particulares, sea que los limiten, restrinjan, priven de ellos, perturben o amenacen su leg\u00edtimo ejercicio, as\u00ed como aquellos que resuelvan recursos administrativos&#8217;; y al inciso 4, de su art\u00edculo 41, conforme al cual &#8216;Las resoluciones contendr\u00e1n la decisi\u00f3n, que ser\u00e1 fundada'\u00bb, sostiene el fallo.<\/p>\n<p class=\"v1MsoNormal\" style=\"text-align: justify;\">La sentencia agrega que: \u00ab(&#8230;) la resoluci\u00f3n antes referida aparece claramente infundada, desde que Soledad Marcela Millatureo Chiguay se ha desempe\u00f1ado en funciones propias de contrata por m\u00e1s de nueve a\u00f1os, gener\u00e1ndose una expectativa leg\u00edtima de que ser\u00e1 prorrogada o renovada, de modo que como fundamento de la terminaci\u00f3n de los servicios no resulta suficiente la supuesta crisis financiera de la Direcci\u00f3n de Educaci\u00f3n Municipal o la indicaci\u00f3n del vencimiento del plazo estipulado en la contrata, sino que se requieren mayores basamentos desde que el v\u00ednculo que une a las partes se torna indefinido por la confianza leg\u00edtima que surge del tiempo transcurrido, mayores fundamentos que no fueron expuestos en el acto recurrido\u00bb.<\/p>\n<p class=\"v1MsoNormal\" style=\"text-align: justify;\">\u00abQue, en consecuencia, habi\u00e9ndose incurrido por la recurrida en un acto arbitrario e ilegal que priva a la recurrente de las garant\u00edas constitucionales se\u00f1aladas; se deber\u00e1 acoger el presente recurso de protecci\u00f3n de la manera en que se dir\u00e1\u00bb, concluye.<\/p>\n<p class=\"v1MsoNormal\" style=\"text-align: justify;\">Por tanto, se resuelve que: \u00ab<b>SE ACOGE<\/b>, sin costas, el recurso de protecci\u00f3n deducido por Soledad Marcela Millatureo Chiguay, en contra de la Ilustre Municipalidad de Ays\u00e9n, representada legalmente por su Alcalde, Julio Esteban Confucio Uribe Alvarado y, en consecuencia, se deja sin efecto el Decreto Alcaldicio N\u00b0 5549 de fecha 29 de noviembre de 2022, mediante la cual la recurrida dispuso no renovar para el periodo 2023 su contrato de contrato de prestaci\u00f3n de servicios a honorarios; como asimismo se ordena el reintegro inmediato a sus funciones y el pago de las remuneraciones devengadas durante el tiempo que la recurrente ha estado separado de su cargo hasta su efectiva reincorporaci\u00f3n, debiendo la recurrida disponer la inmediata renovaci\u00f3n de sus servicios por todo el a\u00f1o 2023, conforme a derecho\u00bb.<\/p>\n<\/div><\/section><\/div><div  style='height:50px' class='hr hr-invisible   avia-builder-el-6  el_after_av_one_full  el_before_av_social_share '><span class='hr-inner ' ><span class='hr-inner-style'><\/span><\/span><\/div><\/p>\n<div  class='av-social-sharing-box  avia-builder-el-7  el_after_av_hr  el_before_av_hr  '><div class='av-share-box'><h5 class='av-share-link-description av-no-toc '>Compartir esta noticia<\/h5><ul class='av-share-box-list noLightbox'><li class='av-share-link av-social-link-facebook' ><a target=\"_blank\" aria-label=\"Compartir en Facebook\" href='https:\/\/www.facebook.com\/sharer.php?u=https:\/\/radiorevelacionfm.cl\/?p=28821&#038;t=Corte%20de%20Coyhaique%20ordena%20a%20Municipalidad%20de%20Puerto%20Ays%C3%A9n%20el%20reintegr%C3%B3%20inmediato%20de%20funcionaria' aria-hidden='false' data-av_icon='\ue8f3' data-av_iconfont='entypo-fontello' title='' data-avia-related-tooltip='Compartir en Facebook' rel=\"noopener\"><span class='avia_hidden_link_text'>Compartir en Facebook<\/span><\/a><\/li><li class='av-share-link av-social-link-twitter' ><a target=\"_blank\" aria-label=\"Compartir en Twitter\" href='https:\/\/twitter.com\/share?text=Corte%20de%20Coyhaique%20ordena%20a%20Municipalidad%20de%20Puerto%20Ays%C3%A9n%20el%20reintegr%C3%B3%20inmediato%20de%20funcionaria&#038;url=https:\/\/radiorevelacionfm.cl\/?p=28821' aria-hidden='false' data-av_icon='\ue8f1' data-av_iconfont='entypo-fontello' title='' data-avia-related-tooltip='Compartir en Twitter' rel=\"noopener\"><span class='avia_hidden_link_text'>Compartir en Twitter<\/span><\/a><\/li><li class='av-share-link av-social-link-whatsapp' ><a target=\"_blank\" aria-label=\"Compartir en Whatsapp\" href='https:\/\/api.whatsapp.com\/send?text=https:\/\/radiorevelacionfm.cl\/?p=28821' aria-hidden='false' data-av_icon='\uf232' data-av_iconfont='entypo-fontello' title='' data-avia-related-tooltip='Compartir en Whatsapp' rel=\"noopener\"><span class='avia_hidden_link_text'>Compartir en Whatsapp<\/span><\/a><\/li><li class='av-share-link av-social-link-linkedin' ><a target=\"_blank\" aria-label=\"Compartir en LinkedIn\" href='https:\/\/linkedin.com\/shareArticle?mini=true&#038;title=Corte%20de%20Coyhaique%20ordena%20a%20Municipalidad%20de%20Puerto%20Ays%C3%A9n%20el%20reintegr%C3%B3%20inmediato%20de%20funcionaria&#038;url=https:\/\/radiorevelacionfm.cl\/?p=28821' aria-hidden='false' data-av_icon='\ue8fc' data-av_iconfont='entypo-fontello' title='' data-avia-related-tooltip='Compartir en LinkedIn' rel=\"noopener\"><span class='avia_hidden_link_text'>Compartir en LinkedIn<\/span><\/a><\/li><li class='av-share-link av-social-link-mail' ><a  aria-label=\"Compartir por correo\" href='mailto:?subject=Corte%20de%20Coyhaique%20ordena%20a%20Municipalidad%20de%20Puerto%20Ays%C3%A9n%20el%20reintegr%C3%B3%20inmediato%20de%20funcionaria&#038;body=https:\/\/radiorevelacionfm.cl\/?p=28821' aria-hidden='false' data-av_icon='\ue805' data-av_iconfont='entypo-fontello' title='' data-avia-related-tooltip='Compartir por correo'><span class='avia_hidden_link_text'>Compartir por correo<\/span><\/a><\/li><\/ul><\/div><\/div>\n<div  style='height:50px' class='hr hr-invisible   avia-builder-el-8  el_after_av_social_share  el_before_av_comments_list '><span class='hr-inner ' ><span class='hr-inner-style'><\/span><\/span><\/div>\n<div  class='av-buildercomment  av-blog-meta-html-info-disabled av-blog-meta-tag-disabled  '><\/div>\n","protected":false},"excerpt":{"rendered":"","protected":false},"author":1,"featured_media":11584,"comment_status":"open","ping_status":"open","sticky":false,"template":"","format":"standard","meta":{"footnotes":""},"categories":[55],"tags":[],"class_list":["post-28821","post","type-post","status-publish","format-standard","has-post-thumbnail","hentry","category-justicia"],"jetpack_featured_media_url":"https:\/\/radiorevelacionfm.cl\/wp-content\/uploads\/2021\/12\/Foto-ICA-Coyhaique-1-1-1.jpg","_links":{"self":[{"href":"https:\/\/radiorevelacionfm.cl\/index.php?rest_route=\/wp\/v2\/posts\/28821","targetHints":{"allow":["GET"]}}],"collection":[{"href":"https:\/\/radiorevelacionfm.cl\/index.php?rest_route=\/wp\/v2\/posts"}],"about":[{"href":"https:\/\/radiorevelacionfm.cl\/index.php?rest_route=\/wp\/v2\/types\/post"}],"author":[{"embeddable":true,"href":"https:\/\/radiorevelacionfm.cl\/index.php?rest_route=\/wp\/v2\/users\/1"}],"replies":[{"embeddable":true,"href":"https:\/\/radiorevelacionfm.cl\/index.php?rest_route=%2Fwp%2Fv2%2Fcomments&post=28821"}],"version-history":[{"count":2,"href":"https:\/\/radiorevelacionfm.cl\/index.php?rest_route=\/wp\/v2\/posts\/28821\/revisions"}],"predecessor-version":[{"id":28823,"href":"https:\/\/radiorevelacionfm.cl\/index.php?rest_route=\/wp\/v2\/posts\/28821\/revisions\/28823"}],"wp:featuredmedia":[{"embeddable":true,"href":"https:\/\/radiorevelacionfm.cl\/index.php?rest_route=\/wp\/v2\/media\/11584"}],"wp:attachment":[{"href":"https:\/\/radiorevelacionfm.cl\/index.php?rest_route=%2Fwp%2Fv2%2Fmedia&parent=28821"}],"wp:term":[{"taxonomy":"category","embeddable":true,"href":"https:\/\/radiorevelacionfm.cl\/index.php?rest_route=%2Fwp%2Fv2%2Fcategories&post=28821"},{"taxonomy":"post_tag","embeddable":true,"href":"https:\/\/radiorevelacionfm.cl\/index.php?rest_route=%2Fwp%2Fv2%2Ftags&post=28821"}],"curies":[{"name":"wp","href":"https:\/\/api.w.org\/{rel}","templated":true}]}}