{"id":2882,"date":"2021-02-23T13:34:49","date_gmt":"2021-02-23T16:34:49","guid":{"rendered":"https:\/\/radiorevelacionfm.cl\/?p=2882"},"modified":"2021-02-23T13:43:48","modified_gmt":"2021-02-23T16:43:48","slug":"agricultores-de-lago-verde-logran-compromiso-y-apoyo-de-indap-para-enfrentar-meses-de-sequia","status":"publish","type":"post","link":"https:\/\/radiorevelacionfm.cl\/?p=2882","title":{"rendered":"Agricultores de la comuna de Lago Verde logran compromiso y apoyo de Indap para enfrentar meses de sequia"},"content":{"rendered":"<div class=\"flex_column av_one_full  flex_column_div av-zero-column-padding first  avia-builder-el-0  el_before_av_one_full  avia-builder-el-first  \" style='border-radius:0px; '><div  class='avia-image-container  av-styling-    avia-builder-el-1  avia-builder-el-no-sibling  avia-align-center '  itemprop=\"image\" itemscope=\"itemscope\" itemtype=\"https:\/\/schema.org\/ImageObject\"  ><div class='avia-image-container-inner'><div class='avia-image-overlay-wrap'><img decoding=\"async\" class='wp-image-0 avia-img-lazy-loading-not-0 avia_image' src=\"https:\/\/radiorevelacionfm.cl\/wp-content\/uploads\/2021\/02\/REUNION-DIREC-NAC-INDAP-1-2.jpeg\" alt='' title=''   itemprop=\"thumbnailUrl\"  \/><\/div><\/div><\/div><\/div>\n<div class=\"flex_column av_one_full  flex_column_div av-zero-column-padding first  avia-builder-el-2  el_after_av_one_full  el_before_av_one_full  column-top-margin\" style='border-radius:0px; '><section class=\"av_textblock_section \"  itemscope=\"itemscope\" itemtype=\"https:\/\/schema.org\/BlogPosting\" itemprop=\"blogPost\" ><div class='avia_textblock  '   itemprop=\"text\" ><p style=\"text-align: center;\"><strong><span style=\"font-size: 18pt;\">Agricultores de la comuna de Lago Verde logran compromiso y apoyo de Indap para enfrentar meses de sequia<\/span><\/strong><\/p>\n<div id=\"gtx-trans\" style=\"position: absolute; left: -50px; top: 4.31534px;\">\n<div class=\"gtx-trans-icon\"><\/div>\n<\/div>\n<\/div><\/section><\/div><div class=\"flex_column av_one_full  flex_column_div av-zero-column-padding first  avia-builder-el-4  el_after_av_one_full  el_before_av_hr  column-top-margin\" style='border-radius:0px; '><section class=\"av_textblock_section \"  itemscope=\"itemscope\" itemtype=\"https:\/\/schema.org\/BlogPosting\" itemprop=\"blogPost\" ><div class='avia_textblock  '   itemprop=\"text\" ><p style=\"text-align: justify;\">Una grata y productiva reuni\u00f3n fue la que logr\u00f3 gestionar el Alcalde de la comuna de Lago Verde Nelson Opazo, donde particip\u00f3 el Director Nacional de Indap Carlos Recondo, el Seremi de Agricultura Felipe Henr\u00edquez junto a dirigentes de Cisne Medio y Amengual.<\/p>\n<p style=\"text-align: justify;\">El encuentro tuvo como principal objetivo abordar materias relativas a beneficios para los campesinos, principalmente en los meses m\u00e1s cr\u00edticos del a\u00f1o tanto en invierno, como en el verano, por la sequ\u00eda que afecta a la zona.<\/p>\n<p style=\"text-align: justify;\">El jefe comunal, Alcalde Nelson Opazo, agradeci\u00f3 la presencia del Director Nacional de Indap y del equipo regional de Agricultura, con el fin de atender los requerimientos de la ciudadan\u00eda.<\/p>\n<p style=\"text-align: justify;\">\u201cImportante fue la reuni\u00f3n que hemos sostenido con las autoridades del Agro, en este caso a trav\u00e9s del Seremi, el Director Regional de Indap y el Director Nacional de Indap don Carlos Recondo, con quien venimos trabajando hace bastante tiempo distintas materias. En este caso pudimos plantear en conjunto con el Comit\u00e9 Campesino Cisne Medio &#8211; Amengual y representantes de la agrupaci\u00f3n artesanas de Villa Amengual que nos acompa\u00f1aron en la reuni\u00f3n, expresar algunas necesidades que son important\u00edsimas. Una de las necesidades tiene relaci\u00f3n con un tema comunal que tiene que ver con el acceso a forraje en tiempos de emergencia clim\u00e1tica, dado el enorme impacto que est\u00e1 teniendo el tema de la sequ\u00eda. Una reuni\u00f3n muy provechosa, por ello, agradecemos sinceramente al Director Nacional de Indap la posibilidad de generar estos compromisos\u201d.<\/p>\n<p style=\"text-align: justify;\">Contento de haber llegado a la comuna de Lago Verde tras la invitaci\u00f3n del Alcalde Nelson Opazo, se mostr\u00f3 el Director Nacional de Indap Carlos Recondo, quien pudo conocer en terreno las necesidades de los campesinos de la zona.<\/p>\n<p style=\"text-align: justify;\">\u201cNosotros como Indap estamos para ayudarlos, para apoyarlos y acordamos con el Alcalde, con el Comit\u00e9, de hacer varios compromisos, flexibilizaciones de algunos instrumentos, flexibilizaciones de algunos programas que puedan adecuarse de mejor manera a los requerimientos de la comuna de Lago Verde. Por ello, muy agradecido de la disposici\u00f3n de todos los usuarios de Indap, de todos los campesinos, las agriculturas y los agricultores, especialmente de nuestro Alcalde que se empe\u00f1a muy fuertemente en sacar adelante las tareas de cada uno de los productores de la zona\u201d.<\/p>\n<p style=\"text-align: justify;\">El Seremi de Agricultura, Felipe Henr\u00edquez, ha realizado un trabajo coordinado permanentemente con la m\u00e1xima autoridad de la comuna de Lago Verde y en esa l\u00ednea, se pudo concretar la reuni\u00f3n con el Director Nacional de Indap en beneficio de los agricultores y agricultoras del sector.<\/p>\n<p style=\"text-align: justify;\">\u201cFue una reuni\u00f3n muy provechosa y productiva, donde pudimos reunir al Director Nacional de Indap don Carlos Recondo y a nuestro Alcalde Nelson Opazo, para conversar de distintas tem\u00e1ticas que son de inter\u00e9s del Ministerio de Agricultura y tambi\u00e9n del Alcalde para poder mejorar la calidad de vida de los habitantes de esta comuna, que es una comuna rural que tiene tanta proyecci\u00f3n y potencial silvoagropecuario. Estuvimos hablando de la administraci\u00f3n de maquinaria, de los concursos del sistema de incentivo a la recuperaci\u00f3n de suelos degradados, de apoyo en forraje para los productores y de una serie de tem\u00e1ticas que ten\u00eda muy bien preparadas el Alcalde Nelson Opazo para presentarle a nuestro Director Nacional Carlos Recondo y as\u00ed ir buscando soluciones en conjunto, en equipo\u201d.<\/p>\n<p style=\"text-align: justify;\">Una de las integrantes del Comit\u00e9 Campesino Cisne Medio \u2013 Amengual, Ida Bulher, agradeci\u00f3 la posibilidad de plantear sus inquietudes a la autoridad del nivel central, enfatizando que siempre se han sentido apoyados y acompa\u00f1ados por el Alcalde Nelson Opazo.<\/p>\n<p style=\"text-align: justify;\">\u201cMe pareci\u00f3 muy interesante la reuni\u00f3n, ya que don Carlos estuvo llano a todas las peticiones que se hicieron por parte del comit\u00e9 campesino \u00e9l estuvo dispuesto a ayudar, eso se ve pocas veces, entonces ahora yo me sent\u00ed bien, feliz, de haber escuchado a don Carlos de que nos va a tratar de ayudar en lo que m\u00e1s pueda en las peticiones que le hicimos, entonces, yo quiero agradecerle a \u00e9l que haya llegado hasta ac\u00e1 junto al personal de Indap. Agradecer tambi\u00e9n a don Nelson Opazo, que es la persona que a nosotros nos ha ayudado siempre como comit\u00e9 campesino, siempre esta primero ayud\u00e1ndonos con todo, entonces, yo le agradezco mucho a \u00e9l, tambi\u00e9n a Indap porque ac\u00e1 tenemos un Prodesal que nos ayuda siempre\u201d.<\/p>\n<p style=\"text-align: justify;\">Esta reuni\u00f3n junto a los compromisos establecidos con el Director Nacional de Indap, dan cuenta del inter\u00e9s y la preocupaci\u00f3n que ha mantenido de forma permanente el Alcalde Nelson Opazo, en que un \u00e1rea productivo y de gran aporte al desarrollo de la comuna como es la agricultura familiar campesina, siga creciendo y siempre con el respaldo de la Municipalidad de Lago Verde.<\/p>\n<\/div><\/section><\/div><\/p>\n<div  style='height:50px' class='hr hr-invisible   avia-builder-el-6  el_after_av_one_full  el_before_av_social_share '><span class='hr-inner ' ><span class='hr-inner-style'><\/span><\/span><\/div>\n<div  class='av-social-sharing-box  avia-builder-el-7  el_after_av_hr  el_before_av_hr  '><div class='av-share-box'><h5 class='av-share-link-description av-no-toc '>Compartir esta noticia<\/h5><ul class='av-share-box-list noLightbox'><li class='av-share-link av-social-link-facebook' ><a target=\"_blank\" aria-label=\"Compartir en Facebook\" href='https:\/\/www.facebook.com\/sharer.php?u=https:\/\/radiorevelacionfm.cl\/?p=2882&#038;t=Agricultores%20de%20la%20comuna%20de%20Lago%20Verde%20logran%20compromiso%20y%20apoyo%20de%20Indap%20para%20enfrentar%20meses%20de%20sequia' aria-hidden='false' data-av_icon='\ue8f3' data-av_iconfont='entypo-fontello' title='' data-avia-related-tooltip='Compartir en Facebook' rel=\"noopener\"><span class='avia_hidden_link_text'>Compartir en Facebook<\/span><\/a><\/li><li class='av-share-link av-social-link-twitter' ><a target=\"_blank\" aria-label=\"Compartir en Twitter\" href='https:\/\/twitter.com\/share?text=Agricultores%20de%20la%20comuna%20de%20Lago%20Verde%20logran%20compromiso%20y%20apoyo%20de%20Indap%20para%20enfrentar%20meses%20de%20sequia&#038;url=https:\/\/radiorevelacionfm.cl\/?p=2882' aria-hidden='false' data-av_icon='\ue8f1' data-av_iconfont='entypo-fontello' title='' data-avia-related-tooltip='Compartir en Twitter' rel=\"noopener\"><span class='avia_hidden_link_text'>Compartir en Twitter<\/span><\/a><\/li><li class='av-share-link av-social-link-whatsapp' ><a target=\"_blank\" aria-label=\"Compartir en Whatsapp\" href='https:\/\/api.whatsapp.com\/send?text=https:\/\/radiorevelacionfm.cl\/?p=2882' aria-hidden='false' data-av_icon='\uf232' data-av_iconfont='entypo-fontello' title='' data-avia-related-tooltip='Compartir en Whatsapp' rel=\"noopener\"><span class='avia_hidden_link_text'>Compartir en Whatsapp<\/span><\/a><\/li><li class='av-share-link av-social-link-linkedin' ><a target=\"_blank\" aria-label=\"Compartir en LinkedIn\" href='https:\/\/linkedin.com\/shareArticle?mini=true&#038;title=Agricultores%20de%20la%20comuna%20de%20Lago%20Verde%20logran%20compromiso%20y%20apoyo%20de%20Indap%20para%20enfrentar%20meses%20de%20sequia&#038;url=https:\/\/radiorevelacionfm.cl\/?p=2882' aria-hidden='false' data-av_icon='\ue8fc' data-av_iconfont='entypo-fontello' title='' data-avia-related-tooltip='Compartir en LinkedIn' rel=\"noopener\"><span class='avia_hidden_link_text'>Compartir en LinkedIn<\/span><\/a><\/li><li class='av-share-link av-social-link-mail' ><a  aria-label=\"Compartir por correo\" href='mailto:?subject=Agricultores%20de%20la%20comuna%20de%20Lago%20Verde%20logran%20compromiso%20y%20apoyo%20de%20Indap%20para%20enfrentar%20meses%20de%20sequia&#038;body=https:\/\/radiorevelacionfm.cl\/?p=2882' aria-hidden='false' data-av_icon='\ue805' data-av_iconfont='entypo-fontello' title='' data-avia-related-tooltip='Compartir por correo'><span class='avia_hidden_link_text'>Compartir por correo<\/span><\/a><\/li><\/ul><\/div><\/div>\n<div  style='height:50px' class='hr hr-invisible   avia-builder-el-8  el_after_av_social_share  el_before_av_comments_list '><span class='hr-inner ' ><span class='hr-inner-style'><\/span><\/span><\/div>\n<div  class='av-buildercomment  av-blog-meta-html-info-disabled av-blog-meta-tag-disabled  '><\/div>\n","protected":false},"excerpt":{"rendered":"","protected":false},"author":1,"featured_media":0,"comment_status":"open","ping_status":"open","sticky":false,"template":"","format":"standard","meta":{"footnotes":""},"categories":[58],"tags":[],"class_list":["post-2882","post","type-post","status-publish","format-standard","hentry","category-agricultura"],"jetpack_featured_media_url":"","_links":{"self":[{"href":"https:\/\/radiorevelacionfm.cl\/index.php?rest_route=\/wp\/v2\/posts\/2882","targetHints":{"allow":["GET"]}}],"collection":[{"href":"https:\/\/radiorevelacionfm.cl\/index.php?rest_route=\/wp\/v2\/posts"}],"about":[{"href":"https:\/\/radiorevelacionfm.cl\/index.php?rest_route=\/wp\/v2\/types\/post"}],"author":[{"embeddable":true,"href":"https:\/\/radiorevelacionfm.cl\/index.php?rest_route=\/wp\/v2\/users\/1"}],"replies":[{"embeddable":true,"href":"https:\/\/radiorevelacionfm.cl\/index.php?rest_route=%2Fwp%2Fv2%2Fcomments&post=2882"}],"version-history":[{"count":3,"href":"https:\/\/radiorevelacionfm.cl\/index.php?rest_route=\/wp\/v2\/posts\/2882\/revisions"}],"predecessor-version":[{"id":2888,"href":"https:\/\/radiorevelacionfm.cl\/index.php?rest_route=\/wp\/v2\/posts\/2882\/revisions\/2888"}],"wp:attachment":[{"href":"https:\/\/radiorevelacionfm.cl\/index.php?rest_route=%2Fwp%2Fv2%2Fmedia&parent=2882"}],"wp:term":[{"taxonomy":"category","embeddable":true,"href":"https:\/\/radiorevelacionfm.cl\/index.php?rest_route=%2Fwp%2Fv2%2Fcategories&post=2882"},{"taxonomy":"post_tag","embeddable":true,"href":"https:\/\/radiorevelacionfm.cl\/index.php?rest_route=%2Fwp%2Fv2%2Ftags&post=2882"}],"curies":[{"name":"wp","href":"https:\/\/api.w.org\/{rel}","templated":true}]}}