{"id":28815,"date":"2023-03-14T16:09:36","date_gmt":"2023-03-14T19:09:36","guid":{"rendered":"https:\/\/radiorevelacionfm.cl\/?p=28815"},"modified":"2023-03-14T19:12:28","modified_gmt":"2023-03-14T22:12:28","slug":"investigan-homicidio-de-joven-de-28-anos-en-el-sector-alto-de-coyhaique","status":"publish","type":"post","link":"https:\/\/radiorevelacionfm.cl\/?p=28815","title":{"rendered":"Investigan homicidio de joven de 28 a\u00f1os en el sector alto de Coyhaique"},"content":{"rendered":"<div class=\"flex_column av_one_full  flex_column_div av-zero-column-padding first  avia-builder-el-0  el_before_av_one_full  avia-builder-el-first  \" style='border-radius:0px; '><div  class='avia-image-container  av-styling-    avia-builder-el-1  avia-builder-el-no-sibling  avia-align-center '  itemprop=\"image\" itemscope=\"itemscope\" itemtype=\"https:\/\/schema.org\/ImageObject\"  ><div class='avia-image-container-inner'><div class='avia-image-overlay-wrap'><img decoding=\"async\" class='wp-image-28868 avia-img-lazy-loading-not-28868 avia_image' src=\"https:\/\/radiorevelacionfm.cl\/wp-content\/uploads\/2023\/03\/197d1a96-e879-448f-888e-dd35067871e2-1_optimized-1.jpg\" alt='' title='197d1a96-e879-448f-888e-dd35067871e2-(1)_optimized (1)' height=\"600\" width=\"800\"  itemprop=\"thumbnailUrl\" srcset=\"https:\/\/radiorevelacionfm.cl\/wp-content\/uploads\/2023\/03\/197d1a96-e879-448f-888e-dd35067871e2-1_optimized-1.jpg 800w, https:\/\/radiorevelacionfm.cl\/wp-content\/uploads\/2023\/03\/197d1a96-e879-448f-888e-dd35067871e2-1_optimized-1-300x225.jpg 300w, https:\/\/radiorevelacionfm.cl\/wp-content\/uploads\/2023\/03\/197d1a96-e879-448f-888e-dd35067871e2-1_optimized-1-768x576.jpg 768w, https:\/\/radiorevelacionfm.cl\/wp-content\/uploads\/2023\/03\/197d1a96-e879-448f-888e-dd35067871e2-1_optimized-1-705x529.jpg 705w, https:\/\/radiorevelacionfm.cl\/wp-content\/uploads\/2023\/03\/197d1a96-e879-448f-888e-dd35067871e2-1_optimized-1-600x450.jpg 600w\" sizes=\"(max-width: 800px) 100vw, 800px\" \/><\/div><\/div><\/div><\/div><div class=\"flex_column av_one_full  flex_column_div av-zero-column-padding first  avia-builder-el-2  el_after_av_one_full  el_before_av_one_full  column-top-margin\" style='border-radius:0px; '><section class=\"av_textblock_section \"  itemscope=\"itemscope\" itemtype=\"https:\/\/schema.org\/BlogPosting\" itemprop=\"blogPost\" ><div class='avia_textblock  '   itemprop=\"text\" ><p style=\"text-align: center;\"><strong><span style=\"font-size: 18pt;\">Investigan homicidio de joven de 28 a\u00f1os en el sector alto de Coyhaique<\/span><\/strong><\/p>\n<div id=\"gtx-trans\" style=\"position: absolute; left: -50px; top: 4.31534px;\">\n<div class=\"gtx-trans-icon\"><\/div>\n<\/div>\n<\/div><\/section><\/div><\/p>\n<div class=\"flex_column av_one_full  flex_column_div av-zero-column-padding first  avia-builder-el-4  el_after_av_one_full  el_before_av_hr  column-top-margin\" style='border-radius:0px; '><section class=\"av_textblock_section \"  itemscope=\"itemscope\" itemtype=\"https:\/\/schema.org\/BlogPosting\" itemprop=\"blogPost\" ><div class='avia_textblock  '   itemprop=\"text\" ><div class=\"x11i5rnm xat24cr x1mh8g0r x1vvkbs xdj266r x126k92a\"><\/div>\n<div dir=\"auto\" style=\"text-align: justify;\">\n<p style=\"text-align: justify;\">Este martes, 14 de marzo de 2023, se registr\u00f3 un homicidio en el sector alto de la ciudad de Coyhaique, espec\u00edficamente en calle Cerro Colorado.<\/p>\n<p style=\"text-align: justify;\">De acuerdo a informaci\u00f3n entregada por el mayor de Carabineros de la 1ra Comisar\u00eda de Coyhaique, Franco Herrera, se\u00f1ala que \u00aba eso de las 10:00 de esta ma\u00f1ana, personal policial concurri\u00f3 hasta un domicilio particular en calle Cerro Colorado, en circunstancias en que tres personas adultas de nacionalidad chilena se encontraban al interior de este domicilio, quienes habr\u00edan mantenido una convivencia con ingesta de bebidas alcoh\u00f3licas durante la noche, gener\u00e1ndose una discusi\u00f3n, momento en que uno de ellos le propin\u00f3 una herida con arma blanca, cortopunzante, espec\u00edficamente en el t\u00f3rax, situaci\u00f3n que ocasion\u00f3 el deceso inmediato de la v\u00edctima\u00bb.<\/p>\n<p style=\"text-align: justify;\">La v\u00edctima es un hombre de 28 a\u00f1os de edad, con residencia en la comuna de Coyhaique, en tanto el victimario, fue detenido inmediatamente por Carabineros, se trata de un joven de 22 a\u00f1os de edad, residente en Coyhaique.<\/p>\n<p style=\"text-align: justify;\">Los antecedentes fueron puestos en conocimiento del Ministerio P\u00fablico, quien instruy\u00f3 que la Brigada de Homicidios de la PDI realizara diligencias propias de su especialidad en el sitio del suceso, el arma fue encontrada en el lugar de los hechos. Los primeros antecedentes aportados por un testigo que se encontraba en el lugar, dar\u00edan cuenta que la discusi\u00f3n se habr\u00eda originado por anteriores rencillas entre los involucrados.<\/p>\n<p style=\"text-align: justify;\">Otro antecedente dado a conocer sobre el detenido de 22 a\u00f1os que se encuentra en custodia de Carabineros, es que registra 12 detenciones anteriores por diferentes hechos.<\/p>\n<p style=\"text-align: justify;\">Por ahora, el procedimiento a\u00fan se encuentra en desarrollo y el sitio del suceso resguardado, para realizar todas las diligencias respectivas y poder aclarar la din\u00e1mica de los hechos.<\/p>\n<p style=\"text-align: justify;\">\n<\/div>\n<div dir=\"auto\" style=\"text-align: justify;\"><\/div>\n<div dir=\"auto\" style=\"text-align: justify;\"><\/div>\n<div dir=\"auto\" style=\"text-align: justify;\"><\/div>\n<\/div><\/section><\/div>\n<div  style='height:50px' class='hr hr-invisible   avia-builder-el-6  el_after_av_one_full  el_before_av_social_share '><span class='hr-inner ' ><span class='hr-inner-style'><\/span><\/span><\/div>\n<div  class='av-social-sharing-box  avia-builder-el-7  el_after_av_hr  el_before_av_hr  '><div class='av-share-box'><h5 class='av-share-link-description av-no-toc '>Compartir esta noticia<\/h5><ul class='av-share-box-list noLightbox'><li class='av-share-link av-social-link-facebook' ><a target=\"_blank\" aria-label=\"Compartir en Facebook\" href='https:\/\/www.facebook.com\/sharer.php?u=https:\/\/radiorevelacionfm.cl\/?p=28815&#038;t=Investigan%20homicidio%20de%20joven%20de%2028%20a%C3%B1os%20en%20el%20sector%20alto%20de%20Coyhaique' aria-hidden='false' data-av_icon='\ue8f3' data-av_iconfont='entypo-fontello' title='' data-avia-related-tooltip='Compartir en Facebook' rel=\"noopener\"><span class='avia_hidden_link_text'>Compartir en Facebook<\/span><\/a><\/li><li class='av-share-link av-social-link-twitter' ><a target=\"_blank\" aria-label=\"Compartir en Twitter\" href='https:\/\/twitter.com\/share?text=Investigan%20homicidio%20de%20joven%20de%2028%20a%C3%B1os%20en%20el%20sector%20alto%20de%20Coyhaique&#038;url=https:\/\/radiorevelacionfm.cl\/?p=28815' aria-hidden='false' data-av_icon='\ue8f1' data-av_iconfont='entypo-fontello' title='' data-avia-related-tooltip='Compartir en Twitter' rel=\"noopener\"><span class='avia_hidden_link_text'>Compartir en Twitter<\/span><\/a><\/li><li class='av-share-link av-social-link-whatsapp' ><a target=\"_blank\" aria-label=\"Compartir en Whatsapp\" href='https:\/\/api.whatsapp.com\/send?text=https:\/\/radiorevelacionfm.cl\/?p=28815' aria-hidden='false' data-av_icon='\uf232' data-av_iconfont='entypo-fontello' title='' data-avia-related-tooltip='Compartir en Whatsapp' rel=\"noopener\"><span class='avia_hidden_link_text'>Compartir en Whatsapp<\/span><\/a><\/li><li class='av-share-link av-social-link-linkedin' ><a target=\"_blank\" aria-label=\"Compartir en LinkedIn\" href='https:\/\/linkedin.com\/shareArticle?mini=true&#038;title=Investigan%20homicidio%20de%20joven%20de%2028%20a%C3%B1os%20en%20el%20sector%20alto%20de%20Coyhaique&#038;url=https:\/\/radiorevelacionfm.cl\/?p=28815' aria-hidden='false' data-av_icon='\ue8fc' data-av_iconfont='entypo-fontello' title='' data-avia-related-tooltip='Compartir en LinkedIn' rel=\"noopener\"><span class='avia_hidden_link_text'>Compartir en LinkedIn<\/span><\/a><\/li><li class='av-share-link av-social-link-mail' ><a  aria-label=\"Compartir por correo\" href='mailto:?subject=Investigan%20homicidio%20de%20joven%20de%2028%20a%C3%B1os%20en%20el%20sector%20alto%20de%20Coyhaique&#038;body=https:\/\/radiorevelacionfm.cl\/?p=28815' aria-hidden='false' data-av_icon='\ue805' data-av_iconfont='entypo-fontello' title='' data-avia-related-tooltip='Compartir por correo'><span class='avia_hidden_link_text'>Compartir por correo<\/span><\/a><\/li><\/ul><\/div><\/div>\n<div  style='height:50px' class='hr hr-invisible   avia-builder-el-8  el_after_av_social_share  el_before_av_comments_list '><span class='hr-inner ' ><span class='hr-inner-style'><\/span><\/span><\/div>\n<div  class='av-buildercomment  av-blog-meta-html-info-disabled av-blog-meta-tag-disabled  '><\/div>\n","protected":false},"excerpt":{"rendered":"","protected":false},"author":1,"featured_media":28868,"comment_status":"open","ping_status":"open","sticky":false,"template":"","format":"standard","meta":{"footnotes":""},"categories":[36],"tags":[],"class_list":["post-28815","post","type-post","status-publish","format-standard","has-post-thumbnail","hentry","category-policial"],"jetpack_featured_media_url":"https:\/\/radiorevelacionfm.cl\/wp-content\/uploads\/2023\/03\/197d1a96-e879-448f-888e-dd35067871e2-1_optimized-1.jpg","_links":{"self":[{"href":"https:\/\/radiorevelacionfm.cl\/index.php?rest_route=\/wp\/v2\/posts\/28815","targetHints":{"allow":["GET"]}}],"collection":[{"href":"https:\/\/radiorevelacionfm.cl\/index.php?rest_route=\/wp\/v2\/posts"}],"about":[{"href":"https:\/\/radiorevelacionfm.cl\/index.php?rest_route=\/wp\/v2\/types\/post"}],"author":[{"embeddable":true,"href":"https:\/\/radiorevelacionfm.cl\/index.php?rest_route=\/wp\/v2\/users\/1"}],"replies":[{"embeddable":true,"href":"https:\/\/radiorevelacionfm.cl\/index.php?rest_route=%2Fwp%2Fv2%2Fcomments&post=28815"}],"version-history":[{"count":4,"href":"https:\/\/radiorevelacionfm.cl\/index.php?rest_route=\/wp\/v2\/posts\/28815\/revisions"}],"predecessor-version":[{"id":28867,"href":"https:\/\/radiorevelacionfm.cl\/index.php?rest_route=\/wp\/v2\/posts\/28815\/revisions\/28867"}],"wp:featuredmedia":[{"embeddable":true,"href":"https:\/\/radiorevelacionfm.cl\/index.php?rest_route=\/wp\/v2\/media\/28868"}],"wp:attachment":[{"href":"https:\/\/radiorevelacionfm.cl\/index.php?rest_route=%2Fwp%2Fv2%2Fmedia&parent=28815"}],"wp:term":[{"taxonomy":"category","embeddable":true,"href":"https:\/\/radiorevelacionfm.cl\/index.php?rest_route=%2Fwp%2Fv2%2Fcategories&post=28815"},{"taxonomy":"post_tag","embeddable":true,"href":"https:\/\/radiorevelacionfm.cl\/index.php?rest_route=%2Fwp%2Fv2%2Ftags&post=28815"}],"curies":[{"name":"wp","href":"https:\/\/api.w.org\/{rel}","templated":true}]}}