{"id":28811,"date":"2023-03-14T14:49:07","date_gmt":"2023-03-14T17:49:07","guid":{"rendered":"https:\/\/radiorevelacionfm.cl\/?p=28811"},"modified":"2023-03-14T14:49:07","modified_gmt":"2023-03-14T17:49:07","slug":"con-ceremonia-y-posterior-recorrido-a-establecimientos-en-puerto-aysen-inauguran-ano-escolar-2023","status":"publish","type":"post","link":"https:\/\/radiorevelacionfm.cl\/?p=28811","title":{"rendered":"Con ceremonia y posterior recorrido a establecimientos en Puerto Ays\u00e9n inauguran a\u00f1o escolar 2023"},"content":{"rendered":"<div class=\"flex_column av_one_full  flex_column_div av-zero-column-padding first  avia-builder-el-0  el_before_av_one_full  avia-builder-el-first  \" style='border-radius:0px; '><div  class='avia-image-container  av-styling-    avia-builder-el-1  avia-builder-el-no-sibling  avia-align-center '  itemprop=\"image\" itemscope=\"itemscope\" itemtype=\"https:\/\/schema.org\/ImageObject\"  ><div class='avia-image-container-inner'><div class='avia-image-overlay-wrap'><img decoding=\"async\" class='wp-image-28812 avia-img-lazy-loading-not-28812 avia_image' src=\"https:\/\/radiorevelacionfm.cl\/wp-content\/uploads\/2023\/03\/334022627_3395205864130149_6301294447346830947_n-1-1-1.jpg\" alt='' title='334022627_3395205864130149_6301294447346830947_n (1) (1) (1)' height=\"600\" width=\"1050\"  itemprop=\"thumbnailUrl\" srcset=\"https:\/\/radiorevelacionfm.cl\/wp-content\/uploads\/2023\/03\/334022627_3395205864130149_6301294447346830947_n-1-1-1.jpg 1050w, https:\/\/radiorevelacionfm.cl\/wp-content\/uploads\/2023\/03\/334022627_3395205864130149_6301294447346830947_n-1-1-1-300x171.jpg 300w, https:\/\/radiorevelacionfm.cl\/wp-content\/uploads\/2023\/03\/334022627_3395205864130149_6301294447346830947_n-1-1-1-1030x589.jpg 1030w, https:\/\/radiorevelacionfm.cl\/wp-content\/uploads\/2023\/03\/334022627_3395205864130149_6301294447346830947_n-1-1-1-768x439.jpg 768w, https:\/\/radiorevelacionfm.cl\/wp-content\/uploads\/2023\/03\/334022627_3395205864130149_6301294447346830947_n-1-1-1-705x403.jpg 705w, https:\/\/radiorevelacionfm.cl\/wp-content\/uploads\/2023\/03\/334022627_3395205864130149_6301294447346830947_n-1-1-1-600x343.jpg 600w\" sizes=\"(max-width: 1050px) 100vw, 1050px\" \/><\/div><\/div><\/div><\/div><div class=\"flex_column av_one_full  flex_column_div av-zero-column-padding first  avia-builder-el-2  el_after_av_one_full  el_before_av_one_full  column-top-margin\" style='border-radius:0px; '><section class=\"av_textblock_section \"  itemscope=\"itemscope\" itemtype=\"https:\/\/schema.org\/BlogPosting\" itemprop=\"blogPost\" ><div class='avia_textblock  '   itemprop=\"text\" ><p style=\"text-align: center;\"><span style=\"font-size: 18pt;\"><strong>Con ceremonia y posterior recorrido a establecimientos en Puerto Ays\u00e9n inauguran a\u00f1o escolar 2023<\/strong><\/span><\/p>\n<div id=\"gtx-trans\" style=\"position: absolute; left: -50px; top: 4.31534px;\">\n<div class=\"gtx-trans-icon\"><\/div>\n<\/div>\n<\/div><\/section><\/div><div class=\"flex_column av_one_full  flex_column_div av-zero-column-padding first  avia-builder-el-4  el_after_av_one_full  el_before_av_hr  column-top-margin\" style='border-radius:0px; '><section class=\"av_textblock_section \"  itemscope=\"itemscope\" itemtype=\"https:\/\/schema.org\/BlogPosting\" itemprop=\"blogPost\" ><div class='avia_textblock  '   itemprop=\"text\" ><p style=\"text-align: justify;\">La escuela Ays\u00e9n, en Puerto Ays\u00e9n, fue el escenario en que se dio el vamos al nuevo a\u00f1o escolar 2023 en la comuna.<\/p>\n<p style=\"text-align: justify;\">As\u00ed, alumnos, docentes, directores de escuelas y liceos, y autoridades regionales, provinciales y comunales se dieron cita en la ceremonia de inauguraci\u00f3n efectuada este lunes, que tuvo por objetivo reafirmar el compromiso con cada una de las comunidades educativas en todo el territorio aysenino.<\/p>\n<p style=\"text-align: justify;\">La actividad, que cont\u00f3 con la presencia de la seremi de Educaci\u00f3n, Isabel Garrido; jefe DEPROV, Yoal D\u00edaz, representante del Servicio Local de Educaci\u00f3n P\u00fablica, SLEP Ays\u00e9n, Carolina Lazo; y alcalde, Julio Uribe, entre otros invitados, dio cuenta de la importancia de este a\u00f1o 2023 en materia educacional, en que el \u00e9nfasis est\u00e1 en la reactivaci\u00f3n educativa, particularmente en Ays\u00e9n, en que se est\u00e1 llevando a cabo el proceso de desmunicipalizaci\u00f3n.<\/p>\n<p style=\"text-align: justify;\">De esta manera, \u201chemos estado trabajando fuertemente con el SLEP porque este es el \u00faltimo a\u00f1o en que como municipio nos hacemos cargo de la educaci\u00f3n aysenina. Sin embargo, esta municipalidad no se puede desentender de lo m\u00e1s importante que tenemos como es el futuro de nuestra comuna. Por lo tanto, es un trabajo muy lindo que estamos haciendo, y donde haremos todas las alianzas necesarias para que este traspaso de la educaci\u00f3n sea de la mejor forma posible\u201d, manifest\u00f3 el edil aysenino, Julio Uribe.<\/p>\n<p style=\"text-align: justify;\">La m\u00e1xima autoridad comunal recalc\u00f3 que \u201cconvers\u00e1bamos con los directores sobre los desaf\u00edos que se nos vienen. Hoy tenemos 23 proyectos que est\u00e1n en diferentes etapas, desde la reposici\u00f3n de la escuela Despertar, que es el proyecto m\u00e1s grande de casi 6 mil millones, a proyectos m\u00e1s peque\u00f1os correspondientes a mejoras de infraestructura, electricidad, entre otros. Todos muy importantes, y que permitir\u00e1 entregar las escuelas de la mejor forma a los servicios locales\u201d.<\/p>\n<p style=\"text-align: justify;\">Por su parte, la secretaria regional ministerial de Educaci\u00f3n, Isabel Garrido, indic\u00f3 que \u201clo vital este 2023 es la reactivaci\u00f3n educativa, especialmente en tres ejes, como son que los ni\u00f1os asistan a la escuela, que aprendan lo que tengan que aprender y en ambientes de sana convivencia escolar. Estamos muy contentos con esta visita a Puerto Ays\u00e9n, y por poder ver en terreno c\u00f3mo se est\u00e1n implementando las medidas del plan de reactivaci\u00f3n, destacando adem\u00e1s conversaciones muy interesantes con docentes y estudiantes\u201d.<\/p>\n<p style=\"text-align: justify;\"><strong>RECORRIDO<\/strong><\/p>\n<p style=\"text-align: justify;\">Posterior a la ceremonia, se dio paso a un recorrido por diversos establecimientos educacionales, que incluyeron escuela Ays\u00e9n, liceo Ra\u00fal Broussain Campino, escuela Litoral Austral y Almirante Simpson, en Puerto Chacabuco.<\/p>\n<p style=\"text-align: justify;\">En cada una de ellas, las autoridades visitaron aulas y otros espacios, como son laboratorios, bibliotecas y comedor, entre otros. Conversando con estudiantes, docentes y directivos respecto a aspiraciones y metas para este a\u00f1o acad\u00e9mico 2023, as\u00ed como para los a\u00f1os venideros.<\/p>\n<p style=\"text-align: justify;\">\u201cEsperemos que este sea el inicio de un proceso que culmine a fin de a\u00f1o con nota azul y si hay traspi\u00e9s en el camino, hay que solucionarlos. As\u00ed lo hemos planteado a las autoridades, porque efectivamente como municipio necesitamos m\u00e1s fondos en la comuna de Ays\u00e9n para que sean destinados a nuestras escuelas y as\u00ed vayan mejorando\u201d, se\u00f1al\u00f3 el concejal, Jorge Figueroa, quien acompa\u00f1\u00f3 este importante hito.<\/p>\n<p style=\"text-align: justify;\">En tanto, el director de Educaci\u00f3n Municipal, DEM Ays\u00e9n, Patricio B\u00f3rquez agradeci\u00f3 a quienes fueron part\u00edcipes de la inauguraci\u00f3n del a\u00f1o escolar 2023 en la comuna de Ays\u00e9n. \u201cPor supuesto, muchas gracias a todos quienes asistieron. A las autoridades y a los directores que abrieron sus comunidades para conocer el trabajo que est\u00e1n desarrollando y poder encarar as\u00ed de mejor manera estos desaf\u00edos que se nos vienen\u201d.<\/p>\n<p style=\"text-align: justify;\">Finalmente, el director de la escuela Almirante Simpson, en Puerto Chacabuco, Alejandro Gallardo, relev\u00f3 esta visita en el marco de un nuevo a\u00f1o escolar, destacando que \u201ctenemos muchas novedades, nos encontramos implementando estrategias para mejorar los aprendizajes, grandes desaf\u00edos desde el \u00e1rea de la educaci\u00f3n, desde el \u00e1rea del desarrollo de habilidades y grandes proyectos que queremos lograr para la comunidad de Puerto Chacabuco. Esperamos que sea un a\u00f1o excelente para los ni\u00f1os, para los funcionarios. Y, en general, para toda la educaci\u00f3n aysenina2, cerr\u00f3.<\/p>\n<\/div><\/section><\/div><div  style='height:50px' class='hr hr-invisible   avia-builder-el-6  el_after_av_one_full  el_before_av_social_share '><span class='hr-inner ' ><span class='hr-inner-style'><\/span><\/span><\/div><\/p>\n<div  class='av-social-sharing-box  avia-builder-el-7  el_after_av_hr  el_before_av_hr  '><div class='av-share-box'><h5 class='av-share-link-description av-no-toc '>Compartir esta noticia<\/h5><ul class='av-share-box-list noLightbox'><li class='av-share-link av-social-link-facebook' ><a target=\"_blank\" aria-label=\"Compartir en Facebook\" href='https:\/\/www.facebook.com\/sharer.php?u=https:\/\/radiorevelacionfm.cl\/?p=28811&#038;t=Con%20ceremonia%20y%20posterior%20recorrido%20a%20establecimientos%20en%20Puerto%20Ays%C3%A9n%20inauguran%20a%C3%B1o%20escolar%202023' aria-hidden='false' data-av_icon='\ue8f3' data-av_iconfont='entypo-fontello' title='' data-avia-related-tooltip='Compartir en Facebook' rel=\"noopener\"><span class='avia_hidden_link_text'>Compartir en Facebook<\/span><\/a><\/li><li class='av-share-link av-social-link-twitter' ><a target=\"_blank\" aria-label=\"Compartir en Twitter\" href='https:\/\/twitter.com\/share?text=Con%20ceremonia%20y%20posterior%20recorrido%20a%20establecimientos%20en%20Puerto%20Ays%C3%A9n%20inauguran%20a%C3%B1o%20escolar%202023&#038;url=https:\/\/radiorevelacionfm.cl\/?p=28811' aria-hidden='false' data-av_icon='\ue8f1' data-av_iconfont='entypo-fontello' title='' data-avia-related-tooltip='Compartir en Twitter' rel=\"noopener\"><span class='avia_hidden_link_text'>Compartir en Twitter<\/span><\/a><\/li><li class='av-share-link av-social-link-whatsapp' ><a target=\"_blank\" aria-label=\"Compartir en Whatsapp\" href='https:\/\/api.whatsapp.com\/send?text=https:\/\/radiorevelacionfm.cl\/?p=28811' aria-hidden='false' data-av_icon='\uf232' data-av_iconfont='entypo-fontello' title='' data-avia-related-tooltip='Compartir en Whatsapp' rel=\"noopener\"><span class='avia_hidden_link_text'>Compartir en Whatsapp<\/span><\/a><\/li><li class='av-share-link av-social-link-linkedin' ><a target=\"_blank\" aria-label=\"Compartir en LinkedIn\" href='https:\/\/linkedin.com\/shareArticle?mini=true&#038;title=Con%20ceremonia%20y%20posterior%20recorrido%20a%20establecimientos%20en%20Puerto%20Ays%C3%A9n%20inauguran%20a%C3%B1o%20escolar%202023&#038;url=https:\/\/radiorevelacionfm.cl\/?p=28811' aria-hidden='false' data-av_icon='\ue8fc' data-av_iconfont='entypo-fontello' title='' data-avia-related-tooltip='Compartir en LinkedIn' rel=\"noopener\"><span class='avia_hidden_link_text'>Compartir en LinkedIn<\/span><\/a><\/li><li class='av-share-link av-social-link-mail' ><a  aria-label=\"Compartir por correo\" href='mailto:?subject=Con%20ceremonia%20y%20posterior%20recorrido%20a%20establecimientos%20en%20Puerto%20Ays%C3%A9n%20inauguran%20a%C3%B1o%20escolar%202023&#038;body=https:\/\/radiorevelacionfm.cl\/?p=28811' aria-hidden='false' data-av_icon='\ue805' data-av_iconfont='entypo-fontello' title='' data-avia-related-tooltip='Compartir por correo'><span class='avia_hidden_link_text'>Compartir por correo<\/span><\/a><\/li><\/ul><\/div><\/div>\n<div  style='height:50px' class='hr hr-invisible   avia-builder-el-8  el_after_av_social_share  el_before_av_comments_list '><span class='hr-inner ' ><span class='hr-inner-style'><\/span><\/span><\/div>\n<div  class='av-buildercomment  av-blog-meta-html-info-disabled av-blog-meta-tag-disabled  '><\/div>\n","protected":false},"excerpt":{"rendered":"","protected":false},"author":1,"featured_media":28812,"comment_status":"open","ping_status":"open","sticky":false,"template":"","format":"standard","meta":{"footnotes":""},"categories":[49],"tags":[],"class_list":["post-28811","post","type-post","status-publish","format-standard","has-post-thumbnail","hentry","category-educacion"],"jetpack_featured_media_url":"https:\/\/radiorevelacionfm.cl\/wp-content\/uploads\/2023\/03\/334022627_3395205864130149_6301294447346830947_n-1-1-1.jpg","_links":{"self":[{"href":"https:\/\/radiorevelacionfm.cl\/index.php?rest_route=\/wp\/v2\/posts\/28811","targetHints":{"allow":["GET"]}}],"collection":[{"href":"https:\/\/radiorevelacionfm.cl\/index.php?rest_route=\/wp\/v2\/posts"}],"about":[{"href":"https:\/\/radiorevelacionfm.cl\/index.php?rest_route=\/wp\/v2\/types\/post"}],"author":[{"embeddable":true,"href":"https:\/\/radiorevelacionfm.cl\/index.php?rest_route=\/wp\/v2\/users\/1"}],"replies":[{"embeddable":true,"href":"https:\/\/radiorevelacionfm.cl\/index.php?rest_route=%2Fwp%2Fv2%2Fcomments&post=28811"}],"version-history":[{"count":2,"href":"https:\/\/radiorevelacionfm.cl\/index.php?rest_route=\/wp\/v2\/posts\/28811\/revisions"}],"predecessor-version":[{"id":28814,"href":"https:\/\/radiorevelacionfm.cl\/index.php?rest_route=\/wp\/v2\/posts\/28811\/revisions\/28814"}],"wp:featuredmedia":[{"embeddable":true,"href":"https:\/\/radiorevelacionfm.cl\/index.php?rest_route=\/wp\/v2\/media\/28812"}],"wp:attachment":[{"href":"https:\/\/radiorevelacionfm.cl\/index.php?rest_route=%2Fwp%2Fv2%2Fmedia&parent=28811"}],"wp:term":[{"taxonomy":"category","embeddable":true,"href":"https:\/\/radiorevelacionfm.cl\/index.php?rest_route=%2Fwp%2Fv2%2Fcategories&post=28811"},{"taxonomy":"post_tag","embeddable":true,"href":"https:\/\/radiorevelacionfm.cl\/index.php?rest_route=%2Fwp%2Fv2%2Ftags&post=28811"}],"curies":[{"name":"wp","href":"https:\/\/api.w.org\/{rel}","templated":true}]}}