{"id":28806,"date":"2023-03-14T18:44:04","date_gmt":"2023-03-14T21:44:04","guid":{"rendered":"https:\/\/radiorevelacionfm.cl\/?p=28806"},"modified":"2023-03-14T18:44:04","modified_gmt":"2023-03-14T21:44:04","slug":"seremi-de-gobierno-aysen-el-ano-2022-lanzamos-mas-de-300-medidas-concretas-que-enfrentan-las-urgencias-de-las-personas","status":"publish","type":"post","link":"https:\/\/radiorevelacionfm.cl\/?p=28806","title":{"rendered":"Seremi de Gobierno Ays\u00e9n: \u00abEl a\u00f1o 2022 lanzamos ma\u0301s de 300 medidas concretas que enfrentan las urgencias de las personas\u00bb"},"content":{"rendered":"<div class=\"flex_column av_one_full  flex_column_div av-zero-column-padding first  avia-builder-el-0  el_before_av_one_full  avia-builder-el-first  \" style='border-radius:0px; '><div  class='avia-image-container  av-styling-    avia-builder-el-1  avia-builder-el-no-sibling  avia-align-center '  itemprop=\"image\" itemscope=\"itemscope\" itemtype=\"https:\/\/schema.org\/ImageObject\"  ><div class='avia-image-container-inner'><div class='avia-image-overlay-wrap'><img decoding=\"async\" class='wp-image-28808 avia-img-lazy-loading-not-28808 avia_image' src=\"https:\/\/radiorevelacionfm.cl\/wp-content\/uploads\/2023\/03\/Seremi-Gob-1-2-1.jpeg\" alt='' title='Seremi Gob 1 (2) (1)' height=\"600\" width=\"961\"  itemprop=\"thumbnailUrl\" srcset=\"https:\/\/radiorevelacionfm.cl\/wp-content\/uploads\/2023\/03\/Seremi-Gob-1-2-1.jpeg 961w, https:\/\/radiorevelacionfm.cl\/wp-content\/uploads\/2023\/03\/Seremi-Gob-1-2-1-300x187.jpeg 300w, https:\/\/radiorevelacionfm.cl\/wp-content\/uploads\/2023\/03\/Seremi-Gob-1-2-1-768x480.jpeg 768w, https:\/\/radiorevelacionfm.cl\/wp-content\/uploads\/2023\/03\/Seremi-Gob-1-2-1-705x440.jpeg 705w, https:\/\/radiorevelacionfm.cl\/wp-content\/uploads\/2023\/03\/Seremi-Gob-1-2-1-600x375.jpeg 600w\" sizes=\"(max-width: 961px) 100vw, 961px\" \/><\/div><\/div><\/div><\/div><div class=\"flex_column av_one_full  flex_column_div av-zero-column-padding first  avia-builder-el-2  el_after_av_one_full  el_before_av_one_full  column-top-margin\" style='border-radius:0px; '><section class=\"av_textblock_section \"  itemscope=\"itemscope\" itemtype=\"https:\/\/schema.org\/BlogPosting\" itemprop=\"blogPost\" ><div class='avia_textblock  '   itemprop=\"text\" ><p style=\"text-align: center;\"><span style=\"font-size: 18pt;\"><b>Seremi de Gobierno Ays\u00e9n: \u00abEl a\u00f1o 2022 lanzamos ma\u0301s de 300 medidas concretas que enfrentan las urgencias de las personas\u00bb<\/b><\/span><\/p>\n<div id=\"gtx-trans\" style=\"position: absolute; left: -50px; top: 4.31534px;\">\n<div class=\"gtx-trans-icon\"><\/div>\n<\/div>\n<\/div><\/section><\/div><div class=\"flex_column av_one_full  flex_column_div av-zero-column-padding first  avia-builder-el-4  el_after_av_one_full  el_before_av_hr  column-top-margin\" style='border-radius:0px; '><section class=\"av_textblock_section \"  itemscope=\"itemscope\" itemtype=\"https:\/\/schema.org\/BlogPosting\" itemprop=\"blogPost\" ><div class='avia_textblock  '   itemprop=\"text\" ><p class=\"v1MsoNormal\" style=\"text-align: justify;\">Luego de que se cumpliera un a\u00f1o de la llegada del Presidente Gabriel Boric a La Moneda, y tras el encuentro que sostuvieron el fin de semana pasado todos los integrantes del Gabinete Regional, la Seremi de Gobierno de Ays\u00e9n, Tatiana Pl\u00e1 \u00c1lvarez, asegur\u00f3 que \u00abhemos reafirmado nuestros objetivos, y este a\u00f1o 2023 seguiremos trabajando por avanzar hacia un pa\u00eds m\u00e1s descentralizado, democr\u00e1tico y con mejores empleos\u00bb.<\/p>\n<p class=\"v1MsoNormal\" style=\"text-align: justify;\">En ese sentido, la portavoz indic\u00f3 que con la finalidad de fortalecer la gesti\u00f3n del Gobierno en las regiones, el Ministerio de Interior realizar\u00e1 una nueva jornada de trabajo con los delegadas\/os presidenciales del pa\u00eds, donde se discutir\u00e1n los desaf\u00edos que existen a la fecha de hoy en temas como seguridad y descentralizaci\u00f3n.<\/p>\n<p class=\"v1MsoNormal\" style=\"text-align: justify;\">\u00abAunque en la derecha hay algunos que insisten en lo contrario, creo necesario se\u00f1alar que durante nuestro primer a\u00f1o de Gobierno logramos muchos avances que se cre\u00edan imposibles, entre ellos el Copago Cero, que beneficia a miles de familias, el mayor reajuste del sueldo mi\u0301nimo en los u\u0301ltimos 25 an\u0303os, y otras 300 medidas concretas que entregan a las familias del pa\u00eds y la regi\u00f3n seguridad ciudadana, seguridad social y seguridad econo\u0301mica\u00bb, manifest\u00f3 la vocera.<\/p>\n<p class=\"v1MsoNormal\" style=\"text-align: justify;\">\u00abIngresamos un proyecto de reforma que de ser aprobada por el Congreso, mejorara\u0301 de manera inmediata las jubilaciones de los actuales pensionados y asegurara\u0301 mejores pensiones para los futuros jubilados. Tambi\u00e9n propusimos un seguro social para proteger a los trabajadores de las lagunas Previsionales y, adem\u00e1s debimos enfrentar los incendios que durante el verano asolaron parte importante del sur de nuestro pa\u00eds, aumentando el presupuesto de Conaf en un 22%\u00bb, agreg\u00f3 Tatiana Pl\u00e1.<\/p>\n<p class=\"v1MsoNormal\" style=\"text-align: justify;\">En materia habitacional, relev\u00f3 el impulso al Plan de Emergencia Habitacional que busca entregar 260 mil viviendas durante el actual periodo de Gobierno, y que a enero de 2023 ya ha entregado 39.475 viviendas, quedando 136.091 en ejecuci\u00f3n.<\/p>\n<p class=\"v1MsoNormal\" style=\"text-align: justify;\">As\u00ed tambi\u00e9n, la vocera destac\u00f3 el proyecto de ley que reduce la jornada laboral a 40 horas semanales, conocido como 40 horas y que \u00a0materializa la reducci\u00f3n de la jornada laboral de trabajadores y trabajadoras, adem\u00e1s de la conseguir el mayor incremento del salario m\u00ednimo en m\u00e1s de 20 a\u00f1os, pasando de $350.000 a $410.000 pesos entre mayo de 2022 y enero de 2023, beneficiando a cerca de 1 mill\u00f3n de trabajadores y trabajadoras, tambi\u00e9n entregamos un subsidio al salario m\u00ednimo para las pymes.<\/p>\n<p class=\"v1MsoNormal\" style=\"text-align: justify;\">Adicionalmente, la Seremi destac\u00f3 los avances en Seguridad P\u00fablica, que han permitido recuperar espacios p\u00fablicos tanto en la Regi\u00f3n Metropolitana como en otras regiones del pa\u00eds, asegurando el acceso para todos y todas a estos lugares.<\/p>\n<p class=\"v1MsoNormal\" style=\"text-align: justify;\">\u00abHemos avanzado en la implementaci\u00f3n de importantes proyectos legislativos que nos permitir\u00e1n profundizar el combate al narcotr\u00e1fico y fortalecer la institucionalidad del Estado en esta materia. Al mismo tiempo, la violencia rural en la macrozona sur disminuy\u00f3 un 35% en los nueve meses de vigencia del estado de excepci\u00f3n. Se ha logrado la detenci\u00f3n de numerosas bandas criminales, y llevamos al Congreso la ley que combate el narcotr\u00e1fico y la ley contra el crimen organizado, el fortalecimiento del Ministerio P\u00fablico y pusimos en marcha Denuncia Seguro, un n\u00famero (*4242) que est\u00e1 disponible 24\/7<\/p>\n<p class=\"v1MsoNormal\" style=\"text-align: justify;\">En t\u00e9rminos de Seguridad Econ\u00f3mica, la Seremi de Gobierno valor\u00f3 la creaci\u00f3n del Plan de Recuperaci\u00f3n Inclusiva Chile Apoya, que ha movilizado recursos por 3.700 millones de d\u00f3lares para generar empleos, acompa\u00f1ando a sectores rezagados, ayudando directamente a los bolsillos de las familias y apoyando MiPyMEs, la reducci\u00f3n del precio de la parafina, la promulgaci\u00f3n de la ley que estabiliza las tarifas de las cuentas de la luz y el congelamiento de las tarifas del transporte p\u00fablico, y creamos el Bono Chile Apoya de Invierno de $120.000 que recibieron 7,5 millones de personas, entre otras iniciativas.<\/p>\n<p class=\"v1MsoNormal\" style=\"text-align: justify;\">\u00abNuestro manejo responsable de la econom\u00eda, ha logrado que Chile recupere su posici\u00f3n como el pa\u00eds m\u00e1s seguro para invertir en Am\u00e9rica Latina. De la misma manera, conseguimos un super\u00e1vit fiscal que no se observaba desde hace una d\u00e9cada. Esta primera etapa no ha sido f\u00e1cil, pero seguiremos con el compromiso de siempre y la firme convicci\u00f3n de construir un Chile m\u00e1s desarrollado y con m\u00e1s derechos para todos y todas\u00bb, concluy\u00f3.<\/p>\n<\/div><\/section><\/div><div  style='height:50px' class='hr hr-invisible   avia-builder-el-6  el_after_av_one_full  el_before_av_social_share '><span class='hr-inner ' ><span class='hr-inner-style'><\/span><\/span><\/div><\/p>\n<div  class='av-social-sharing-box  avia-builder-el-7  el_after_av_hr  el_before_av_hr  '><div class='av-share-box'><h5 class='av-share-link-description av-no-toc '>Compartir esta noticia<\/h5><ul class='av-share-box-list noLightbox'><li class='av-share-link av-social-link-facebook' ><a target=\"_blank\" aria-label=\"Compartir en Facebook\" href='https:\/\/www.facebook.com\/sharer.php?u=https:\/\/radiorevelacionfm.cl\/?p=28806&#038;t=Seremi%20de%20Gobierno%20Ays%C3%A9n%3A%20%C2%ABEl%20a%C3%B1o%202022%20lanzamos%20ma%CC%81s%20de%20300%20medidas%20concretas%20que%20enfrentan%20las%20urgencias%20de%20las%20personas%C2%BB' aria-hidden='false' data-av_icon='\ue8f3' data-av_iconfont='entypo-fontello' title='' data-avia-related-tooltip='Compartir en Facebook' rel=\"noopener\"><span class='avia_hidden_link_text'>Compartir en Facebook<\/span><\/a><\/li><li class='av-share-link av-social-link-twitter' ><a target=\"_blank\" aria-label=\"Compartir en Twitter\" href='https:\/\/twitter.com\/share?text=Seremi%20de%20Gobierno%20Ays%C3%A9n%3A%20%C2%ABEl%20a%C3%B1o%202022%20lanzamos%20ma%CC%81s%20de%20300%20medidas%20concretas%20que%20enfrentan%20las%20urgencias%20de%20las%20personas%C2%BB&#038;url=https:\/\/radiorevelacionfm.cl\/?p=28806' aria-hidden='false' data-av_icon='\ue8f1' data-av_iconfont='entypo-fontello' title='' data-avia-related-tooltip='Compartir en Twitter' rel=\"noopener\"><span class='avia_hidden_link_text'>Compartir en Twitter<\/span><\/a><\/li><li class='av-share-link av-social-link-whatsapp' ><a target=\"_blank\" aria-label=\"Compartir en Whatsapp\" href='https:\/\/api.whatsapp.com\/send?text=https:\/\/radiorevelacionfm.cl\/?p=28806' aria-hidden='false' data-av_icon='\uf232' data-av_iconfont='entypo-fontello' title='' data-avia-related-tooltip='Compartir en Whatsapp' rel=\"noopener\"><span class='avia_hidden_link_text'>Compartir en Whatsapp<\/span><\/a><\/li><li class='av-share-link av-social-link-linkedin' ><a target=\"_blank\" aria-label=\"Compartir en LinkedIn\" href='https:\/\/linkedin.com\/shareArticle?mini=true&#038;title=Seremi%20de%20Gobierno%20Ays%C3%A9n%3A%20%C2%ABEl%20a%C3%B1o%202022%20lanzamos%20ma%CC%81s%20de%20300%20medidas%20concretas%20que%20enfrentan%20las%20urgencias%20de%20las%20personas%C2%BB&#038;url=https:\/\/radiorevelacionfm.cl\/?p=28806' aria-hidden='false' data-av_icon='\ue8fc' data-av_iconfont='entypo-fontello' title='' data-avia-related-tooltip='Compartir en LinkedIn' rel=\"noopener\"><span class='avia_hidden_link_text'>Compartir en LinkedIn<\/span><\/a><\/li><li class='av-share-link av-social-link-mail' ><a  aria-label=\"Compartir por correo\" href='mailto:?subject=Seremi%20de%20Gobierno%20Ays%C3%A9n%3A%20%C2%ABEl%20a%C3%B1o%202022%20lanzamos%20ma%CC%81s%20de%20300%20medidas%20concretas%20que%20enfrentan%20las%20urgencias%20de%20las%20personas%C2%BB&#038;body=https:\/\/radiorevelacionfm.cl\/?p=28806' aria-hidden='false' data-av_icon='\ue805' data-av_iconfont='entypo-fontello' title='' data-avia-related-tooltip='Compartir por correo'><span class='avia_hidden_link_text'>Compartir por correo<\/span><\/a><\/li><\/ul><\/div><\/div>\n<div  style='height:50px' class='hr hr-invisible   avia-builder-el-8  el_after_av_social_share  el_before_av_comments_list '><span class='hr-inner ' ><span class='hr-inner-style'><\/span><\/span><\/div>\n<div  class='av-buildercomment  av-blog-meta-html-info-disabled av-blog-meta-tag-disabled  '><\/div>\n","protected":false},"excerpt":{"rendered":"","protected":false},"author":1,"featured_media":28808,"comment_status":"open","ping_status":"open","sticky":false,"template":"","format":"standard","meta":{"footnotes":""},"categories":[38],"tags":[],"class_list":["post-28806","post","type-post","status-publish","format-standard","has-post-thumbnail","hentry","category-regional"],"jetpack_featured_media_url":"https:\/\/radiorevelacionfm.cl\/wp-content\/uploads\/2023\/03\/Seremi-Gob-1-2-1.jpeg","_links":{"self":[{"href":"https:\/\/radiorevelacionfm.cl\/index.php?rest_route=\/wp\/v2\/posts\/28806","targetHints":{"allow":["GET"]}}],"collection":[{"href":"https:\/\/radiorevelacionfm.cl\/index.php?rest_route=\/wp\/v2\/posts"}],"about":[{"href":"https:\/\/radiorevelacionfm.cl\/index.php?rest_route=\/wp\/v2\/types\/post"}],"author":[{"embeddable":true,"href":"https:\/\/radiorevelacionfm.cl\/index.php?rest_route=\/wp\/v2\/users\/1"}],"replies":[{"embeddable":true,"href":"https:\/\/radiorevelacionfm.cl\/index.php?rest_route=%2Fwp%2Fv2%2Fcomments&post=28806"}],"version-history":[{"count":2,"href":"https:\/\/radiorevelacionfm.cl\/index.php?rest_route=\/wp\/v2\/posts\/28806\/revisions"}],"predecessor-version":[{"id":28860,"href":"https:\/\/radiorevelacionfm.cl\/index.php?rest_route=\/wp\/v2\/posts\/28806\/revisions\/28860"}],"wp:featuredmedia":[{"embeddable":true,"href":"https:\/\/radiorevelacionfm.cl\/index.php?rest_route=\/wp\/v2\/media\/28808"}],"wp:attachment":[{"href":"https:\/\/radiorevelacionfm.cl\/index.php?rest_route=%2Fwp%2Fv2%2Fmedia&parent=28806"}],"wp:term":[{"taxonomy":"category","embeddable":true,"href":"https:\/\/radiorevelacionfm.cl\/index.php?rest_route=%2Fwp%2Fv2%2Fcategories&post=28806"},{"taxonomy":"post_tag","embeddable":true,"href":"https:\/\/radiorevelacionfm.cl\/index.php?rest_route=%2Fwp%2Fv2%2Ftags&post=28806"}],"curies":[{"name":"wp","href":"https:\/\/api.w.org\/{rel}","templated":true}]}}