{"id":28800,"date":"2023-03-14T12:23:09","date_gmt":"2023-03-14T15:23:09","guid":{"rendered":"https:\/\/radiorevelacionfm.cl\/?p=28800"},"modified":"2023-03-14T12:23:09","modified_gmt":"2023-03-14T15:23:09","slug":"veinte-emprendedores-as-de-la-comuna-lago-verde-fortalecieron-sus-negocios-con-apoyo-del-fosis","status":"publish","type":"post","link":"https:\/\/radiorevelacionfm.cl\/?p=28800","title":{"rendered":"Veinte emprendedores\/as de la comuna Lago Verde fortalecieron sus negocios con apoyo del FOSIS"},"content":{"rendered":"<div class=\"flex_column av_one_full  flex_column_div av-zero-column-padding first  avia-builder-el-0  el_before_av_one_full  avia-builder-el-first  \" style='border-radius:0px; '><div  class='avia-image-container  av-styling-    avia-builder-el-1  avia-builder-el-no-sibling  avia-align-center '  itemprop=\"image\" itemscope=\"itemscope\" itemtype=\"https:\/\/schema.org\/ImageObject\"  ><div class='avia-image-container-inner'><div class='avia-image-overlay-wrap'><img decoding=\"async\" class='wp-image-28801 avia-img-lazy-loading-not-28801 avia_image' src=\"https:\/\/radiorevelacionfm.cl\/wp-content\/uploads\/2023\/03\/1villa-amengual-1_optimized-1.jpg\" alt='' title='1villa-amengual-(1)_optimized (1)' height=\"600\" width=\"989\"  itemprop=\"thumbnailUrl\" srcset=\"https:\/\/radiorevelacionfm.cl\/wp-content\/uploads\/2023\/03\/1villa-amengual-1_optimized-1.jpg 989w, https:\/\/radiorevelacionfm.cl\/wp-content\/uploads\/2023\/03\/1villa-amengual-1_optimized-1-300x182.jpg 300w, https:\/\/radiorevelacionfm.cl\/wp-content\/uploads\/2023\/03\/1villa-amengual-1_optimized-1-768x466.jpg 768w, https:\/\/radiorevelacionfm.cl\/wp-content\/uploads\/2023\/03\/1villa-amengual-1_optimized-1-705x428.jpg 705w, https:\/\/radiorevelacionfm.cl\/wp-content\/uploads\/2023\/03\/1villa-amengual-1_optimized-1-600x364.jpg 600w\" sizes=\"(max-width: 989px) 100vw, 989px\" \/><\/div><\/div><\/div><\/div><div class=\"flex_column av_one_full  flex_column_div av-zero-column-padding first  avia-builder-el-2  el_after_av_one_full  el_before_av_one_full  column-top-margin\" style='border-radius:0px; '><section class=\"av_textblock_section \"  itemscope=\"itemscope\" itemtype=\"https:\/\/schema.org\/BlogPosting\" itemprop=\"blogPost\" ><div class='avia_textblock  '   itemprop=\"text\" ><p style=\"text-align: center;\"><strong><span style=\"font-size: 18pt;\">Veinte emprendedores\/as de la comuna Lago Verde fortalecieron sus negocios con apoyo del FOSIS<\/span><\/strong><\/p>\n<div id=\"gtx-trans\" style=\"position: absolute; left: -50px; top: 4.31534px;\">\n<div class=\"gtx-trans-icon\"><\/div>\n<\/div>\n<\/div><\/section><\/div><div class=\"flex_column av_one_full  flex_column_div av-zero-column-padding first  avia-builder-el-4  el_after_av_one_full  el_before_av_hr  column-top-margin\" style='border-radius:0px; '><section class=\"av_textblock_section \"  itemscope=\"itemscope\" itemtype=\"https:\/\/schema.org\/BlogPosting\" itemprop=\"blogPost\" ><div class='avia_textblock  '   itemprop=\"text\" ><p style=\"text-align: justify;\">La jornada de cierre y certificaci\u00f3n de los programas de emprendimiento financiados por el Fondo de Solidaridad e Inversi\u00f3n Social, FOSIS, se llev\u00f3 a cabo en Sede Comunitaria de Villa Amengual y cont\u00f3 con la participaci\u00f3n del Delegado Presidencial Regional, Rodrigo Araya; el Alcalde de Lago Verde, Nelson Opazo y la Directora Regional del FOSIS, Fernanda Leiva; quienes conocieron las experiencias de las emprendedoras y emprendedores que fueron parte del programa.<\/p>\n<p style=\"text-align: justify;\">Durante la actividad, las autoridades presentes hicieron entrega de certificados a las usuarias y usuarios de Villa Amengual, Villa La Tapera y Lago Verde, que finalizaron exitosamente las etapas de capacitaci\u00f3n, asesor\u00eda t\u00e9cnica y el financiamiento de un plan de negocios, junto con escuchar las historias de emprendimiento y el aporte que signific\u00f3, para el desarrollo de los negocios de este grupo de personas, el trabajo del FOSIS en la comuna.<\/p>\n<p style=\"text-align: justify;\">La emprendedora, Tamara Araneda, que se desempe\u00f1a en turismo rural en Villa Amengual, valor\u00f3 positivamente su participaci\u00f3n en el programa Emprendamos y destac\u00f3 que \u201crecib\u00ed capacitaci\u00f3n y apoyo en compras, me ha servido mucho para poder fortalecer mi emprendimiento, lo que me ayudar para dar un mejor servicio a mis clientes. Yo hago turismo rural y tengo un comedor donde hago comida casera, doy desayuno y onces, tengo un sendero con historia, donde tengo un puesto en que los antiguos hac\u00edan la le\u00f1a, iban a ver a sus animales, tomaban mate y ese sendero llega a una casada\u201d.<\/p>\n<p style=\"text-align: justify;\">Rodrigo Araya, Delegado Presidencial Regional de Ays\u00e9n, concluyo que \u201cpara nuestro Gobierno y por mandato de nuestro Presidente Gabriel Boric, tenemos que trabajar para poder dar oportunidades uy herramientas de desarrollo a todas las personas a lo largo de nuestro pa\u00eds, y FOSIS est\u00e1 cumpliendo con esto. Este programa que tiene un componente de planes de negocio, digitalizaci\u00f3n y enfoque de g\u00e9nero, es tremendamente relevante porque tenemos que ir resolviendo las brechas que existen de oportunidades para las mujeres de sectores rurales o comunas que tienen problemas de conectividad\u201d.<\/p>\n<p style=\"text-align: justify;\">El Alcalde de Lago Verde, Nelson Opazo, recalc\u00f3 que \u201csiempre es bienvenido el trabajo entre el Municipio y los Servicios. Se agradece y valora que el FOSIS nos acompa\u00f1e permanentemente en temas de apoyo al emprendimiento y con esto estamos apuntando a los espacios y personas que lo necesitan y en lugares apartados como el nuestro, donde las dificultades son mayores para emprender. Feliz de poder acompa\u00f1ar a estas 20 emprendedoras y emprendedores, constatar que est\u00e1n cerrando un ciclo y est\u00e1n creyendo que desde el territorio de Lago Verde se puede emprender y tener una mejor condici\u00f3n de vida\u201d.<\/p>\n<p style=\"text-align: justify;\">Fernanda Leiva, Directora Regional del FOSIS Ays\u00e9n, asegur\u00f3 que \u201cestamos contentos de estar en Villa Amengual cerrando un proceso, que estuvimos acompa\u00f1ando desde el principio. Felices de poder venir a certificar y saludar a nuestras usuarias y usuarios por el t\u00e9rmino de la ejecuci\u00f3n del programa Emprendamos, donde estamos rescatando los valores y caracter\u00edsticas de las personas que viven en lugares m\u00e1s apartados de la comuna de Lago Verde. Los felicitamos, deseamos \u00e9xito y esperamos seguir trabajando en conjunto con la Municipalidad, con quienes nos hemos estado coordinando para poder llegar a lugares m\u00e1s apartados de esta comuna\u201d.<\/p>\n<p style=\"text-align: justify;\">El programa Emprendamos B\u00e1sico tienen la misi\u00f3n de entregar apoyo a personas que desarrollan actividades econ\u00f3micas de manera aut\u00f3noma, para que puedan generar ingresos a trav\u00e9s de un negocio o servicio, haciendo uso de sus capacidades para mejorar su condici\u00f3n de vida.<\/p>\n<p style=\"text-align: justify;\">Los programas Emprendamos que se ejecutan en la regi\u00f3n de Ays\u00e9n, se encuentran en etapa de cierre administrativo en todas las comunas donde se ha realizado la intervenci\u00f3n y se espera que para la primera quincena de abril se abran las postulaciones de la oferta 2023.<\/p>\n<\/div><\/section><\/div><div  style='height:50px' class='hr hr-invisible   avia-builder-el-6  el_after_av_one_full  el_before_av_social_share '><span class='hr-inner ' ><span class='hr-inner-style'><\/span><\/span><\/div><\/p>\n<div  class='av-social-sharing-box  avia-builder-el-7  el_after_av_hr  el_before_av_hr  '><div class='av-share-box'><h5 class='av-share-link-description av-no-toc '>Compartir esta noticia<\/h5><ul class='av-share-box-list noLightbox'><li class='av-share-link av-social-link-facebook' ><a target=\"_blank\" aria-label=\"Compartir en Facebook\" href='https:\/\/www.facebook.com\/sharer.php?u=https:\/\/radiorevelacionfm.cl\/?p=28800&#038;t=Veinte%20emprendedores%2Fas%20de%20la%20comuna%20Lago%20Verde%20fortalecieron%20sus%20negocios%20con%20apoyo%20del%20FOSIS' aria-hidden='false' data-av_icon='\ue8f3' data-av_iconfont='entypo-fontello' title='' data-avia-related-tooltip='Compartir en Facebook' rel=\"noopener\"><span class='avia_hidden_link_text'>Compartir en Facebook<\/span><\/a><\/li><li class='av-share-link av-social-link-twitter' ><a target=\"_blank\" aria-label=\"Compartir en Twitter\" href='https:\/\/twitter.com\/share?text=Veinte%20emprendedores%2Fas%20de%20la%20comuna%20Lago%20Verde%20fortalecieron%20sus%20negocios%20con%20apoyo%20del%20FOSIS&#038;url=https:\/\/radiorevelacionfm.cl\/?p=28800' aria-hidden='false' data-av_icon='\ue8f1' data-av_iconfont='entypo-fontello' title='' data-avia-related-tooltip='Compartir en Twitter' rel=\"noopener\"><span class='avia_hidden_link_text'>Compartir en Twitter<\/span><\/a><\/li><li class='av-share-link av-social-link-whatsapp' ><a target=\"_blank\" aria-label=\"Compartir en Whatsapp\" href='https:\/\/api.whatsapp.com\/send?text=https:\/\/radiorevelacionfm.cl\/?p=28800' aria-hidden='false' data-av_icon='\uf232' data-av_iconfont='entypo-fontello' title='' data-avia-related-tooltip='Compartir en Whatsapp' rel=\"noopener\"><span class='avia_hidden_link_text'>Compartir en Whatsapp<\/span><\/a><\/li><li class='av-share-link av-social-link-linkedin' ><a target=\"_blank\" aria-label=\"Compartir en LinkedIn\" href='https:\/\/linkedin.com\/shareArticle?mini=true&#038;title=Veinte%20emprendedores%2Fas%20de%20la%20comuna%20Lago%20Verde%20fortalecieron%20sus%20negocios%20con%20apoyo%20del%20FOSIS&#038;url=https:\/\/radiorevelacionfm.cl\/?p=28800' aria-hidden='false' data-av_icon='\ue8fc' data-av_iconfont='entypo-fontello' title='' data-avia-related-tooltip='Compartir en LinkedIn' rel=\"noopener\"><span class='avia_hidden_link_text'>Compartir en LinkedIn<\/span><\/a><\/li><li class='av-share-link av-social-link-mail' ><a  aria-label=\"Compartir por correo\" href='mailto:?subject=Veinte%20emprendedores%2Fas%20de%20la%20comuna%20Lago%20Verde%20fortalecieron%20sus%20negocios%20con%20apoyo%20del%20FOSIS&#038;body=https:\/\/radiorevelacionfm.cl\/?p=28800' aria-hidden='false' data-av_icon='\ue805' data-av_iconfont='entypo-fontello' title='' data-avia-related-tooltip='Compartir por correo'><span class='avia_hidden_link_text'>Compartir por correo<\/span><\/a><\/li><\/ul><\/div><\/div>\n<div  style='height:50px' class='hr hr-invisible   avia-builder-el-8  el_after_av_social_share  el_before_av_comments_list '><span class='hr-inner ' ><span class='hr-inner-style'><\/span><\/span><\/div>\n<div  class='av-buildercomment  av-blog-meta-html-info-disabled av-blog-meta-tag-disabled  '><\/div>\n","protected":false},"excerpt":{"rendered":"","protected":false},"author":1,"featured_media":28801,"comment_status":"open","ping_status":"open","sticky":false,"template":"","format":"standard","meta":{"footnotes":""},"categories":[38],"tags":[],"class_list":["post-28800","post","type-post","status-publish","format-standard","has-post-thumbnail","hentry","category-regional"],"jetpack_featured_media_url":"https:\/\/radiorevelacionfm.cl\/wp-content\/uploads\/2023\/03\/1villa-amengual-1_optimized-1.jpg","_links":{"self":[{"href":"https:\/\/radiorevelacionfm.cl\/index.php?rest_route=\/wp\/v2\/posts\/28800","targetHints":{"allow":["GET"]}}],"collection":[{"href":"https:\/\/radiorevelacionfm.cl\/index.php?rest_route=\/wp\/v2\/posts"}],"about":[{"href":"https:\/\/radiorevelacionfm.cl\/index.php?rest_route=\/wp\/v2\/types\/post"}],"author":[{"embeddable":true,"href":"https:\/\/radiorevelacionfm.cl\/index.php?rest_route=\/wp\/v2\/users\/1"}],"replies":[{"embeddable":true,"href":"https:\/\/radiorevelacionfm.cl\/index.php?rest_route=%2Fwp%2Fv2%2Fcomments&post=28800"}],"version-history":[{"count":2,"href":"https:\/\/radiorevelacionfm.cl\/index.php?rest_route=\/wp\/v2\/posts\/28800\/revisions"}],"predecessor-version":[{"id":28810,"href":"https:\/\/radiorevelacionfm.cl\/index.php?rest_route=\/wp\/v2\/posts\/28800\/revisions\/28810"}],"wp:featuredmedia":[{"embeddable":true,"href":"https:\/\/radiorevelacionfm.cl\/index.php?rest_route=\/wp\/v2\/media\/28801"}],"wp:attachment":[{"href":"https:\/\/radiorevelacionfm.cl\/index.php?rest_route=%2Fwp%2Fv2%2Fmedia&parent=28800"}],"wp:term":[{"taxonomy":"category","embeddable":true,"href":"https:\/\/radiorevelacionfm.cl\/index.php?rest_route=%2Fwp%2Fv2%2Fcategories&post=28800"},{"taxonomy":"post_tag","embeddable":true,"href":"https:\/\/radiorevelacionfm.cl\/index.php?rest_route=%2Fwp%2Fv2%2Ftags&post=28800"}],"curies":[{"name":"wp","href":"https:\/\/api.w.org\/{rel}","templated":true}]}}