{"id":28791,"date":"2023-03-14T09:52:47","date_gmt":"2023-03-14T12:52:47","guid":{"rendered":"https:\/\/radiorevelacionfm.cl\/?p=28791"},"modified":"2023-03-14T09:52:47","modified_gmt":"2023-03-14T12:52:47","slug":"aysen-estara-presente-en-conferencia-sobre-agua-de-la-onu-que-se-realizara-en-nueva-york","status":"publish","type":"post","link":"https:\/\/radiorevelacionfm.cl\/?p=28791","title":{"rendered":"Ays\u00e9n estar\u00e1 presente en Conferencia sobre Agua de la ONU que se realizar\u00e1 en Nueva York"},"content":{"rendered":"<div class=\"flex_column av_one_full  flex_column_div av-zero-column-padding first  avia-builder-el-0  el_before_av_one_full  avia-builder-el-first  \" style='border-radius:0px; '><div  class='avia-image-container  av-styling-    avia-builder-el-1  avia-builder-el-no-sibling  avia-align-center '  itemprop=\"image\" itemscope=\"itemscope\" itemtype=\"https:\/\/schema.org\/ImageObject\"  ><div class='avia-image-container-inner'><div class='avia-image-overlay-wrap'><img decoding=\"async\" class='wp-image-28792 avia-img-lazy-loading-not-28792 avia_image' src=\"https:\/\/radiorevelacionfm.cl\/wp-content\/uploads\/2023\/03\/Side-Event-Patagonia-1-1.jpg\" alt='' title='Side Event Patagonia (1) (1)' height=\"600\" width=\"480\"  itemprop=\"thumbnailUrl\" srcset=\"https:\/\/radiorevelacionfm.cl\/wp-content\/uploads\/2023\/03\/Side-Event-Patagonia-1-1.jpg 480w, https:\/\/radiorevelacionfm.cl\/wp-content\/uploads\/2023\/03\/Side-Event-Patagonia-1-1-240x300.jpg 240w\" sizes=\"(max-width: 480px) 100vw, 480px\" \/><\/div><\/div><\/div><\/div><div class=\"flex_column av_one_full  flex_column_div av-zero-column-padding first  avia-builder-el-2  el_after_av_one_full  el_before_av_one_full  column-top-margin\" style='border-radius:0px; '><section class=\"av_textblock_section \"  itemscope=\"itemscope\" itemtype=\"https:\/\/schema.org\/BlogPosting\" itemprop=\"blogPost\" ><div class='avia_textblock  '   itemprop=\"text\" ><p style=\"text-align: center;\"><span style=\"font-size: 18pt;\"><b><span lang=\"ES\">Ays<\/span><\/b><b><span lang=\"X-NONE\">\u00e9n estar\u00e1 presente en Conferencia sobre Agua de la ONU que se realizar\u00e1 en Nueva York<\/span><\/b><\/span><\/p>\n<div id=\"gtx-trans\" style=\"position: absolute; left: -50px; top: 4.31534px;\">\n<div class=\"gtx-trans-icon\"><\/div>\n<\/div>\n<\/div><\/section><\/div><div class=\"flex_column av_one_full  flex_column_div av-zero-column-padding first  avia-builder-el-4  el_after_av_one_full  el_before_av_hr  column-top-margin\" style='border-radius:0px; '><section class=\"av_textblock_section \"  itemscope=\"itemscope\" itemtype=\"https:\/\/schema.org\/BlogPosting\" itemprop=\"blogPost\" ><div class='avia_textblock  '   itemprop=\"text\" ><p class=\"v1MsoNormal\" style=\"text-align: justify;\"><span lang=\"ES\">Del 22 al 24 de marzo la Organizaci<\/span><span lang=\"X-NONE\">\u00f3n de las Naciones Unidas (ONU)\u00a0<\/span><span lang=\"ES\">desarrollar<\/span><span lang=\"X-NONE\">\u00e1 en Nueva York, por segunda vez en su historia, la Conferencia sobre el Agua. Fue en 1977 cuando por primera vez los representantes de los estados se reunieron para abordar conjuntamente esta materia. En la cita, que se concret\u00f3 en Mar del Plata (Argentina), se elabor\u00f3 un Plan de Acci\u00f3n donde se reconoci\u00f3 que \u00abtodos los pueblos, independiente de su estado de desarrollo y condiciones sociales y econ\u00f3micas, tienen derecho a acceder al agua potable en calidad y cantidad que les permita suplir sus necesidades b\u00e1sicas\u00bb.<\/span><\/p>\n<p class=\"v1MsoNormal\" style=\"text-align: justify;\"><span lang=\"X-NONE\">Casi cinco d\u00e9cadas han pasado y este dilema sigue vigente. Tanto as\u00ed que el Objetivo 6 de la Agenda 2030 sobre Desarrollo Sostenible es, precisamente, el acceso al agua limpia y el saneamiento.<\/span><\/p>\n<p class=\"v1MsoNormal\" style=\"text-align: justify;\"><span lang=\"X-NONE\">Esta discusi\u00f3n no es menor para la Patagonia, donde se emplazan los Campos de Hielo Norte y Sur, la tercera reserva de agua en estado s\u00f3lido del planeta. Masas congeladas de las cuales nace el segundo lago m\u00e1s grande de Sudam\u00e9rica, el General Carrera. Las movilizaciones por defender sus r\u00edos de la contaminaci\u00f3n, la intervenci\u00f3n\u00a0\u00a0a gran escala y la extracci\u00f3n indiscriminada, son parte de la historia regional, as\u00ed como, en lo que pareciera ser una paradoja, las acciones contra la escasez h\u00eddrica que afecta en ciertas \u00e9pocas del a\u00f1o a algunos territorios y comunidades.<\/span><\/p>\n<p class=\"v1MsoNormal\" style=\"text-align: justify;\"><span lang=\"X-NONE\">La Corporaci\u00f3n Privada para el Desarrollo de Ays\u00e9n (CODESA) se ha involucrado en estos procesos desde hace d\u00e9cadas, lo cual motiv\u00f3 su acreditaci\u00f3n para participar en la Conferencia sobre Agua con una delegaci\u00f3n que viajar\u00e1 a Nueva York, compuesta por su presidente\u00a0Erwin Sandoval Gallardo\u00a0y los ex presidentes\u00a0Patricio Segura Ortiz\u00a0y\u00a0Miriam Chible Contreras, actuales directores.\u00a0\u00a0<\/span><\/p>\n<p class=\"v1MsoNormal\" style=\"text-align: justify;\"><span lang=\"X-NONE\">Sobre la presencia\u00a0\u00a0de Ays\u00e9n en el encuentro internacional,\u00a0Erwin Sandoval\u00a0explic\u00f3 que \u00abCODESA por d\u00e9cadas ha tenido como uno de sus objetivos principales incidir en la valorizaci\u00f3n y en la protecci\u00f3n de Ays\u00e9n como reserva de agua y vida.\u00a0\u00a0Esto es coherente con la participaci\u00f3n en este foro multilateral, uno de cuyos objetivos ser\u00e1 la adopci\u00f3n de la Agenda de Acci\u00f3n por el Agua por los\u00a0\u00a0Estados part\u00edcipes. Ciertamente que en esa instancia la Patagonia no puede estar ausente\u00bb. Agreg\u00f3 el dirigente que \u00abtenemos que relevar el valor de este territorio como reserva de agua, como reserva de vida, dando a conocer por supuesto la importancia que tiene para\u00a0\u00a0enfrentar los desaf\u00edos en materia de cambio clim\u00e1tico a nivel global y, por\u00a0\u00a0supuesto, comprometernos con las vulnerabilidades, con los desaf\u00edos de la Patagonia para, tambi\u00e9n, cumplir con estos objetivos globales\u00bb.\u00a0<\/span><\/p>\n<p class=\"v1MsoNormal\" style=\"text-align: justify;\"><span lang=\"X-NONE\">Por su parte,\u00a0Miriam Chible, quien a su vez es vicepresidenta de la Corporaci\u00f3n Chelenko, indic\u00f3 que \u00ab<\/span><span lang=\"ES\">e<\/span><span lang=\"X-NONE\">stamos conscientes, muchos de quienes que habitamos este espacio del planeta, del gran valor del agua, que est\u00e1 presente en forma generosa en nuestro territorio, no s\u00f3lo para su uso responsable sino que para su cuidado, para la generaci\u00f3n presente y la que viene. Por ello estamos empe\u00f1ados y conscientes en promover un desarrollo a escala humana para este verde Ays\u00e9n, de la Patagonia chilena<\/span><span lang=\"X-NONE\">\u00ab.<\/span><\/p>\n<p class=\"v1MsoNormal\" style=\"text-align: justify;\"><span lang=\"X-NONE\">Para\u00a0Patricio Segura, la participaci\u00f3n de la regi\u00f3n es necesaria toda vez que \u00aben la Patagonia se encuentra la tercera reserva de agua s\u00f3lida m\u00e1s grande del planeta, los Campos Hielo Norte y Sur. Y obviamente \u00e9se es un tema relevante, tanto por el aporte para regulaci\u00f3n clim\u00e1tica a nivel global como tambi\u00e9n como reservas de agua\u00bb. En CODESA \u00absiempre hemos considerado que claramente vivir ac\u00e1 es un gran privilegio para todos y todas, pero tambi\u00e9n es una gran responsabilidad cuidar esas fuentes ante las presiones y amenazas que existen, han existido y van a seguir existiendo. Entonces es importante poner ese tema en la discusi\u00f3n global. La Conferencia sobre el Agua va a ser una gran oportunidad para plantear esto para discutirlo, y posteriormente compartir con las organizaciones regionales y la ciudadan\u00eda lo que ah\u00ed se debata y resuelva\u00bb.<\/span><\/p>\n<p class=\"v1MsoNormal\" style=\"text-align: justify;\"><b><span lang=\"ES\">Encuentros paralelos\u00a0<\/span><\/b><\/p>\n<p class=\"v1MsoNormal\" style=\"text-align: justify;\"><span lang=\"X-NONE\">En el marco de este encuentro los dirigentes est\u00e1n gestionando reuniones paralelas, con autoridades chilenas y extranjeras presentes en el encuentro, adem\u00e1s de representantes de organizaciones de la sociedad civil con las cuales establecer v\u00ednculos para trabajar en Ays\u00e9n.<\/span><\/p>\n<p class=\"v1MsoNormal\" style=\"text-align: justify;\"><span lang=\"ES\">Asimismo, CODESA est<\/span><span lang=\"X-NONE\">\u00e1 convocando a dos eventos paralelos (side event), en formato virtual.\u00a0\u00a0\u00a0<\/span><\/p>\n<p class=\"v1MsoNormal\" style=\"text-align: justify;\"><span lang=\"X-NONE\">En el primero se abordar\u00e1 \u00abPatagonia, territorio esencial para la Sostenibilidad Mundial del Agua\u00bb y se desarrollar\u00e1 el\u00a0lunes 20 de marzo\u00a0a las 12AM (Chile)\/10AM (Nueva York).\u00a0<\/span><\/p>\n<p class=\"v1MsoNormal\" style=\"text-align: justify;\"><span lang=\"X-NONE\">En \u00e9ste presentar\u00e1n\u00a0Peter Hartmann\u00a0(Agrupaci\u00f3n Ais\u00e9n Reserva de Vida) con \u00abValores Ecosist\u00e9micos y Ambientales de la Patagonia Reserva de Vida\u00bb,\u00a0Erwin Sandoval\u00a0(Corporaci\u00f3n Privada para el Desarrollo de Ays\u00e9n) con \u00ab\u00bfEs toda la Patagonia chilena pr\u00edstina?\u00bb y\u00a0Mitzi Urtubia\u00a0(Ecosistemas) con \u00abAmenazas a las reservas de agua en Patagonia\u00bb. Tambi\u00e9n expondr\u00e1 Miriam Chible\u00a0(Corporaci\u00f3n Chelenko \/ Costa Carrera) con \u00abExperiencias de Desarrollo Sustentable en el uso del Agua\u00bb y\u00a0Juan Pablo Orrego\u00a0(Ecosistemas, Premios Goldman y\u00a0\u00a0Right Livelihood Award) con \u00abLa problem\u00e1tica estructural y cultural en torno a las aguas en Chile\u00bb.<\/span><\/p>\n<p class=\"v1MsoNormal\" style=\"text-align: justify;\"><span lang=\"X-NONE\">El d\u00eda martes\u00a0<\/span><span lang=\"ES\">martes\u00a0\u00a021<\/span><span lang=\"ES\">\u00a0de marzo a las 11AM (Chile)\/9AM (Nueva York), ser<\/span><span lang=\"X-NONE\">\u00e1 el turno de \u00ab<\/span><span lang=\"ES\">Red por los R\u00edos Libres en Chile: Una experiencia sustentada en el compromiso<\/span><span lang=\"ES\">\u00bb donde expondr<\/span><span lang=\"X-NONE\">\u00e1n\u00a0<\/span><span lang=\"ES\">Antonio Pulgar<\/span><span lang=\"ES\">\u00a0(ONG FIMA) con \u00abEstado del arte de la institucionalidad h\u00eddrica en Chile\u00bb, adem<\/span><span lang=\"X-NONE\">\u00e1s de los conflictos\u00a0<\/span><span lang=\"ES\">conflictos territoriales a cargo de\u00a0Ram\u00f3n Balc\u00e1zar\u00a0(Fundaci\u00f3n Tanti\/OPSAL) con \u00abTransici\u00f3n energ\u00e9tica y Extractivismo verde en cuencas del norte de Chile\u00bb, y\u00a0Fernanda Purran\u00a0(Malen Leubu) y\u00a0Paula Riffo\u00a0(Semillas de Lirqu\u00e9n) con \u00abIntervenci\u00f3n hidroel\u00e9ctrica en el r\u00edo Biobio\u00bb.<\/span><\/p>\n<p class=\"v1MsoNormal\" style=\"text-align: justify;\"><span lang=\"ES\">Asimismo, estar<\/span><span lang=\"X-NONE\">\u00e1n presentes\u00a0<\/span><span lang=\"ES\">Sara Larra\u00edn<\/span><span lang=\"ES\">\u00a0(Chile Sustentable) con \u00abAvances con la reforma al C\u00f3digo de Aguas\u00bb<\/span><span lang=\"X-NONE\">,\u00a0<\/span><span lang=\"ES\">Patricio Segura<\/span><span lang=\"ES\">\u00a0(Corporaci\u00f3n Privada para el Desarrollo de Ays\u00e9n) con \u00abIncidencia ciudadana en la defensa del agua y los r\u00edos\u00bb <\/span><span lang=\"ES\">Monti Aguirre<\/span><span lang=\"ES\">\u00a0(International Rivers) con \u00abCoalici\u00f3n Global de Protecci\u00f3n Permanente de los R\u00edos\u00bb.<\/span><\/p>\n<p class=\"v1MsoNormal\" style=\"text-align: justify;\">Ambos\u00a0side event\u00a0se transmitir<span lang=\"X-NONE\">\u00e1n por la p\u00e1gina FB de Corporaci\u00f3n Privada para el Desarrollo de Ays\u00e9n en\u00a0<\/span><span lang=\"ES\"><a href=\"https:\/\/www.facebook.com\/CodesaAysen\" target=\"_blank\" rel=\"noopener noreferrer\">https:\/\/www.facebook.com\/CodesaAysen<\/a>.\u00a0\u00a0Mayores informaciones en\u00a0<a href=\"http:\/\/www.somoscodesa.org\/\" target=\"_blank\" rel=\"noopener noreferrer\">www.somoscodesa.org<\/a>.<\/span><\/p>\n<\/div><\/section><\/div><div  style='height:50px' class='hr hr-invisible   avia-builder-el-6  el_after_av_one_full  el_before_av_social_share '><span class='hr-inner ' ><span class='hr-inner-style'><\/span><\/span><\/div><\/p>\n<div  class='av-social-sharing-box  avia-builder-el-7  el_after_av_hr  el_before_av_hr  '><div class='av-share-box'><h5 class='av-share-link-description av-no-toc '>Compartir esta noticia<\/h5><ul class='av-share-box-list noLightbox'><li class='av-share-link av-social-link-facebook' ><a target=\"_blank\" aria-label=\"Compartir en Facebook\" href='https:\/\/www.facebook.com\/sharer.php?u=https:\/\/radiorevelacionfm.cl\/?p=28791&#038;t=Ays%C3%A9n%20estar%C3%A1%20presente%20en%20Conferencia%20sobre%20Agua%20de%20la%20ONU%20que%20se%20realizar%C3%A1%20en%20Nueva%20York' aria-hidden='false' data-av_icon='\ue8f3' data-av_iconfont='entypo-fontello' title='' data-avia-related-tooltip='Compartir en Facebook' rel=\"noopener\"><span class='avia_hidden_link_text'>Compartir en Facebook<\/span><\/a><\/li><li class='av-share-link av-social-link-twitter' ><a target=\"_blank\" aria-label=\"Compartir en Twitter\" href='https:\/\/twitter.com\/share?text=Ays%C3%A9n%20estar%C3%A1%20presente%20en%20Conferencia%20sobre%20Agua%20de%20la%20ONU%20que%20se%20realizar%C3%A1%20en%20Nueva%20York&#038;url=https:\/\/radiorevelacionfm.cl\/?p=28791' aria-hidden='false' data-av_icon='\ue8f1' data-av_iconfont='entypo-fontello' title='' data-avia-related-tooltip='Compartir en Twitter' rel=\"noopener\"><span class='avia_hidden_link_text'>Compartir en Twitter<\/span><\/a><\/li><li class='av-share-link av-social-link-whatsapp' ><a target=\"_blank\" aria-label=\"Compartir en Whatsapp\" href='https:\/\/api.whatsapp.com\/send?text=https:\/\/radiorevelacionfm.cl\/?p=28791' aria-hidden='false' data-av_icon='\uf232' data-av_iconfont='entypo-fontello' title='' data-avia-related-tooltip='Compartir en Whatsapp' rel=\"noopener\"><span class='avia_hidden_link_text'>Compartir en Whatsapp<\/span><\/a><\/li><li class='av-share-link av-social-link-linkedin' ><a target=\"_blank\" aria-label=\"Compartir en LinkedIn\" href='https:\/\/linkedin.com\/shareArticle?mini=true&#038;title=Ays%C3%A9n%20estar%C3%A1%20presente%20en%20Conferencia%20sobre%20Agua%20de%20la%20ONU%20que%20se%20realizar%C3%A1%20en%20Nueva%20York&#038;url=https:\/\/radiorevelacionfm.cl\/?p=28791' aria-hidden='false' data-av_icon='\ue8fc' data-av_iconfont='entypo-fontello' title='' data-avia-related-tooltip='Compartir en LinkedIn' rel=\"noopener\"><span class='avia_hidden_link_text'>Compartir en LinkedIn<\/span><\/a><\/li><li class='av-share-link av-social-link-mail' ><a  aria-label=\"Compartir por correo\" href='mailto:?subject=Ays%C3%A9n%20estar%C3%A1%20presente%20en%20Conferencia%20sobre%20Agua%20de%20la%20ONU%20que%20se%20realizar%C3%A1%20en%20Nueva%20York&#038;body=https:\/\/radiorevelacionfm.cl\/?p=28791' aria-hidden='false' data-av_icon='\ue805' data-av_iconfont='entypo-fontello' title='' data-avia-related-tooltip='Compartir por correo'><span class='avia_hidden_link_text'>Compartir por correo<\/span><\/a><\/li><\/ul><\/div><\/div>\n<div  style='height:50px' class='hr hr-invisible   avia-builder-el-8  el_after_av_social_share  el_before_av_comments_list '><span class='hr-inner ' ><span class='hr-inner-style'><\/span><\/span><\/div>\n<div  class='av-buildercomment  av-blog-meta-html-info-disabled av-blog-meta-tag-disabled  '><\/div>\n","protected":false},"excerpt":{"rendered":"","protected":false},"author":1,"featured_media":28793,"comment_status":"open","ping_status":"open","sticky":false,"template":"","format":"standard","meta":{"footnotes":""},"categories":[38],"tags":[],"class_list":["post-28791","post","type-post","status-publish","format-standard","has-post-thumbnail","hentry","category-regional"],"jetpack_featured_media_url":"https:\/\/radiorevelacionfm.cl\/wp-content\/uploads\/2023\/03\/Side-Event-Patagonia-1-2-1.jpg","_links":{"self":[{"href":"https:\/\/radiorevelacionfm.cl\/index.php?rest_route=\/wp\/v2\/posts\/28791","targetHints":{"allow":["GET"]}}],"collection":[{"href":"https:\/\/radiorevelacionfm.cl\/index.php?rest_route=\/wp\/v2\/posts"}],"about":[{"href":"https:\/\/radiorevelacionfm.cl\/index.php?rest_route=\/wp\/v2\/types\/post"}],"author":[{"embeddable":true,"href":"https:\/\/radiorevelacionfm.cl\/index.php?rest_route=\/wp\/v2\/users\/1"}],"replies":[{"embeddable":true,"href":"https:\/\/radiorevelacionfm.cl\/index.php?rest_route=%2Fwp%2Fv2%2Fcomments&post=28791"}],"version-history":[{"count":2,"href":"https:\/\/radiorevelacionfm.cl\/index.php?rest_route=\/wp\/v2\/posts\/28791\/revisions"}],"predecessor-version":[{"id":28795,"href":"https:\/\/radiorevelacionfm.cl\/index.php?rest_route=\/wp\/v2\/posts\/28791\/revisions\/28795"}],"wp:featuredmedia":[{"embeddable":true,"href":"https:\/\/radiorevelacionfm.cl\/index.php?rest_route=\/wp\/v2\/media\/28793"}],"wp:attachment":[{"href":"https:\/\/radiorevelacionfm.cl\/index.php?rest_route=%2Fwp%2Fv2%2Fmedia&parent=28791"}],"wp:term":[{"taxonomy":"category","embeddable":true,"href":"https:\/\/radiorevelacionfm.cl\/index.php?rest_route=%2Fwp%2Fv2%2Fcategories&post=28791"},{"taxonomy":"post_tag","embeddable":true,"href":"https:\/\/radiorevelacionfm.cl\/index.php?rest_route=%2Fwp%2Fv2%2Ftags&post=28791"}],"curies":[{"name":"wp","href":"https:\/\/api.w.org\/{rel}","templated":true}]}}