{"id":2879,"date":"2021-02-23T12:44:55","date_gmt":"2021-02-23T15:44:55","guid":{"rendered":"https:\/\/radiorevelacionfm.cl\/?p=2879"},"modified":"2021-02-23T12:44:55","modified_gmt":"2021-02-23T15:44:55","slug":"mas-de-una-tonelada-de-material-se-reunio-en-jornada-de-reciclaje-realizada-en-chile-chico","status":"publish","type":"post","link":"https:\/\/radiorevelacionfm.cl\/?p=2879","title":{"rendered":"M\u00e1s de una tonelada de material se reuni\u00f3 en jornada de reciclaje realizada en Chile Chico"},"content":{"rendered":"<div class=\"flex_column av_one_full  flex_column_div av-zero-column-padding first  avia-builder-el-0  el_before_av_one_full  avia-builder-el-first  \" style='border-radius:0px; '><div  class='avia-image-container  av-styling-    avia-builder-el-1  avia-builder-el-no-sibling  avia-align-center '  itemprop=\"image\" itemscope=\"itemscope\" itemtype=\"https:\/\/schema.org\/ImageObject\"  ><div class='avia-image-container-inner'><div class='avia-image-overlay-wrap'><img decoding=\"async\" class='wp-image-0 avia-img-lazy-loading-not-0 avia_image' src=\"https:\/\/radiorevelacionfm.cl\/wp-content\/uploads\/2021\/02\/JORNADA-RECICLAJE-6-1.jpeg\" alt='' title=''   itemprop=\"thumbnailUrl\"  \/><\/div><\/div><\/div><\/div><div class=\"flex_column av_one_full  flex_column_div av-zero-column-padding first  avia-builder-el-2  el_after_av_one_full  el_before_av_one_full  column-top-margin\" style='border-radius:0px; '><section class=\"av_textblock_section \"  itemscope=\"itemscope\" itemtype=\"https:\/\/schema.org\/BlogPosting\" itemprop=\"blogPost\" ><div class='avia_textblock  '   itemprop=\"text\" ><p style=\"text-align: center;\"><span style=\"font-size: 18pt;\"><strong>M\u00e1s de una tonelada de material se reuni\u00f3 en jornada de reciclaje realizada en Chile Chico <\/strong><\/span><\/p>\n<div id=\"gtx-trans\" style=\"position: absolute; left: -50px; top: 4.31534px;\">\n<div class=\"gtx-trans-icon\"><\/div>\n<\/div>\n<\/div><\/section><\/div><div class=\"flex_column av_one_full  flex_column_div av-zero-column-padding first  avia-builder-el-4  el_after_av_one_full  el_before_av_hr  column-top-margin\" style='border-radius:0px; '><section class=\"av_textblock_section \"  itemscope=\"itemscope\" itemtype=\"https:\/\/schema.org\/BlogPosting\" itemprop=\"blogPost\" ><div class='avia_textblock  '   itemprop=\"text\" ><p style=\"text-align: justify;\">Hubo charlas y di\u00e1logos informativos respecto a reutilizaci\u00f3n de muchos materiales y c\u00f3mo es posible reciclar en familia, para el cuidado del medio ambiente.<\/p>\n<p style=\"text-align: justify;\">Todo un \u00e9xito result\u00f3 la jornada de reciclaje organizada por la Municipalidad de Chile Chico, a trav\u00e9s de su oficina de Medio Ambiente con apoyo de Fecunda Patagonia de Coyhaique. La actividad consider\u00f3 recolecci\u00f3n de material en \u201cla ciudad del sol\u201d y tambi\u00e9n se reuni\u00f3 lo que se logr\u00f3 juntar en Puerto Bertrand, Puerto Guadal y Mall\u00edn Grande.<\/p>\n<p style=\"text-align: justify;\">Estas son acciones reales de cuidado al medio ambiente y donde ha existido un proceso de aprendizaje y el Municipio ha estado presente para colaborar, destac\u00f3 el Alcalde Ricardo Ibarra.<\/p>\n<p style=\"text-align: justify;\">\u201cAgradecer a todos los colegas por el resultado de la actividad, en particular a Patricia Salgado, porque esto no es solamente hoy d\u00eda, este es un trabajo que se ha venido desarrollando hace mucho tiempo, ha existido un proceso de aprendizaje que se ve reflejado en que hoy d\u00eda la comunidad agradece que el Municipio este haciendo esto. La idea es eliminar una cantidad importante de desechos de nuestra comuna y que tambi\u00e9n se vuelvan a reutilizar, porque ese es el sentido\u201d.<\/p>\n<p style=\"text-align: justify;\">Patricia Salgado, encargada de Medio Ambiente en la Municipalidad de Chile Chico, valor\u00f3 la colaboraci\u00f3n de la ciudadan\u00eda en esta jornada de reciclaje.<\/p>\n<p style=\"text-align: justify;\">\u201cMuy satisfechos, la verdad es que no esper\u00e1bamos tan buena acogida por parte de nuestros vecinos, se ha acercado much\u00edsima gente, porque esta ha sido una actividad netamente familiar, donde se acerc\u00f3 gente hasta con mascotas y han venido a depositar sus residuos. Tambi\u00e9n destacar la participaci\u00f3n del interior, hemos recibido bastante carga por parte de nuestros vecinos y agradecer la disposici\u00f3n de nuestro Alcalde Ricardo Ibarra, quien ha facilitado todas las acciones para que esta actividad sea lo m\u00e1s exitosa posible\u201d.<\/p>\n<p style=\"text-align: justify;\">Cerca de una tonelada y media de art\u00edculos para reciclaje se reunieron en esta primera jornada, que debido a su \u00e9xito el Alcalde Ricardo Ibarra no descart\u00f3 volver a propiciar en los pr\u00f3ximos meses.<\/p>\n<\/div><\/section><\/div><div  style='height:50px' class='hr hr-invisible   avia-builder-el-6  el_after_av_one_full  el_before_av_social_share '><span class='hr-inner ' ><span class='hr-inner-style'><\/span><\/span><\/div><\/p>\n<div  class='av-social-sharing-box  avia-builder-el-7  el_after_av_hr  el_before_av_hr  '><div class='av-share-box'><h5 class='av-share-link-description av-no-toc '>Compartir esta noticia<\/h5><ul class='av-share-box-list noLightbox'><li class='av-share-link av-social-link-facebook' ><a target=\"_blank\" aria-label=\"Compartir en Facebook\" href='https:\/\/www.facebook.com\/sharer.php?u=https:\/\/radiorevelacionfm.cl\/?p=2879&#038;t=M%C3%A1s%20de%20una%20tonelada%20de%20material%20se%20reuni%C3%B3%20en%20jornada%20de%20reciclaje%20realizada%20en%20Chile%20Chico' aria-hidden='false' data-av_icon='\ue8f3' data-av_iconfont='entypo-fontello' title='' data-avia-related-tooltip='Compartir en Facebook' rel=\"noopener\"><span class='avia_hidden_link_text'>Compartir en Facebook<\/span><\/a><\/li><li class='av-share-link av-social-link-twitter' ><a target=\"_blank\" aria-label=\"Compartir en Twitter\" href='https:\/\/twitter.com\/share?text=M%C3%A1s%20de%20una%20tonelada%20de%20material%20se%20reuni%C3%B3%20en%20jornada%20de%20reciclaje%20realizada%20en%20Chile%20Chico&#038;url=https:\/\/radiorevelacionfm.cl\/?p=2879' aria-hidden='false' data-av_icon='\ue8f1' data-av_iconfont='entypo-fontello' title='' data-avia-related-tooltip='Compartir en Twitter' rel=\"noopener\"><span class='avia_hidden_link_text'>Compartir en Twitter<\/span><\/a><\/li><li class='av-share-link av-social-link-whatsapp' ><a target=\"_blank\" aria-label=\"Compartir en Whatsapp\" href='https:\/\/api.whatsapp.com\/send?text=https:\/\/radiorevelacionfm.cl\/?p=2879' aria-hidden='false' data-av_icon='\uf232' data-av_iconfont='entypo-fontello' title='' data-avia-related-tooltip='Compartir en Whatsapp' rel=\"noopener\"><span class='avia_hidden_link_text'>Compartir en Whatsapp<\/span><\/a><\/li><li class='av-share-link av-social-link-linkedin' ><a target=\"_blank\" aria-label=\"Compartir en LinkedIn\" href='https:\/\/linkedin.com\/shareArticle?mini=true&#038;title=M%C3%A1s%20de%20una%20tonelada%20de%20material%20se%20reuni%C3%B3%20en%20jornada%20de%20reciclaje%20realizada%20en%20Chile%20Chico&#038;url=https:\/\/radiorevelacionfm.cl\/?p=2879' aria-hidden='false' data-av_icon='\ue8fc' data-av_iconfont='entypo-fontello' title='' data-avia-related-tooltip='Compartir en LinkedIn' rel=\"noopener\"><span class='avia_hidden_link_text'>Compartir en LinkedIn<\/span><\/a><\/li><li class='av-share-link av-social-link-mail' ><a  aria-label=\"Compartir por correo\" href='mailto:?subject=M%C3%A1s%20de%20una%20tonelada%20de%20material%20se%20reuni%C3%B3%20en%20jornada%20de%20reciclaje%20realizada%20en%20Chile%20Chico&#038;body=https:\/\/radiorevelacionfm.cl\/?p=2879' aria-hidden='false' data-av_icon='\ue805' data-av_iconfont='entypo-fontello' title='' data-avia-related-tooltip='Compartir por correo'><span class='avia_hidden_link_text'>Compartir por correo<\/span><\/a><\/li><\/ul><\/div><\/div>\n<div  style='height:50px' class='hr hr-invisible   avia-builder-el-8  el_after_av_social_share  el_before_av_comments_list '><span class='hr-inner ' ><span class='hr-inner-style'><\/span><\/span><\/div>\n<div  class='av-buildercomment  av-blog-meta-html-info-disabled av-blog-meta-tag-disabled  '><\/div>\n","protected":false},"excerpt":{"rendered":"","protected":false},"author":1,"featured_media":0,"comment_status":"open","ping_status":"open","sticky":false,"template":"","format":"standard","meta":{"footnotes":""},"categories":[39],"tags":[],"class_list":["post-2879","post","type-post","status-publish","format-standard","hentry","category-medio-ambiente"],"jetpack_featured_media_url":"","_links":{"self":[{"href":"https:\/\/radiorevelacionfm.cl\/index.php?rest_route=\/wp\/v2\/posts\/2879","targetHints":{"allow":["GET"]}}],"collection":[{"href":"https:\/\/radiorevelacionfm.cl\/index.php?rest_route=\/wp\/v2\/posts"}],"about":[{"href":"https:\/\/radiorevelacionfm.cl\/index.php?rest_route=\/wp\/v2\/types\/post"}],"author":[{"embeddable":true,"href":"https:\/\/radiorevelacionfm.cl\/index.php?rest_route=\/wp\/v2\/users\/1"}],"replies":[{"embeddable":true,"href":"https:\/\/radiorevelacionfm.cl\/index.php?rest_route=%2Fwp%2Fv2%2Fcomments&post=2879"}],"version-history":[{"count":1,"href":"https:\/\/radiorevelacionfm.cl\/index.php?rest_route=\/wp\/v2\/posts\/2879\/revisions"}],"predecessor-version":[{"id":2881,"href":"https:\/\/radiorevelacionfm.cl\/index.php?rest_route=\/wp\/v2\/posts\/2879\/revisions\/2881"}],"wp:attachment":[{"href":"https:\/\/radiorevelacionfm.cl\/index.php?rest_route=%2Fwp%2Fv2%2Fmedia&parent=2879"}],"wp:term":[{"taxonomy":"category","embeddable":true,"href":"https:\/\/radiorevelacionfm.cl\/index.php?rest_route=%2Fwp%2Fv2%2Fcategories&post=2879"},{"taxonomy":"post_tag","embeddable":true,"href":"https:\/\/radiorevelacionfm.cl\/index.php?rest_route=%2Fwp%2Fv2%2Ftags&post=2879"}],"curies":[{"name":"wp","href":"https:\/\/api.w.org\/{rel}","templated":true}]}}