{"id":28782,"date":"2023-03-14T10:27:28","date_gmt":"2023-03-14T13:27:28","guid":{"rendered":"https:\/\/radiorevelacionfm.cl\/?p=28782"},"modified":"2023-03-14T10:44:03","modified_gmt":"2023-03-14T13:44:03","slug":"alcalde-de-lago-verde-y-chile-chico-firman-convenio-para-impulsar-mejoras-en-temas-de-salud","status":"publish","type":"post","link":"https:\/\/radiorevelacionfm.cl\/?p=28782","title":{"rendered":"Alcalde de Lago Verde y Chile Chico firman convenio para impulsar mejoras en temas de salud"},"content":{"rendered":"<div class=\"flex_column av_one_full  flex_column_div av-zero-column-padding first  avia-builder-el-0  el_before_av_one_full  avia-builder-el-first  \" style='border-radius:0px; '><div  class='avia-image-container  av-styling-    avia-builder-el-1  avia-builder-el-no-sibling  avia-align-center '  itemprop=\"image\" itemscope=\"itemscope\" itemtype=\"https:\/\/schema.org\/ImageObject\"  ><div class='avia-image-container-inner'><div class='avia-image-overlay-wrap'><img decoding=\"async\" class='wp-image-28797 avia-img-lazy-loading-not-28797 avia_image' src=\"https:\/\/radiorevelacionfm.cl\/wp-content\/uploads\/2023\/03\/ALCALDES-1-2-1-1.jpeg\" alt='' title='ALCALDES 1 (2) (1) (1)' height=\"600\" width=\"970\"  itemprop=\"thumbnailUrl\" srcset=\"https:\/\/radiorevelacionfm.cl\/wp-content\/uploads\/2023\/03\/ALCALDES-1-2-1-1.jpeg 970w, https:\/\/radiorevelacionfm.cl\/wp-content\/uploads\/2023\/03\/ALCALDES-1-2-1-1-300x186.jpeg 300w, https:\/\/radiorevelacionfm.cl\/wp-content\/uploads\/2023\/03\/ALCALDES-1-2-1-1-768x475.jpeg 768w, https:\/\/radiorevelacionfm.cl\/wp-content\/uploads\/2023\/03\/ALCALDES-1-2-1-1-705x436.jpeg 705w, https:\/\/radiorevelacionfm.cl\/wp-content\/uploads\/2023\/03\/ALCALDES-1-2-1-1-600x371.jpeg 600w\" sizes=\"(max-width: 970px) 100vw, 970px\" \/><\/div><\/div><\/div><\/div><div class=\"flex_column av_one_full  flex_column_div av-zero-column-padding first  avia-builder-el-2  el_after_av_one_full  el_before_av_one_full  column-top-margin\" style='border-radius:0px; '><section class=\"av_textblock_section \"  itemscope=\"itemscope\" itemtype=\"https:\/\/schema.org\/BlogPosting\" itemprop=\"blogPost\" ><div class='avia_textblock  '   itemprop=\"text\" ><p style=\"text-align: center;\"><strong><span style=\"font-size: 18pt;\">Alcalde de Lago Verde y Chile Chico firman convenio para impulsar mejoras en temas de salud<\/span><\/strong><\/p>\n<div id=\"gtx-trans\" style=\"position: absolute; left: -50px; top: 4.31534px;\">\n<div class=\"gtx-trans-icon\"><\/div>\n<\/div>\n<\/div><\/section><\/div><\/p>\n<div class=\"flex_column av_one_full  flex_column_div av-zero-column-padding first  avia-builder-el-4  el_after_av_one_full  el_before_av_hr  column-top-margin\" style='border-radius:0px; '><section class=\"av_textblock_section \"  itemscope=\"itemscope\" itemtype=\"https:\/\/schema.org\/BlogPosting\" itemprop=\"blogPost\" ><div class='avia_textblock  '   itemprop=\"text\" ><p style=\"text-align: justify;\">Para las localidades aisladas de la regi\u00f3n de Ays\u00e9n, el acceso a la salud es un tema delicado. La carencia de especialistas, la falta de implementos para abordar s\u00edntomas y enfermedades, afectan a sus habitantes que se ven obligados a buscar soluciones en la capital regional. Donde las largas listas de espera, que se pueden extender incluso por a\u00f1os, no dan una respuesta \u00f3ptima a las necesidad de la poblaci\u00f3n.<\/p>\n<p style=\"text-align: justify;\">Es por esto, que el Alcalde de Lago Verde, Nelson Opazo, ha firmado un importante convenio con su par, el Alcalde Luperciano Mu\u00f1oz, para que los habitantes de su comuna puedan ser atendidos en la Cl\u00ednica de Salud Municipal de Chile Chico. Instalaci\u00f3n que cuenta con un equipamiento de alta gama, que permite diagnosticar, controlar y detectar tempranamente patolog\u00edas. Ampliando las posibilidades de servicios de salud, y disminuyendo a su vez los tiempos de espera que ofrece el Hospital Regional de Coyhaique.<\/p>\n<p style=\"text-align: justify;\">La prestaci\u00f3n de servicios m\u00e9dicos incluye mamograf\u00eda digital, scanner, ecograf\u00eda, procedimientos de endoscopia, oftalmolog\u00eda, odontolog\u00eda, entre otros.<\/p>\n<p style=\"text-align: justify;\">Luego de firmarse el convenio, fue el propio Alcalde de Chile Chico, Luperciano Mu\u00f1oz, quien dio la bienvenida a los habitantes de Lago Verde, resaltando que: \u201cNosotros como municipios no somos responsables de la salud de los habitantes. Pero dentro de nuestra responsabilidad pol\u00edtica, est\u00e1 el ayudar a que la salud llegue a la gente, y llegue oportunamente. Esto es una oportunidad para Chile Chico, y para toda la gente de Lago Verde. Ser\u00e1n recibidos con todo el cari\u00f1o\u201d.<\/p>\n<p style=\"text-align: justify;\">Por su parte, el Alcalde Nelson Opazo, mostr\u00e1ndose feliz y agradecido, aclar\u00f3: \u201ceste trabajo va a permitir que nuestros vecinos de Lago Verde puedan llegar a Chile Chico y ser atendidos como nosotros esperamos, para poder disminuir los tiempos de espera que son fatales. Cualquier esfuerzo, o recurso que sea incorporado en temas de esta naturaleza va a ser bien invertido, porque va en beneficio directo de las familias\u201d.<\/p>\n<p style=\"text-align: justify;\">Prontamente, en los pr\u00f3ximos d\u00edas, el Concejo Municipal de Lago Verde junto al Alcalde Nelson Opazo visitar\u00e1n las instalaciones de la Cl\u00ednica de Salud Municipal de Chile Chico. Para dar inicio lo antes posible a este gran beneficio que, sin duda, mejorar\u00e1 la calidad de vida de los habitantes de Lago Verde.<\/p>\n<\/div><\/section><\/div>\n<div  style='height:50px' class='hr hr-invisible   avia-builder-el-6  el_after_av_one_full  el_before_av_social_share '><span class='hr-inner ' ><span class='hr-inner-style'><\/span><\/span><\/div>\n<div  class='av-social-sharing-box  avia-builder-el-7  el_after_av_hr  el_before_av_hr  '><div class='av-share-box'><h5 class='av-share-link-description av-no-toc '>Compartir esta noticia<\/h5><ul class='av-share-box-list noLightbox'><li class='av-share-link av-social-link-facebook' ><a target=\"_blank\" aria-label=\"Compartir en Facebook\" href='https:\/\/www.facebook.com\/sharer.php?u=https:\/\/radiorevelacionfm.cl\/?p=28782&#038;t=Alcalde%20de%20Lago%20Verde%20y%20Chile%20Chico%20firman%20convenio%20para%20impulsar%20mejoras%20en%20temas%20de%20salud' aria-hidden='false' data-av_icon='\ue8f3' data-av_iconfont='entypo-fontello' title='' data-avia-related-tooltip='Compartir en Facebook' rel=\"noopener\"><span class='avia_hidden_link_text'>Compartir en Facebook<\/span><\/a><\/li><li class='av-share-link av-social-link-twitter' ><a target=\"_blank\" aria-label=\"Compartir en Twitter\" href='https:\/\/twitter.com\/share?text=Alcalde%20de%20Lago%20Verde%20y%20Chile%20Chico%20firman%20convenio%20para%20impulsar%20mejoras%20en%20temas%20de%20salud&#038;url=https:\/\/radiorevelacionfm.cl\/?p=28782' aria-hidden='false' data-av_icon='\ue8f1' data-av_iconfont='entypo-fontello' title='' data-avia-related-tooltip='Compartir en Twitter' rel=\"noopener\"><span class='avia_hidden_link_text'>Compartir en Twitter<\/span><\/a><\/li><li class='av-share-link av-social-link-whatsapp' ><a target=\"_blank\" aria-label=\"Compartir en Whatsapp\" href='https:\/\/api.whatsapp.com\/send?text=https:\/\/radiorevelacionfm.cl\/?p=28782' aria-hidden='false' data-av_icon='\uf232' data-av_iconfont='entypo-fontello' title='' data-avia-related-tooltip='Compartir en Whatsapp' rel=\"noopener\"><span class='avia_hidden_link_text'>Compartir en Whatsapp<\/span><\/a><\/li><li class='av-share-link av-social-link-linkedin' ><a target=\"_blank\" aria-label=\"Compartir en LinkedIn\" href='https:\/\/linkedin.com\/shareArticle?mini=true&#038;title=Alcalde%20de%20Lago%20Verde%20y%20Chile%20Chico%20firman%20convenio%20para%20impulsar%20mejoras%20en%20temas%20de%20salud&#038;url=https:\/\/radiorevelacionfm.cl\/?p=28782' aria-hidden='false' data-av_icon='\ue8fc' data-av_iconfont='entypo-fontello' title='' data-avia-related-tooltip='Compartir en LinkedIn' rel=\"noopener\"><span class='avia_hidden_link_text'>Compartir en LinkedIn<\/span><\/a><\/li><li class='av-share-link av-social-link-mail' ><a  aria-label=\"Compartir por correo\" href='mailto:?subject=Alcalde%20de%20Lago%20Verde%20y%20Chile%20Chico%20firman%20convenio%20para%20impulsar%20mejoras%20en%20temas%20de%20salud&#038;body=https:\/\/radiorevelacionfm.cl\/?p=28782' aria-hidden='false' data-av_icon='\ue805' data-av_iconfont='entypo-fontello' title='' data-avia-related-tooltip='Compartir por correo'><span class='avia_hidden_link_text'>Compartir por correo<\/span><\/a><\/li><\/ul><\/div><\/div>\n<div  style='height:50px' class='hr hr-invisible   avia-builder-el-8  el_after_av_social_share  el_before_av_comments_list '><span class='hr-inner ' ><span class='hr-inner-style'><\/span><\/span><\/div>\n<div  class='av-buildercomment  av-blog-meta-html-info-disabled av-blog-meta-tag-disabled  '><\/div>\n","protected":false},"excerpt":{"rendered":"","protected":false},"author":1,"featured_media":28797,"comment_status":"open","ping_status":"open","sticky":false,"template":"","format":"standard","meta":{"footnotes":""},"categories":[38],"tags":[],"class_list":["post-28782","post","type-post","status-publish","format-standard","has-post-thumbnail","hentry","category-regional"],"jetpack_featured_media_url":"https:\/\/radiorevelacionfm.cl\/wp-content\/uploads\/2023\/03\/ALCALDES-1-2-1-1.jpeg","_links":{"self":[{"href":"https:\/\/radiorevelacionfm.cl\/index.php?rest_route=\/wp\/v2\/posts\/28782","targetHints":{"allow":["GET"]}}],"collection":[{"href":"https:\/\/radiorevelacionfm.cl\/index.php?rest_route=\/wp\/v2\/posts"}],"about":[{"href":"https:\/\/radiorevelacionfm.cl\/index.php?rest_route=\/wp\/v2\/types\/post"}],"author":[{"embeddable":true,"href":"https:\/\/radiorevelacionfm.cl\/index.php?rest_route=\/wp\/v2\/users\/1"}],"replies":[{"embeddable":true,"href":"https:\/\/radiorevelacionfm.cl\/index.php?rest_route=%2Fwp%2Fv2%2Fcomments&post=28782"}],"version-history":[{"count":3,"href":"https:\/\/radiorevelacionfm.cl\/index.php?rest_route=\/wp\/v2\/posts\/28782\/revisions"}],"predecessor-version":[{"id":28796,"href":"https:\/\/radiorevelacionfm.cl\/index.php?rest_route=\/wp\/v2\/posts\/28782\/revisions\/28796"}],"wp:featuredmedia":[{"embeddable":true,"href":"https:\/\/radiorevelacionfm.cl\/index.php?rest_route=\/wp\/v2\/media\/28797"}],"wp:attachment":[{"href":"https:\/\/radiorevelacionfm.cl\/index.php?rest_route=%2Fwp%2Fv2%2Fmedia&parent=28782"}],"wp:term":[{"taxonomy":"category","embeddable":true,"href":"https:\/\/radiorevelacionfm.cl\/index.php?rest_route=%2Fwp%2Fv2%2Fcategories&post=28782"},{"taxonomy":"post_tag","embeddable":true,"href":"https:\/\/radiorevelacionfm.cl\/index.php?rest_route=%2Fwp%2Fv2%2Ftags&post=28782"}],"curies":[{"name":"wp","href":"https:\/\/api.w.org\/{rel}","templated":true}]}}