{"id":28763,"date":"2023-03-13T20:16:38","date_gmt":"2023-03-13T23:16:38","guid":{"rendered":"https:\/\/radiorevelacionfm.cl\/?p=28763"},"modified":"2023-03-13T20:16:38","modified_gmt":"2023-03-13T23:16:38","slug":"invitan-a-organizaciones-sociales-de-la-region-a-postular-al-fondo-foip","status":"publish","type":"post","link":"https:\/\/radiorevelacionfm.cl\/?p=28763","title":{"rendered":"Invitan a organizaciones sociales de la regi\u00f3n a postular al Fondo FOIP"},"content":{"rendered":"<div class=\"flex_column av_one_full  flex_column_div av-zero-column-padding first  avia-builder-el-0  el_before_av_one_full  avia-builder-el-first  \" style='border-radius:0px; '><div  class='avia-image-container  av-styling-    avia-builder-el-1  avia-builder-el-no-sibling  avia-align-center '  itemprop=\"image\" itemscope=\"itemscope\" itemtype=\"https:\/\/schema.org\/ImageObject\"  ><div class='avia-image-container-inner'><div class='avia-image-overlay-wrap'><img decoding=\"async\" class='wp-image-28764 avia-img-lazy-loading-not-28764 avia_image' src=\"https:\/\/radiorevelacionfm.cl\/wp-content\/uploads\/2023\/03\/ffoip_aysen2-1-1_optimized.jpg\" alt='' title='ffoip_aysen2-(1)-(1)_optimized' height=\"600\" width=\"900\"  itemprop=\"thumbnailUrl\" srcset=\"https:\/\/radiorevelacionfm.cl\/wp-content\/uploads\/2023\/03\/ffoip_aysen2-1-1_optimized.jpg 900w, https:\/\/radiorevelacionfm.cl\/wp-content\/uploads\/2023\/03\/ffoip_aysen2-1-1_optimized-300x200.jpg 300w, https:\/\/radiorevelacionfm.cl\/wp-content\/uploads\/2023\/03\/ffoip_aysen2-1-1_optimized-768x512.jpg 768w, https:\/\/radiorevelacionfm.cl\/wp-content\/uploads\/2023\/03\/ffoip_aysen2-1-1_optimized-705x470.jpg 705w, https:\/\/radiorevelacionfm.cl\/wp-content\/uploads\/2023\/03\/ffoip_aysen2-1-1_optimized-600x400.jpg 600w\" sizes=\"(max-width: 900px) 100vw, 900px\" \/><\/div><\/div><\/div><\/div><div class=\"flex_column av_one_full  flex_column_div av-zero-column-padding first  avia-builder-el-2  el_after_av_one_full  el_before_av_one_full  column-top-margin\" style='border-radius:0px; '><section class=\"av_textblock_section \"  itemscope=\"itemscope\" itemtype=\"https:\/\/schema.org\/BlogPosting\" itemprop=\"blogPost\" ><div class='avia_textblock  '   itemprop=\"text\" ><p style=\"text-align: center;\"><strong><span style=\"font-size: 18pt;\">Invitan a organizaciones sociales de la regi\u00f3n a postular al Fondo FOIP<\/span><\/strong><\/p>\n<div id=\"gtx-trans\" style=\"position: absolute; left: -50px; top: 4.31534px;\">\n<div class=\"gtx-trans-icon\"><\/div>\n<\/div>\n<\/div><\/section><\/div><div class=\"flex_column av_one_full  flex_column_div av-zero-column-padding first  avia-builder-el-4  el_after_av_one_full  el_before_av_hr  column-top-margin\" style='border-radius:0px; '><section class=\"av_textblock_section \"  itemscope=\"itemscope\" itemtype=\"https:\/\/schema.org\/BlogPosting\" itemprop=\"blogPost\" ><div class='avia_textblock  '   itemprop=\"text\" ><p style=\"text-align: justify;\">El Fondo de Fomento de Organizaciones de Inter\u00e9s P\u00fablico (FFOIP) tiene como objetivo fortalecer a las organizaciones en diversos aspectos como: promoci\u00f3n del inter\u00e9s general en materia de derechos de la ciudadan\u00eda, asistencia social, educaci\u00f3n, salud, medio ambiente o cualquiera otra de bien com\u00fan, en especial las que recurran al voluntariado.<\/p>\n<p style=\"text-align: justify;\">La seremi de Gobierno regi\u00f3n de Ays\u00e9n, Tatiana Pl\u00e1 \u00c1lvarez, explic\u00f3: \u201cEsperamos que todas las organizaciones sociales puedan enriquecer el trabajo que a diario realizan. Por eso, los invitamos a postular para que as\u00ed podamos financiar e impulsar sus buenas ideas. El Presidente Gabriel Boric, nos ha encomendado que sigamos impulsando y apoyando a nuestras organizaciones sociales, sabemos lo dif\u00edcil y abnegado que es el trabajo en las agrupaciones y organizaciones, todo el tiempo y el trabajo no remunerado que este conlleva, por eso los invitamos a postular a este Fondo, para seguir trabajando por sus comunidades, por sus vecinos, por sus asociados\u201d.<\/p>\n<p style=\"text-align: justify;\">La vocera regional explic\u00f3 tambi\u00e9n que pueden participar de esta convocatoria las juntas de vecinos, uniones comunales, organizaciones comunitarias funcionales, comunidades ind\u00edgenas, fundaciones, corporaciones, asociaciones de consumidores y cualquier otra organizaci\u00f3n que tenga la calidad de inter\u00e9s p\u00fablico.<\/p>\n<p style=\"text-align: justify;\">Agreg\u00f3 que el objetivo de este fondo es financiar iniciativas de car\u00e1cter local, regional y nacional cuya finalidad sea la promoci\u00f3n del inter\u00e9s general en materia de derechos ciudadanos, asistencia social, educaci\u00f3n, salud, medio ambiente o cualquier otro proyecto que apunte al bien com\u00fan.<\/p>\n<p style=\"text-align: justify;\">En ese contexto, la seremi estuvo en la localidad de Balmaceda donde la Divisi\u00f3n de Organizaciones Sociales DOS realiz\u00f3 una jornada de difusi\u00f3n y capacitaci\u00f3n del Fondo de Fortalecimiento FFOIP 2023, a la que asistieron diversas organizaciones sociales: bomberos, junta de vecinos\u00a0 y la agrupaci\u00f3n de adultos mayores.<\/p>\n<p style=\"text-align: justify;\">El jueves 9 del presente se realiz\u00f3 otra jornada de difusi\u00f3n y capacitaci\u00f3n, esta vez para organizaciones sociales de la comuna de Puerto Ays\u00e9n, a la que asistieron m\u00e1s de 50 dirigentes comunales, destacando lugares tan aislados y apartados como Islas H\u00fcichas.<\/p>\n<p style=\"text-align: justify;\">Jonathan Rozas, dirigente del Club Deportivo y Social Basquetbol Ays\u00e9n, se\u00f1al\u00f3: \u201cVinimos en busca de obtener m\u00e1s informaci\u00f3n del Fondo\u00a0 de Fortalecimiento, creo que es una buena instancia para poder instruirnos\u00a0 en cuanto a los fondos. Nos met\u00edamos a la plataforma virtual para postular, pero siempre ten\u00edamos dudas y ahora aqu\u00ed en esta capacitaci\u00f3n estuvimos con personas id\u00f3neas que pudieron resolver nuestras dudas. Queremos postular a torneos\u00a0 para as\u00ed poder masificar el basquetbol formativo, ya que creemos que no s\u00f3lo tenemos que hacer talleres, hace falta un incentivo m\u00e1s importante para este deporte\u201d.<\/p>\n<p style=\"text-align: justify;\">En tanto, el viernes 10 de marzo, se realiz\u00f3 una jornada de difusi\u00f3n y capacitaci\u00f3n en la localidad de Ma\u00f1ihuales, en el sector de Alto Ma\u00f1ihuales, en la que participaron organizaciones de inter\u00e9s p\u00fablico, como el Club del Adulto Mayor Santa Ema. Mar\u00eda Ram\u00edrez, presidenta de esta organizaci\u00f3n, indic\u00f3: \u201cMe parece muy bien que lleguen funcionarios de la Seremi de Gobierno a informar sobre estos fondos que muchas veces uno desconoce por el hecho de estar tan lejos. La informaci\u00f3n que nos dieron es muy buena, muy agradecida de que hayan venido\u201d.<\/p>\n<p style=\"text-align: justify;\">El pr\u00f3ximo viernes 17 de marzo, a las 18:00 horas se realizar\u00e1 una jornada de capacitaci\u00f3n y difusi\u00f3n de este Fondo, en el auditorio del MOP en Coyhaique, para todas las organizaciones sociales sin fines de lucro que quieran participar.<\/p>\n<p style=\"text-align: justify;\">Cabe se\u00f1alar, que el proceso de postulaci\u00f3n se inici\u00f3 el 1 de marzo, el plazo de postulaci\u00f3n en papel vence el 31 de marzo, mientras que el plazo de postulaci\u00f3n en l\u00ednea (o sea, por internet) vence el 10 de abril.<\/p>\n<p style=\"text-align: justify;\">Las organizaciones interesadas pueden postular en <strong>https:\/\/fondodefortalecimiento.gob.cl<\/strong><\/p>\n<\/div><\/section><\/div><div  style='height:50px' class='hr hr-invisible   avia-builder-el-6  el_after_av_one_full  el_before_av_social_share '><span class='hr-inner ' ><span class='hr-inner-style'><\/span><\/span><\/div><\/p>\n<div  class='av-social-sharing-box  avia-builder-el-7  el_after_av_hr  el_before_av_hr  '><div class='av-share-box'><h5 class='av-share-link-description av-no-toc '>Compartir esta noticia<\/h5><ul class='av-share-box-list noLightbox'><li class='av-share-link av-social-link-facebook' ><a target=\"_blank\" aria-label=\"Compartir en Facebook\" href='https:\/\/www.facebook.com\/sharer.php?u=https:\/\/radiorevelacionfm.cl\/?p=28763&#038;t=Invitan%20a%20organizaciones%20sociales%20de%20la%20regi%C3%B3n%20a%20postular%20al%20Fondo%20FOIP' aria-hidden='false' data-av_icon='\ue8f3' data-av_iconfont='entypo-fontello' title='' data-avia-related-tooltip='Compartir en Facebook' rel=\"noopener\"><span class='avia_hidden_link_text'>Compartir en Facebook<\/span><\/a><\/li><li class='av-share-link av-social-link-twitter' ><a target=\"_blank\" aria-label=\"Compartir en Twitter\" href='https:\/\/twitter.com\/share?text=Invitan%20a%20organizaciones%20sociales%20de%20la%20regi%C3%B3n%20a%20postular%20al%20Fondo%20FOIP&#038;url=https:\/\/radiorevelacionfm.cl\/?p=28763' aria-hidden='false' data-av_icon='\ue8f1' data-av_iconfont='entypo-fontello' title='' data-avia-related-tooltip='Compartir en Twitter' rel=\"noopener\"><span class='avia_hidden_link_text'>Compartir en Twitter<\/span><\/a><\/li><li class='av-share-link av-social-link-whatsapp' ><a target=\"_blank\" aria-label=\"Compartir en Whatsapp\" href='https:\/\/api.whatsapp.com\/send?text=https:\/\/radiorevelacionfm.cl\/?p=28763' aria-hidden='false' data-av_icon='\uf232' data-av_iconfont='entypo-fontello' title='' data-avia-related-tooltip='Compartir en Whatsapp' rel=\"noopener\"><span class='avia_hidden_link_text'>Compartir en Whatsapp<\/span><\/a><\/li><li class='av-share-link av-social-link-linkedin' ><a target=\"_blank\" aria-label=\"Compartir en LinkedIn\" href='https:\/\/linkedin.com\/shareArticle?mini=true&#038;title=Invitan%20a%20organizaciones%20sociales%20de%20la%20regi%C3%B3n%20a%20postular%20al%20Fondo%20FOIP&#038;url=https:\/\/radiorevelacionfm.cl\/?p=28763' aria-hidden='false' data-av_icon='\ue8fc' data-av_iconfont='entypo-fontello' title='' data-avia-related-tooltip='Compartir en LinkedIn' rel=\"noopener\"><span class='avia_hidden_link_text'>Compartir en LinkedIn<\/span><\/a><\/li><li class='av-share-link av-social-link-mail' ><a  aria-label=\"Compartir por correo\" href='mailto:?subject=Invitan%20a%20organizaciones%20sociales%20de%20la%20regi%C3%B3n%20a%20postular%20al%20Fondo%20FOIP&#038;body=https:\/\/radiorevelacionfm.cl\/?p=28763' aria-hidden='false' data-av_icon='\ue805' data-av_iconfont='entypo-fontello' title='' data-avia-related-tooltip='Compartir por correo'><span class='avia_hidden_link_text'>Compartir por correo<\/span><\/a><\/li><\/ul><\/div><\/div>\n<div  style='height:50px' class='hr hr-invisible   avia-builder-el-8  el_after_av_social_share  el_before_av_comments_list '><span class='hr-inner ' ><span class='hr-inner-style'><\/span><\/span><\/div>\n<div  class='av-buildercomment  av-blog-meta-html-info-disabled av-blog-meta-tag-disabled  '><\/div>\n","protected":false},"excerpt":{"rendered":"","protected":false},"author":1,"featured_media":28764,"comment_status":"open","ping_status":"open","sticky":false,"template":"","format":"standard","meta":{"footnotes":""},"categories":[38],"tags":[],"class_list":["post-28763","post","type-post","status-publish","format-standard","has-post-thumbnail","hentry","category-regional"],"jetpack_featured_media_url":"https:\/\/radiorevelacionfm.cl\/wp-content\/uploads\/2023\/03\/ffoip_aysen2-1-1_optimized.jpg","_links":{"self":[{"href":"https:\/\/radiorevelacionfm.cl\/index.php?rest_route=\/wp\/v2\/posts\/28763","targetHints":{"allow":["GET"]}}],"collection":[{"href":"https:\/\/radiorevelacionfm.cl\/index.php?rest_route=\/wp\/v2\/posts"}],"about":[{"href":"https:\/\/radiorevelacionfm.cl\/index.php?rest_route=\/wp\/v2\/types\/post"}],"author":[{"embeddable":true,"href":"https:\/\/radiorevelacionfm.cl\/index.php?rest_route=\/wp\/v2\/users\/1"}],"replies":[{"embeddable":true,"href":"https:\/\/radiorevelacionfm.cl\/index.php?rest_route=%2Fwp%2Fv2%2Fcomments&post=28763"}],"version-history":[{"count":2,"href":"https:\/\/radiorevelacionfm.cl\/index.php?rest_route=\/wp\/v2\/posts\/28763\/revisions"}],"predecessor-version":[{"id":28786,"href":"https:\/\/radiorevelacionfm.cl\/index.php?rest_route=\/wp\/v2\/posts\/28763\/revisions\/28786"}],"wp:featuredmedia":[{"embeddable":true,"href":"https:\/\/radiorevelacionfm.cl\/index.php?rest_route=\/wp\/v2\/media\/28764"}],"wp:attachment":[{"href":"https:\/\/radiorevelacionfm.cl\/index.php?rest_route=%2Fwp%2Fv2%2Fmedia&parent=28763"}],"wp:term":[{"taxonomy":"category","embeddable":true,"href":"https:\/\/radiorevelacionfm.cl\/index.php?rest_route=%2Fwp%2Fv2%2Fcategories&post=28763"},{"taxonomy":"post_tag","embeddable":true,"href":"https:\/\/radiorevelacionfm.cl\/index.php?rest_route=%2Fwp%2Fv2%2Ftags&post=28763"}],"curies":[{"name":"wp","href":"https:\/\/api.w.org\/{rel}","templated":true}]}}