{"id":28760,"date":"2023-03-13T17:31:41","date_gmt":"2023-03-13T20:31:41","guid":{"rendered":"https:\/\/radiorevelacionfm.cl\/?p=28760"},"modified":"2023-03-13T17:31:41","modified_gmt":"2023-03-13T20:31:41","slug":"senadora-oficio-al-mop-para-que-garantice-funcionamiento-de-colector-de-aguas-lluvias-en-aysen","status":"publish","type":"post","link":"https:\/\/radiorevelacionfm.cl\/?p=28760","title":{"rendered":"Senadora ofici\u00f3 al MOP para que garantice funcionamiento de colector de aguas lluvias en Ays\u00e9n"},"content":{"rendered":"<div class=\"flex_column av_one_full  flex_column_div av-zero-column-padding first  avia-builder-el-0  el_before_av_one_full  avia-builder-el-first  \" style='border-radius:0px; '><div  class='avia-image-container  av-styling-    avia-builder-el-1  avia-builder-el-no-sibling  avia-align-center '  itemprop=\"image\" itemscope=\"itemscope\" itemtype=\"https:\/\/schema.org\/ImageObject\"  ><div class='avia-image-container-inner'><div class='avia-image-overlay-wrap'><img decoding=\"async\" class='wp-image-28761 avia-img-lazy-loading-not-28761 avia_image' src=\"https:\/\/radiorevelacionfm.cl\/wp-content\/uploads\/2023\/03\/img-20230313-wa0031-2_optimized.jpg\" alt='' title='img-20230313-wa0031-(2)_optimized' height=\"600\" width=\"1067\"  itemprop=\"thumbnailUrl\" srcset=\"https:\/\/radiorevelacionfm.cl\/wp-content\/uploads\/2023\/03\/img-20230313-wa0031-2_optimized.jpg 1067w, https:\/\/radiorevelacionfm.cl\/wp-content\/uploads\/2023\/03\/img-20230313-wa0031-2_optimized-300x169.jpg 300w, https:\/\/radiorevelacionfm.cl\/wp-content\/uploads\/2023\/03\/img-20230313-wa0031-2_optimized-1030x579.jpg 1030w, https:\/\/radiorevelacionfm.cl\/wp-content\/uploads\/2023\/03\/img-20230313-wa0031-2_optimized-768x432.jpg 768w, https:\/\/radiorevelacionfm.cl\/wp-content\/uploads\/2023\/03\/img-20230313-wa0031-2_optimized-705x396.jpg 705w, https:\/\/radiorevelacionfm.cl\/wp-content\/uploads\/2023\/03\/img-20230313-wa0031-2_optimized-600x337.jpg 600w\" sizes=\"(max-width: 1067px) 100vw, 1067px\" \/><\/div><\/div><\/div><\/div><div class=\"flex_column av_one_full  flex_column_div av-zero-column-padding first  avia-builder-el-2  el_after_av_one_full  el_before_av_one_full  column-top-margin\" style='border-radius:0px; '><section class=\"av_textblock_section \"  itemscope=\"itemscope\" itemtype=\"https:\/\/schema.org\/BlogPosting\" itemprop=\"blogPost\" ><div class='avia_textblock  '   itemprop=\"text\" ><p style=\"text-align: center;\"><strong><span style=\"font-size: 18pt;\">Senadora ofici\u00f3 al MOP para que garantice funcionamiento de colector de aguas lluvias en Ays\u00e9n<\/span><\/strong><\/p>\n<div id=\"gtx-trans\" style=\"position: absolute; left: -50px; top: 4.31534px;\">\n<div class=\"gtx-trans-icon\"><\/div>\n<\/div>\n<\/div><\/section><\/div><div class=\"flex_column av_one_full  flex_column_div av-zero-column-padding first  avia-builder-el-4  el_after_av_one_full  el_before_av_hr  column-top-margin\" style='border-radius:0px; '><section class=\"av_textblock_section \"  itemscope=\"itemscope\" itemtype=\"https:\/\/schema.org\/BlogPosting\" itemprop=\"blogPost\" ><div class='avia_textblock  '   itemprop=\"text\" ><p style=\"text-align: justify;\">El reciente fin de semana trajo consigo un nuevo frente clim\u00e1tico, que gener\u00f3 algunos inconvenientes en las rutas que conectan a la regi\u00f3n, pero tambi\u00e9n signific\u00f3 el colapso de algunos terrenos e incluso calles, donde debieran operar de manera correcta los colectores de aguas lluvias.<\/p>\n<p style=\"text-align: justify;\">Esto lamentablemente no sucedi\u00f3 en la esquina de Ciro Arredondo con Kalstrom en la Ribera Sur de Puerto Ays\u00e9n, un punto que hist\u00f3ricamente se inundaba y donde los trabajos efectuados para su mejora, no habr\u00edan tenido el efecto esperado.<\/p>\n<p style=\"text-align: justify;\">Ante esta situaci\u00f3n planteada por vecinos y vecinas del sector, la Senadora Ximena Ordenes Neira, manifest\u00f3 su preocupaci\u00f3n con lo ocurrido, indicando que, \u201cAys\u00e9n cuenta con un plan maestro de aguas lluvias y este tipo de planes se traduce en concreto, en la construcci\u00f3n de colectores y uno de ellos es el de calle Kalstrom con Ciro Arredondo, pero claramente no est\u00e1 cumpliendo con su funci\u00f3n de drenaje y evacuaci\u00f3n de aguas lluvias\u201d.<\/p>\n<p style=\"text-align: justify;\">La Senadora Ordenes, tambi\u00e9n dio cuenta de esta situaci\u00f3n a las autoridades del MOP, donde plante\u00f3 la importancia de que la Direcci\u00f3n de Obras Hidr\u00e1ulicas analice lo ocurrido, con la idea de que se efect\u00faen las acciones pertinentes para este problema no se repita, ya que, finalmente afecta la calidad de vida de los vecinos y vecinas de Ays\u00e9n.<\/p>\n<p style=\"text-align: justify;\">\u201cPor lo tanto, he tomado contacto la Direcci\u00f3n Regional de Obras Hidr\u00e1ulicas, para que est\u00e9n en la zona y efectivamente se realicen las acciones que se requieran para que el colector funcione, de lo contrario se produce lo que ya ocurri\u00f3, que es perjuicio para la comunidad y condiciona la calidad de vida de los vecinos y vecinas de Ays\u00e9n\u201d.<\/p>\n<p style=\"text-align: justify;\">La problem\u00e1tica fue expuesta mediante un oficio por la Parlamentaria de Ays\u00e9n a la reci\u00e9n asumida Ministra de Obras Publicas, Jessica L\u00f3pez, con el fin de que esto se revise y tenga una soluci\u00f3n en el m\u00e1s breve plazo.<\/p>\n<\/div><\/section><\/div><div  style='height:50px' class='hr hr-invisible   avia-builder-el-6  el_after_av_one_full  el_before_av_social_share '><span class='hr-inner ' ><span class='hr-inner-style'><\/span><\/span><\/div><\/p>\n<div  class='av-social-sharing-box  avia-builder-el-7  el_after_av_hr  el_before_av_hr  '><div class='av-share-box'><h5 class='av-share-link-description av-no-toc '>Compartir esta noticia<\/h5><ul class='av-share-box-list noLightbox'><li class='av-share-link av-social-link-facebook' ><a target=\"_blank\" aria-label=\"Compartir en Facebook\" href='https:\/\/www.facebook.com\/sharer.php?u=https:\/\/radiorevelacionfm.cl\/?p=28760&#038;t=Senadora%20ofici%C3%B3%20al%20MOP%20para%20que%20garantice%20funcionamiento%20de%20colector%20de%20aguas%20lluvias%20en%20Ays%C3%A9n' aria-hidden='false' data-av_icon='\ue8f3' data-av_iconfont='entypo-fontello' title='' data-avia-related-tooltip='Compartir en Facebook' rel=\"noopener\"><span class='avia_hidden_link_text'>Compartir en Facebook<\/span><\/a><\/li><li class='av-share-link av-social-link-twitter' ><a target=\"_blank\" aria-label=\"Compartir en Twitter\" href='https:\/\/twitter.com\/share?text=Senadora%20ofici%C3%B3%20al%20MOP%20para%20que%20garantice%20funcionamiento%20de%20colector%20de%20aguas%20lluvias%20en%20Ays%C3%A9n&#038;url=https:\/\/radiorevelacionfm.cl\/?p=28760' aria-hidden='false' data-av_icon='\ue8f1' data-av_iconfont='entypo-fontello' title='' data-avia-related-tooltip='Compartir en Twitter' rel=\"noopener\"><span class='avia_hidden_link_text'>Compartir en Twitter<\/span><\/a><\/li><li class='av-share-link av-social-link-whatsapp' ><a target=\"_blank\" aria-label=\"Compartir en Whatsapp\" href='https:\/\/api.whatsapp.com\/send?text=https:\/\/radiorevelacionfm.cl\/?p=28760' aria-hidden='false' data-av_icon='\uf232' data-av_iconfont='entypo-fontello' title='' data-avia-related-tooltip='Compartir en Whatsapp' rel=\"noopener\"><span class='avia_hidden_link_text'>Compartir en Whatsapp<\/span><\/a><\/li><li class='av-share-link av-social-link-linkedin' ><a target=\"_blank\" aria-label=\"Compartir en LinkedIn\" href='https:\/\/linkedin.com\/shareArticle?mini=true&#038;title=Senadora%20ofici%C3%B3%20al%20MOP%20para%20que%20garantice%20funcionamiento%20de%20colector%20de%20aguas%20lluvias%20en%20Ays%C3%A9n&#038;url=https:\/\/radiorevelacionfm.cl\/?p=28760' aria-hidden='false' data-av_icon='\ue8fc' data-av_iconfont='entypo-fontello' title='' data-avia-related-tooltip='Compartir en LinkedIn' rel=\"noopener\"><span class='avia_hidden_link_text'>Compartir en LinkedIn<\/span><\/a><\/li><li class='av-share-link av-social-link-mail' ><a  aria-label=\"Compartir por correo\" href='mailto:?subject=Senadora%20ofici%C3%B3%20al%20MOP%20para%20que%20garantice%20funcionamiento%20de%20colector%20de%20aguas%20lluvias%20en%20Ays%C3%A9n&#038;body=https:\/\/radiorevelacionfm.cl\/?p=28760' aria-hidden='false' data-av_icon='\ue805' data-av_iconfont='entypo-fontello' title='' data-avia-related-tooltip='Compartir por correo'><span class='avia_hidden_link_text'>Compartir por correo<\/span><\/a><\/li><\/ul><\/div><\/div>\n<div  style='height:50px' class='hr hr-invisible   avia-builder-el-8  el_after_av_social_share  el_before_av_comments_list '><span class='hr-inner ' ><span class='hr-inner-style'><\/span><\/span><\/div>\n<div  class='av-buildercomment  av-blog-meta-html-info-disabled av-blog-meta-tag-disabled  '><\/div>\n","protected":false},"excerpt":{"rendered":"","protected":false},"author":1,"featured_media":28761,"comment_status":"open","ping_status":"open","sticky":false,"template":"","format":"standard","meta":{"footnotes":""},"categories":[35],"tags":[],"class_list":["post-28760","post","type-post","status-publish","format-standard","has-post-thumbnail","hentry","category-politica"],"jetpack_featured_media_url":"https:\/\/radiorevelacionfm.cl\/wp-content\/uploads\/2023\/03\/img-20230313-wa0031-2_optimized.jpg","_links":{"self":[{"href":"https:\/\/radiorevelacionfm.cl\/index.php?rest_route=\/wp\/v2\/posts\/28760","targetHints":{"allow":["GET"]}}],"collection":[{"href":"https:\/\/radiorevelacionfm.cl\/index.php?rest_route=\/wp\/v2\/posts"}],"about":[{"href":"https:\/\/radiorevelacionfm.cl\/index.php?rest_route=\/wp\/v2\/types\/post"}],"author":[{"embeddable":true,"href":"https:\/\/radiorevelacionfm.cl\/index.php?rest_route=\/wp\/v2\/users\/1"}],"replies":[{"embeddable":true,"href":"https:\/\/radiorevelacionfm.cl\/index.php?rest_route=%2Fwp%2Fv2%2Fcomments&post=28760"}],"version-history":[{"count":2,"href":"https:\/\/radiorevelacionfm.cl\/index.php?rest_route=\/wp\/v2\/posts\/28760\/revisions"}],"predecessor-version":[{"id":28766,"href":"https:\/\/radiorevelacionfm.cl\/index.php?rest_route=\/wp\/v2\/posts\/28760\/revisions\/28766"}],"wp:featuredmedia":[{"embeddable":true,"href":"https:\/\/radiorevelacionfm.cl\/index.php?rest_route=\/wp\/v2\/media\/28761"}],"wp:attachment":[{"href":"https:\/\/radiorevelacionfm.cl\/index.php?rest_route=%2Fwp%2Fv2%2Fmedia&parent=28760"}],"wp:term":[{"taxonomy":"category","embeddable":true,"href":"https:\/\/radiorevelacionfm.cl\/index.php?rest_route=%2Fwp%2Fv2%2Fcategories&post=28760"},{"taxonomy":"post_tag","embeddable":true,"href":"https:\/\/radiorevelacionfm.cl\/index.php?rest_route=%2Fwp%2Fv2%2Ftags&post=28760"}],"curies":[{"name":"wp","href":"https:\/\/api.w.org\/{rel}","templated":true}]}}