{"id":2876,"date":"2021-02-22T22:46:48","date_gmt":"2021-02-23T01:46:48","guid":{"rendered":"https:\/\/radiorevelacionfm.cl\/?p=2876"},"modified":"2021-02-22T22:46:48","modified_gmt":"2021-02-23T01:46:48","slug":"aysen-es-la-primera-region-del-pais-en-implementar-pago-por-asesoria-tecnica-del-fondo-de-la-ley-de-bosque-nativo","status":"publish","type":"post","link":"https:\/\/radiorevelacionfm.cl\/?p=2876","title":{"rendered":"Ays\u00e9n es la primera regi\u00f3n del pa\u00eds en implementar pago por asesor\u00eda t\u00e9cnica del Fondo de la Ley de Bosque Nativo"},"content":{"rendered":"<div class=\"flex_column av_one_full  flex_column_div av-zero-column-padding first  avia-builder-el-0  el_before_av_one_full  avia-builder-el-first  \" style='border-radius:0px; '><div  class='avia-image-container  av-styling-    avia-builder-el-1  avia-builder-el-no-sibling  avia-align-center '  itemprop=\"image\" itemscope=\"itemscope\" itemtype=\"https:\/\/schema.org\/ImageObject\"  ><div class='avia-image-container-inner'><div class='avia-image-overlay-wrap'><img decoding=\"async\" class='wp-image-0 avia-img-lazy-loading-not-0 avia_image' src=\"https:\/\/radiorevelacionfm.cl\/wp-content\/uploads\/2021\/02\/IMG_20190823_124455-1-1.jpg\" alt='' title=''   itemprop=\"thumbnailUrl\"  \/><\/div><\/div><\/div><\/div><div class=\"flex_column av_one_full  flex_column_div av-zero-column-padding first  avia-builder-el-2  el_after_av_one_full  el_before_av_one_full  column-top-margin\" style='border-radius:0px; '><section class=\"av_textblock_section \"  itemscope=\"itemscope\" itemtype=\"https:\/\/schema.org\/BlogPosting\" itemprop=\"blogPost\" ><div class='avia_textblock  '   itemprop=\"text\" ><p style=\"text-align: center;\"><strong><span style=\"font-size: 18pt;\">Ays\u00e9n es la primera regi\u00f3n del pa\u00eds en implementar pago por asesor\u00eda t\u00e9cnica del Fondo de la Ley de Bosque Nativo<\/span><\/strong><\/p>\n<div id=\"gtx-trans\" style=\"position: absolute; left: -50px; top: 4.31534px;\">\n<div class=\"gtx-trans-icon\"><\/div>\n<\/div>\n<\/div><\/section><\/div><div class=\"flex_column av_one_full  flex_column_div av-zero-column-padding first  avia-builder-el-4  el_after_av_one_full  el_before_av_hr  column-top-margin\" style='border-radius:0px; '><section class=\"av_textblock_section \"  itemscope=\"itemscope\" itemtype=\"https:\/\/schema.org\/BlogPosting\" itemprop=\"blogPost\" ><div class='avia_textblock  '   itemprop=\"text\" ><p style=\"text-align: justify;\">Con la finalidad de hacer m\u00e1s fluidos los procesos en relaci\u00f3n al manejo del bosque nativo y mejorar los resultados sobre Recuperaci\u00f3n de Bosque Nativo y Fomento Forestal en el pa\u00eds, se realiz\u00f3 la modificaci\u00f3n a la ley 20.283\u00a0 en la que se podr\u00e1 incluir bonificaciones hasta un monto de 1,8 Unidades Tributarias Mensuales (UTM)\u00a0 por hect\u00e1rea por concepto de asesor\u00eda profesional por asistencia t\u00e9cnica en terreno y elaboraci\u00f3n de estudios t\u00e9cnicos, increment\u00e1ndose al mismo tiempo en un 31% el monto disponible del Fondo de Conservaci\u00f3n del Bosque Nativo.<\/p>\n<p style=\"text-align: justify;\">El director regional de CONAF, Andr\u00e9s Bobadilla Labarca, valor\u00f3 las implicancias de este pago y el impulso que brinda a la econom\u00eda familiar campesina y a la reactivaci\u00f3n econ\u00f3mica, se\u00f1alando que \u201cgracias a esta nueva incorporaci\u00f3n a la ley 20.283 del manejo y fomento del bosque nativo los productores tendr\u00e1n un bonificaci\u00f3n extra de 1,8 UTM por hect\u00e1rea por concepto de asesor\u00eda, por lo tanto el propietario ya no incurrir\u00e1 en un gasto adicional para tener la consultor\u00eda de un ingeniero forestal que lo asesore en un buen manejo sustentable del bosque nativo. En la regi\u00f3n estamos realizando el primer pago de esta bonificaci\u00f3n a nivel nacional por lo que estamos muy contentos con los productores que se ver\u00e1n beneficiados con esta medida\u201d.<\/p>\n<p style=\"text-align: justify;\">El productor del Lago Monreal, Julio Cesar Mardones, quien es el primero en el pa\u00eds en recibir esta bonificaci\u00f3n, agradeci\u00f3 esta posibilidad que le brinda la ley de bosque nativo y que le permitir\u00e1 mejorar la producci\u00f3n de su predio.<\/p>\n<p style=\"text-align: justify;\">\u201cpara m\u00ed esto es muy beneficioso porque con este plan de manejo podr\u00e9 sacar provecho del campo haciendo le\u00f1a y postes que ser\u00e1n de utilidad para la econom\u00eda familiar. Yo creo que los campesinos deben postular a estos concursos, porque aparte de la ayuda de la bonificaci\u00f3n, nos indican c\u00f3mo tenemos que trabajar nuestros campos\u201d.<\/p>\n<p style=\"text-align: justify;\">Cabe se\u00f1alar que el Fondo de Conservaci\u00f3n, Recuperaci\u00f3n y Manejo Sustentable del Bosque Nativo, se encuentra abierto desde el \u00a01 de febrero\u00a0 hasta el martes 27 abril de 2021 y podr\u00e1n postular propietarias y propietarios que posean bosques nativos o formaciones xerof\u00edticas (de zonas secas) de alto valor ecol\u00f3gico, las que dar\u00e1n derecho a bonificaciones contempladas en la Ley.<\/p>\n<p style=\"text-align: justify;\">A lo anterior CONAF invita a los productores forestales a aprovechar este beneficio, que sin duda ir\u00e1 en ayuda de ellos y el buen manejo del bosque. Los interesados pueden postular \u00a0v\u00eda internet, ingresando a la p\u00e1gina web de CONAF (www.conaf.cl), o en la p\u00e1gina web del concurso (www.concursolbn.conaf.cl). Quienes opten por presentar sus proyectos de planes de manejo en formularios en papel, deber\u00e1n entregarlo en sobre cerrado en las oficinas receptoras indicadas en las bases.<\/p>\n<\/div><\/section><\/div><div  style='height:50px' class='hr hr-invisible   avia-builder-el-6  el_after_av_one_full  el_before_av_social_share '><span class='hr-inner ' ><span class='hr-inner-style'><\/span><\/span><\/div><\/p>\n<div  class='av-social-sharing-box  avia-builder-el-7  el_after_av_hr  el_before_av_hr  '><div class='av-share-box'><h5 class='av-share-link-description av-no-toc '>Compartir esta noticia<\/h5><ul class='av-share-box-list noLightbox'><li class='av-share-link av-social-link-facebook' ><a target=\"_blank\" aria-label=\"Compartir en Facebook\" href='https:\/\/www.facebook.com\/sharer.php?u=https:\/\/radiorevelacionfm.cl\/?p=2876&#038;t=Ays%C3%A9n%20es%20la%20primera%20regi%C3%B3n%20del%20pa%C3%ADs%20en%20implementar%20pago%20por%20asesor%C3%ADa%20t%C3%A9cnica%20del%20Fondo%20de%20la%20Ley%20de%20Bosque%20Nativo' aria-hidden='false' data-av_icon='\ue8f3' data-av_iconfont='entypo-fontello' title='' data-avia-related-tooltip='Compartir en Facebook' rel=\"noopener\"><span class='avia_hidden_link_text'>Compartir en Facebook<\/span><\/a><\/li><li class='av-share-link av-social-link-twitter' ><a target=\"_blank\" aria-label=\"Compartir en Twitter\" href='https:\/\/twitter.com\/share?text=Ays%C3%A9n%20es%20la%20primera%20regi%C3%B3n%20del%20pa%C3%ADs%20en%20implementar%20pago%20por%20asesor%C3%ADa%20t%C3%A9cnica%20del%20Fondo%20de%20la%20Ley%20de%20Bosque%20Nativo&#038;url=https:\/\/radiorevelacionfm.cl\/?p=2876' aria-hidden='false' data-av_icon='\ue8f1' data-av_iconfont='entypo-fontello' title='' data-avia-related-tooltip='Compartir en Twitter' rel=\"noopener\"><span class='avia_hidden_link_text'>Compartir en Twitter<\/span><\/a><\/li><li class='av-share-link av-social-link-whatsapp' ><a target=\"_blank\" aria-label=\"Compartir en Whatsapp\" href='https:\/\/api.whatsapp.com\/send?text=https:\/\/radiorevelacionfm.cl\/?p=2876' aria-hidden='false' data-av_icon='\uf232' data-av_iconfont='entypo-fontello' title='' data-avia-related-tooltip='Compartir en Whatsapp' rel=\"noopener\"><span class='avia_hidden_link_text'>Compartir en Whatsapp<\/span><\/a><\/li><li class='av-share-link av-social-link-linkedin' ><a target=\"_blank\" aria-label=\"Compartir en LinkedIn\" href='https:\/\/linkedin.com\/shareArticle?mini=true&#038;title=Ays%C3%A9n%20es%20la%20primera%20regi%C3%B3n%20del%20pa%C3%ADs%20en%20implementar%20pago%20por%20asesor%C3%ADa%20t%C3%A9cnica%20del%20Fondo%20de%20la%20Ley%20de%20Bosque%20Nativo&#038;url=https:\/\/radiorevelacionfm.cl\/?p=2876' aria-hidden='false' data-av_icon='\ue8fc' data-av_iconfont='entypo-fontello' title='' data-avia-related-tooltip='Compartir en LinkedIn' rel=\"noopener\"><span class='avia_hidden_link_text'>Compartir en LinkedIn<\/span><\/a><\/li><li class='av-share-link av-social-link-mail' ><a  aria-label=\"Compartir por correo\" href='mailto:?subject=Ays%C3%A9n%20es%20la%20primera%20regi%C3%B3n%20del%20pa%C3%ADs%20en%20implementar%20pago%20por%20asesor%C3%ADa%20t%C3%A9cnica%20del%20Fondo%20de%20la%20Ley%20de%20Bosque%20Nativo&#038;body=https:\/\/radiorevelacionfm.cl\/?p=2876' aria-hidden='false' data-av_icon='\ue805' data-av_iconfont='entypo-fontello' title='' data-avia-related-tooltip='Compartir por correo'><span class='avia_hidden_link_text'>Compartir por correo<\/span><\/a><\/li><\/ul><\/div><\/div>\n<div  style='height:50px' class='hr hr-invisible   avia-builder-el-8  el_after_av_social_share  el_before_av_comments_list '><span class='hr-inner ' ><span class='hr-inner-style'><\/span><\/span><\/div>\n<div  class='av-buildercomment  av-blog-meta-html-info-disabled av-blog-meta-tag-disabled  '><\/div>\n","protected":false},"excerpt":{"rendered":"","protected":false},"author":1,"featured_media":0,"comment_status":"open","ping_status":"open","sticky":false,"template":"","format":"standard","meta":{"footnotes":""},"categories":[38],"tags":[],"class_list":["post-2876","post","type-post","status-publish","format-standard","hentry","category-regional"],"jetpack_featured_media_url":"","_links":{"self":[{"href":"https:\/\/radiorevelacionfm.cl\/index.php?rest_route=\/wp\/v2\/posts\/2876","targetHints":{"allow":["GET"]}}],"collection":[{"href":"https:\/\/radiorevelacionfm.cl\/index.php?rest_route=\/wp\/v2\/posts"}],"about":[{"href":"https:\/\/radiorevelacionfm.cl\/index.php?rest_route=\/wp\/v2\/types\/post"}],"author":[{"embeddable":true,"href":"https:\/\/radiorevelacionfm.cl\/index.php?rest_route=\/wp\/v2\/users\/1"}],"replies":[{"embeddable":true,"href":"https:\/\/radiorevelacionfm.cl\/index.php?rest_route=%2Fwp%2Fv2%2Fcomments&post=2876"}],"version-history":[{"count":1,"href":"https:\/\/radiorevelacionfm.cl\/index.php?rest_route=\/wp\/v2\/posts\/2876\/revisions"}],"predecessor-version":[{"id":2878,"href":"https:\/\/radiorevelacionfm.cl\/index.php?rest_route=\/wp\/v2\/posts\/2876\/revisions\/2878"}],"wp:attachment":[{"href":"https:\/\/radiorevelacionfm.cl\/index.php?rest_route=%2Fwp%2Fv2%2Fmedia&parent=2876"}],"wp:term":[{"taxonomy":"category","embeddable":true,"href":"https:\/\/radiorevelacionfm.cl\/index.php?rest_route=%2Fwp%2Fv2%2Fcategories&post=2876"},{"taxonomy":"post_tag","embeddable":true,"href":"https:\/\/radiorevelacionfm.cl\/index.php?rest_route=%2Fwp%2Fv2%2Ftags&post=2876"}],"curies":[{"name":"wp","href":"https:\/\/api.w.org\/{rel}","templated":true}]}}