{"id":28757,"date":"2023-03-13T18:18:46","date_gmt":"2023-03-13T21:18:46","guid":{"rendered":"https:\/\/radiorevelacionfm.cl\/?p=28757"},"modified":"2023-03-13T18:19:25","modified_gmt":"2023-03-13T21:19:25","slug":"mesdelclima-reconocen-a-mujeres-por-la-sustentabilidad-en-la-region-de-aysen","status":"publish","type":"post","link":"https:\/\/radiorevelacionfm.cl\/?p=28757","title":{"rendered":"#MesDelClima: Reconocen a Mujeres por la Sustentabilidad en la regi\u00f3n de Ays\u00e9n"},"content":{"rendered":"<div class=\"flex_column av_one_full  flex_column_div av-zero-column-padding first  avia-builder-el-0  el_before_av_one_full  avia-builder-el-first  \" style='border-radius:0px; '><div  class='avia-image-container  av-styling-    avia-builder-el-1  avia-builder-el-no-sibling  avia-align-center '  itemprop=\"image\" itemscope=\"itemscope\" itemtype=\"https:\/\/schema.org\/ImageObject\"  ><div class='avia-image-container-inner'><div class='avia-image-overlay-wrap'><img decoding=\"async\" class='wp-image-28758 avia-img-lazy-loading-not-28758 avia_image' src=\"https:\/\/radiorevelacionfm.cl\/wp-content\/uploads\/2023\/03\/DSC_8683-1-1.jpg\" alt='' title='DSC_8683 (1) (1)' height=\"600\" width=\"906\"  itemprop=\"thumbnailUrl\" srcset=\"https:\/\/radiorevelacionfm.cl\/wp-content\/uploads\/2023\/03\/DSC_8683-1-1.jpg 906w, https:\/\/radiorevelacionfm.cl\/wp-content\/uploads\/2023\/03\/DSC_8683-1-1-300x199.jpg 300w, https:\/\/radiorevelacionfm.cl\/wp-content\/uploads\/2023\/03\/DSC_8683-1-1-768x509.jpg 768w, https:\/\/radiorevelacionfm.cl\/wp-content\/uploads\/2023\/03\/DSC_8683-1-1-705x467.jpg 705w, https:\/\/radiorevelacionfm.cl\/wp-content\/uploads\/2023\/03\/DSC_8683-1-1-600x397.jpg 600w\" sizes=\"(max-width: 906px) 100vw, 906px\" \/><\/div><\/div><\/div><\/div>\n<div class=\"flex_column av_one_full  flex_column_div av-zero-column-padding first  avia-builder-el-2  el_after_av_one_full  el_before_av_one_full  column-top-margin\" style='border-radius:0px; '><section class=\"av_textblock_section \"  itemscope=\"itemscope\" itemtype=\"https:\/\/schema.org\/BlogPosting\" itemprop=\"blogPost\" ><div class='avia_textblock  '   itemprop=\"text\" ><p style=\"text-align: center;\"><strong><span style=\"font-size: 18pt;\">#MesDelClima: Reconocen a Mujeres por la Sustentabilidad en la regi\u00f3n de Ays\u00e9n<\/span><\/strong><\/p>\n<div id=\"gtx-trans\" style=\"position: absolute; left: -50px; top: 4.31534px;\">\n<div class=\"gtx-trans-icon\"><\/div>\n<\/div>\n<\/div><\/section><\/div><div class=\"flex_column av_one_full  flex_column_div av-zero-column-padding first  avia-builder-el-4  el_after_av_one_full  el_before_av_hr  column-top-margin\" style='border-radius:0px; '><section class=\"av_textblock_section \"  itemscope=\"itemscope\" itemtype=\"https:\/\/schema.org\/BlogPosting\" itemprop=\"blogPost\" ><div class='avia_textblock  '   itemprop=\"text\" ><p style=\"text-align: justify;\">Como todos los a\u00f1os en el marco del D\u00eda Internacional de la Mujer, y como parte de la agenda del mes del clima, la SEREMI del Medio Ambiente reconoci\u00f3 a las mujeres por la sustentabilidad 2023. Fue as\u00ed como 8 mujeres de distintos lugares de la regi\u00f3n fueron reconocidas por su trayectoria como voces destacadas en materia ambiental.<\/p>\n<p style=\"text-align: justify;\">La ceremonia, que tuvo lugar en el Centro Cultural de Coyhaique, cont\u00f3 con la presencia del Delegado Presidencial Regional, Rodrigo Araya, la SEREMI de la Mujer y Equidad de G\u00e9nero, Andrea M\u00e9ndez, la SEREMI de Deportes, Mar\u00eda Eugenia Dur\u00e1n, la SEREMI de Bienes Nacionales, Irina Morend, el SEREMI del Medio Ambiente, Juli\u00e1n C\u00e1rdenas; las mujeres destacadas (tanto en forma presencial como virtual), y sus familias y amistades.<\/p>\n<p style=\"text-align: justify;\">Desde el a\u00f1o 2015, la Secretar\u00eda Regional Ministerial del Medio Ambiente realiza este reconocimiento, a fin de visibilizar y destacar la labor de mujeres que, ya sea de forma voluntaria, a trav\u00e9s de una organizaci\u00f3n o la propia gesti\u00f3n laboral, aportan a las buenas pr\u00e1cticas ambientales, en su amplio sentido, considerando educaci\u00f3n, promoci\u00f3n, innovaci\u00f3n y desarrollo sustentable.<\/p>\n<p style=\"text-align: justify;\">\u201cEl cambio que estamos impulsando desde la vereda medioambiental se ve especialmente correspondido por mujeres y eso se ve especialmente en nuestra regi\u00f3n, donde vemos que iniciativas sustentables, los Fondos de Protecci\u00f3n Ambiental, iniciativas CORFO tambi\u00e9n, son lideradas por mujeres que est\u00e1n abogando por hacer cambios transformadores\u201d, declar\u00f3 el SEREMI Juli\u00e1n C\u00e1rdenas, recalcando que desde el Ministerio del Medio Ambiente y el Gobierno de Gabriel Boric, reconocen la equidad de g\u00e9nero como un derecho y respetar este derecho es el camino para afrontar los desaf\u00edos m\u00e1s urgentes de nuestro tiempo, desde la crisis econ\u00f3mica hasta el cambio clim\u00e1tico, instancias donde las mujeres no s\u00f3lo se ven m\u00e1s seriamente afectadas, sino que son fuente de ideas y cuentan con la capacidad de liderazgo para resolverlos.<\/p>\n<p style=\"text-align: justify;\">Las 8 mujeres destacadas desde la dirigencia social, el mundo p\u00fablico, el privado, las ciencias e incluso las escuelas y jardines, se han convertido en grandes colaboradoras del desaf\u00edo por la sostenibilidad de la regi\u00f3n, y lo han hecho como protagonistas y lideresas que promueven cambios y que inspiran a otras ni\u00f1as, mujeres, barrios y ciudades; encarnando los valores, la fuerza, el empuje, la determinaci\u00f3n y la coherencia que inspira a seguir promoviendo desarrollo. Todas y cada una han marcado una hoja de ruta para las pr\u00f3ximas generaciones<\/p>\n<p style=\"text-align: justify;\">Las primeras 3 mujeres reconocidas para este a\u00f1o 2023, fueron celebradas en forma virtual, comenzando por Catalina Silva, oriunda de O\u2019Higgins y activista ambiental, quien ha participado de proyectos cient\u00edficos relacionados a la herpetolog\u00eda \u00a0y limnolog\u00eda, y en 1000 Acciones por un Cambio, proyecto presentado en la COP25, Madrid, llevando las voces de hasta ese entonces m\u00e1s de 10.000 adolescentes de Latinoam\u00e9rica y el Caribe; Sanna Jaaskelainen, Antrop\u00f3loga y profesora de origen Finland\u00e9s, quien residi\u00f3 11 a\u00f1os en Puerto Cisnes, donde su trabajo comunitario y colaborativo ambiental la llev\u00f3 a presidir el Comit\u00e9 Ambiental de Cisnes donde abord\u00f3 iniciativas de reciclaje y educaci\u00f3n ambiental; y Nathalie Brito, oriunda de Concepci\u00f3n, madre, Soci\u00f3loga y Mag\u00edster en Desarrollo Rural, instructora de yoga, educadora ambiental y gestora cultural, quien vive en Pto. Ra\u00fal Mar\u00edn Balmaceda y desarrolla la vinculaci\u00f3n con la naturaleza, el yoga, la medicina natural, la huerta, los saberes ancestrales, en proyectos colaborativos y comunitarios en torno al patrimonio cultural regional, la educaci\u00f3n ambiental local y fondos de protecci\u00f3n ambiental \u201cgracias por este reconocimiento, un abrazo a todas nosotras, y en agradecimiento tambi\u00e9n en representaci\u00f3n de todas las mujeres del litoral que estamos en esta ruta, queda mucho por hacer, pero sin duda cuando estamos todas juntas, es mucho m\u00e1s bonito\u201d, declar\u00f3 Brito a las y los presentes desde Ra\u00fal Mar\u00edn Balmaceda.<\/p>\n<p style=\"text-align: justify;\">As\u00ed tambi\u00e9n, y de manera presencial, se destac\u00f3 la trayectoria de Alejandra B\u00f6rn, Anestesi\u00f3loga, de familia pionera, quien desarrolla la conexi\u00f3n con la naturaleza y la sustentabilidad desde su vereda hospitalaria aportando en pr\u00e1cticas de gesti\u00f3n de residuos, y quien fuera anteriormente miembro del Consejo Consultivo del Medio Ambiente de la regi\u00f3n de Ays\u00e9n, representando al Colegio M\u00e9dico de Coyhaique \u201cdetr\u00e1s de cada una de nosotras hay muchas m\u00e1s que est\u00e1n en este camino, que no tiene vuelta atr\u00e1s. Estamos en momento de expansi\u00f3n de conciencia mayor, donde se van a replicar muchos actos m\u00e1s de protecci\u00f3n del medio ambiente\u201d, expres\u00f3 B\u00f6rn al recibir su reconocimiento.<\/p>\n<p style=\"text-align: justify;\">Los otros reconocimientos, recayeron en Natalia Olave, Gerenta de Maika y actualmente desarrollando un semillero de proyectos con enfoque de econom\u00eda circular; Florencia Ben\u00edtez, Agr\u00f3noma, Mag\u00edster en Medio Ambiente y Desarrollo Sustentable, Activista en movilidad activa en Cicleayque, @criarenbici, y actualmente miembro del Consejo Consultivo del Medio Ambiente de Ays\u00e9n; In\u00e9s Chabalgoity, due\u00f1a de emprendimientos sustentables Antigua Granel y Retorna Austral, cuyo aporte la han convertido en referente de la lucha por la reutilizaci\u00f3n y la eliminaci\u00f3n de pl\u00e1sticos, participando activamente de campa\u00f1as de reciclaje, instancias de educaci\u00f3n ambiental, econom\u00eda circular y proyectos CORFO; y finalmente, la Periodista y Divulgadora cient\u00edfica Dinelly Soto, recolectora de frutos y alimentos silvestres, quien dedica su vida al conocimiento del Reino Fungi, participando de congresos y festivales por todo Chile, trabajando con las comunidades para contribuir con la protecci\u00f3n de nuestros ecosistemas \u201cdetr\u00e1s de nosotras hay muchas mujeres, en inc\u00f3gnito, especialmente en la ruralidad, hay un trabajo de integraci\u00f3n de nosotras, especialmente ni\u00f1as que estando en lugares m\u00e1s aislados, tienen ganas de estudiar micolog\u00eda, zoolog\u00eda u otras que contribuyen al medio ambiente. Debemos hacerlo entre todos y todas, sin distinci\u00f3n y con mucha humildad\u201d, concluy\u00f3 Dinelly.<\/p>\n<p style=\"text-align: justify;\">Finalmente, el SEREMI del Medio Ambiente invit\u00f3 a la comunidad a mantenerse atenta a las redes sociales, donde seguir\u00e1n explorando la gesti\u00f3n de cada mujer destacada y anunciando nuevas actividades del mes del clima.<\/p>\n<\/div><\/section><\/div><div  style='height:50px' class='hr hr-invisible   avia-builder-el-6  el_after_av_one_full  el_before_av_social_share '><span class='hr-inner ' ><span class='hr-inner-style'><\/span><\/span><\/div><\/p>\n<div  class='av-social-sharing-box  avia-builder-el-7  el_after_av_hr  el_before_av_hr  '><div class='av-share-box'><h5 class='av-share-link-description av-no-toc '>Compartir esta noticia<\/h5><ul class='av-share-box-list noLightbox'><li class='av-share-link av-social-link-facebook' ><a target=\"_blank\" aria-label=\"Compartir en Facebook\" href='https:\/\/www.facebook.com\/sharer.php?u=https:\/\/radiorevelacionfm.cl\/?p=28757&#038;t=%23MesDelClima%3A%20Reconocen%20a%20Mujeres%20por%20la%20Sustentabilidad%20en%20la%20regi%C3%B3n%20de%20Ays%C3%A9n' aria-hidden='false' data-av_icon='\ue8f3' data-av_iconfont='entypo-fontello' title='' data-avia-related-tooltip='Compartir en Facebook' rel=\"noopener\"><span class='avia_hidden_link_text'>Compartir en Facebook<\/span><\/a><\/li><li class='av-share-link av-social-link-twitter' ><a target=\"_blank\" aria-label=\"Compartir en Twitter\" href='https:\/\/twitter.com\/share?text=%23MesDelClima%3A%20Reconocen%20a%20Mujeres%20por%20la%20Sustentabilidad%20en%20la%20regi%C3%B3n%20de%20Ays%C3%A9n&#038;url=https:\/\/radiorevelacionfm.cl\/?p=28757' aria-hidden='false' data-av_icon='\ue8f1' data-av_iconfont='entypo-fontello' title='' data-avia-related-tooltip='Compartir en Twitter' rel=\"noopener\"><span class='avia_hidden_link_text'>Compartir en Twitter<\/span><\/a><\/li><li class='av-share-link av-social-link-whatsapp' ><a target=\"_blank\" aria-label=\"Compartir en Whatsapp\" href='https:\/\/api.whatsapp.com\/send?text=https:\/\/radiorevelacionfm.cl\/?p=28757' aria-hidden='false' data-av_icon='\uf232' data-av_iconfont='entypo-fontello' title='' data-avia-related-tooltip='Compartir en Whatsapp' rel=\"noopener\"><span class='avia_hidden_link_text'>Compartir en Whatsapp<\/span><\/a><\/li><li class='av-share-link av-social-link-linkedin' ><a target=\"_blank\" aria-label=\"Compartir en LinkedIn\" href='https:\/\/linkedin.com\/shareArticle?mini=true&#038;title=%23MesDelClima%3A%20Reconocen%20a%20Mujeres%20por%20la%20Sustentabilidad%20en%20la%20regi%C3%B3n%20de%20Ays%C3%A9n&#038;url=https:\/\/radiorevelacionfm.cl\/?p=28757' aria-hidden='false' data-av_icon='\ue8fc' data-av_iconfont='entypo-fontello' title='' data-avia-related-tooltip='Compartir en LinkedIn' rel=\"noopener\"><span class='avia_hidden_link_text'>Compartir en LinkedIn<\/span><\/a><\/li><li class='av-share-link av-social-link-mail' ><a  aria-label=\"Compartir por correo\" href='mailto:?subject=%23MesDelClima%3A%20Reconocen%20a%20Mujeres%20por%20la%20Sustentabilidad%20en%20la%20regi%C3%B3n%20de%20Ays%C3%A9n&#038;body=https:\/\/radiorevelacionfm.cl\/?p=28757' aria-hidden='false' data-av_icon='\ue805' data-av_iconfont='entypo-fontello' title='' data-avia-related-tooltip='Compartir por correo'><span class='avia_hidden_link_text'>Compartir por correo<\/span><\/a><\/li><\/ul><\/div><\/div>\n<div  style='height:50px' class='hr hr-invisible   avia-builder-el-8  el_after_av_social_share  el_before_av_comments_list '><span class='hr-inner ' ><span class='hr-inner-style'><\/span><\/span><\/div>\n<div  class='av-buildercomment  av-blog-meta-html-info-disabled av-blog-meta-tag-disabled  '><\/div>\n","protected":false},"excerpt":{"rendered":"","protected":false},"author":1,"featured_media":28758,"comment_status":"open","ping_status":"open","sticky":false,"template":"","format":"standard","meta":{"footnotes":""},"categories":[39],"tags":[],"class_list":["post-28757","post","type-post","status-publish","format-standard","has-post-thumbnail","hentry","category-medio-ambiente"],"jetpack_featured_media_url":"https:\/\/radiorevelacionfm.cl\/wp-content\/uploads\/2023\/03\/DSC_8683-1-1.jpg","_links":{"self":[{"href":"https:\/\/radiorevelacionfm.cl\/index.php?rest_route=\/wp\/v2\/posts\/28757","targetHints":{"allow":["GET"]}}],"collection":[{"href":"https:\/\/radiorevelacionfm.cl\/index.php?rest_route=\/wp\/v2\/posts"}],"about":[{"href":"https:\/\/radiorevelacionfm.cl\/index.php?rest_route=\/wp\/v2\/types\/post"}],"author":[{"embeddable":true,"href":"https:\/\/radiorevelacionfm.cl\/index.php?rest_route=\/wp\/v2\/users\/1"}],"replies":[{"embeddable":true,"href":"https:\/\/radiorevelacionfm.cl\/index.php?rest_route=%2Fwp%2Fv2%2Fcomments&post=28757"}],"version-history":[{"count":3,"href":"https:\/\/radiorevelacionfm.cl\/index.php?rest_route=\/wp\/v2\/posts\/28757\/revisions"}],"predecessor-version":[{"id":28777,"href":"https:\/\/radiorevelacionfm.cl\/index.php?rest_route=\/wp\/v2\/posts\/28757\/revisions\/28777"}],"wp:featuredmedia":[{"embeddable":true,"href":"https:\/\/radiorevelacionfm.cl\/index.php?rest_route=\/wp\/v2\/media\/28758"}],"wp:attachment":[{"href":"https:\/\/radiorevelacionfm.cl\/index.php?rest_route=%2Fwp%2Fv2%2Fmedia&parent=28757"}],"wp:term":[{"taxonomy":"category","embeddable":true,"href":"https:\/\/radiorevelacionfm.cl\/index.php?rest_route=%2Fwp%2Fv2%2Fcategories&post=28757"},{"taxonomy":"post_tag","embeddable":true,"href":"https:\/\/radiorevelacionfm.cl\/index.php?rest_route=%2Fwp%2Fv2%2Ftags&post=28757"}],"curies":[{"name":"wp","href":"https:\/\/api.w.org\/{rel}","templated":true}]}}