{"id":28753,"date":"2023-03-13T16:35:49","date_gmt":"2023-03-13T19:35:49","guid":{"rendered":"https:\/\/radiorevelacionfm.cl\/?p=28753"},"modified":"2023-03-13T16:35:49","modified_gmt":"2023-03-13T19:35:49","slug":"toma-de-examenes-pap-y-antigeno-prostatico-se-realizaran-en-poblaciones-de-coyhaique","status":"publish","type":"post","link":"https:\/\/radiorevelacionfm.cl\/?p=28753","title":{"rendered":"Toma de ex\u00e1menes PAP y Ant\u00edgeno Prost\u00e1tico se realizar\u00e1n en poblaciones de Coyhaique"},"content":{"rendered":"<div class=\"flex_column av_one_full  flex_column_div av-zero-column-padding first  avia-builder-el-0  el_before_av_one_full  avia-builder-el-first  \" style='border-radius:0px; '><div  class='avia-image-container  av-styling-    avia-builder-el-1  avia-builder-el-no-sibling  avia-align-center '  itemprop=\"image\" itemscope=\"itemscope\" itemtype=\"https:\/\/schema.org\/ImageObject\"  ><div class='avia-image-container-inner'><div class='avia-image-overlay-wrap'><img decoding=\"async\" class='wp-image-28754 avia-img-lazy-loading-not-28754 avia_image' src=\"https:\/\/radiorevelacionfm.cl\/wp-content\/uploads\/2023\/03\/whatsapp-image-2023-03-04-at-3_optimized.58.07-pm-1.jpeg\" alt='' title='whatsapp-image-2023-03-04-at-3_optimized.58.07-pm-(1)' height=\"600\" width=\"800\"  itemprop=\"thumbnailUrl\" srcset=\"https:\/\/radiorevelacionfm.cl\/wp-content\/uploads\/2023\/03\/whatsapp-image-2023-03-04-at-3_optimized.58.07-pm-1.jpeg 800w, https:\/\/radiorevelacionfm.cl\/wp-content\/uploads\/2023\/03\/whatsapp-image-2023-03-04-at-3_optimized.58.07-pm-1-300x225.jpeg 300w, https:\/\/radiorevelacionfm.cl\/wp-content\/uploads\/2023\/03\/whatsapp-image-2023-03-04-at-3_optimized.58.07-pm-1-768x576.jpeg 768w, https:\/\/radiorevelacionfm.cl\/wp-content\/uploads\/2023\/03\/whatsapp-image-2023-03-04-at-3_optimized.58.07-pm-1-705x529.jpeg 705w, https:\/\/radiorevelacionfm.cl\/wp-content\/uploads\/2023\/03\/whatsapp-image-2023-03-04-at-3_optimized.58.07-pm-1-600x450.jpeg 600w\" sizes=\"(max-width: 800px) 100vw, 800px\" \/><\/div><\/div><\/div><\/div><div class=\"flex_column av_one_full  flex_column_div av-zero-column-padding first  avia-builder-el-2  el_after_av_one_full  el_before_av_one_full  column-top-margin\" style='border-radius:0px; '><section class=\"av_textblock_section \"  itemscope=\"itemscope\" itemtype=\"https:\/\/schema.org\/BlogPosting\" itemprop=\"blogPost\" ><div class='avia_textblock  '   itemprop=\"text\" ><p style=\"text-align: center;\"><strong><span style=\"font-size: 18pt;\">Toma de ex\u00e1menes PAP y Ant\u00edgeno Prost\u00e1tico se realizar\u00e1n en poblaciones de Coyhaique<\/span><\/strong><\/p>\n<div id=\"gtx-trans\" style=\"position: absolute; left: -50px; top: 4.31534px;\">\n<div class=\"gtx-trans-icon\"><\/div>\n<\/div>\n<\/div><\/section><\/div><div class=\"flex_column av_one_full  flex_column_div av-zero-column-padding first  avia-builder-el-4  el_after_av_one_full  el_before_av_hr  column-top-margin\" style='border-radius:0px; '><section class=\"av_textblock_section \"  itemscope=\"itemscope\" itemtype=\"https:\/\/schema.org\/BlogPosting\" itemprop=\"blogPost\" ><div class='avia_textblock  '   itemprop=\"text\" ><p class=\"v1MsoNormal\" style=\"text-align: justify;\">Con el objetivo de facilitar el acceso a ex\u00e1menes, avanzando con ello en la detecci\u00f3n temprana y el inicio de tratamientos oportunos, desde la Direcci\u00f3n de Atenci\u00f3n Primaria del Servicio de Salud Ays\u00e9n, se est\u00e1n planificando operativos a desarrollar en sedes vecinales durante 2023.<\/p>\n<p class=\"v1MsoNormal\" style=\"text-align: justify;\">Esta estrategia se inici\u00f3 con la toma de PAP, utilizando para ello el box ginecol\u00f3gico del Mam\u00f3grafo M\u00f3vil, en la sede de la J.J.V.V. Nuevo Amanecer de la poblaci\u00f3n Clotario Blest.<\/p>\n<p class=\"v1MsoNormal\" style=\"text-align: justify;\">\u00abQue venga el mam\u00f3grafo para ac\u00e1, a atender a las mujeres, es super importante porque la mayor\u00eda no tiene tiempo en la semana, entonces aprovechan estos operativos para realizar sus ex\u00e1menes\u00bb, se\u00f1al\u00f3 Nidia Coby, Dirigenta del Comit\u00e9 de Vivienda Las Araucarias.<\/p>\n<p class=\"v1MsoNormal\" style=\"text-align: justify;\">El Papanicolau (PAP) es un examen que permite la detecci\u00f3n temprana del c\u00e1ncer cervicouterino y ha facilitado, a ra\u00edz de los tratamientos oportunos, la disminuci\u00f3n de las muertes resultantes de esta enfermedad.<\/p>\n<p class=\"v1MsoNormal\" style=\"text-align: justify;\">Lorena Guerrero, Directora (s) de Atenci\u00f3n Primaria de Salud, indic\u00f3 que \u00abcuando las mujeres se realizan el PAP de forma preventiva, podemos anticiparnos al da\u00f1o provocado por el c\u00e1ncer cervicouterino. Esta es una de las formas que nos permite la detecci\u00f3n precoz\u00bb.<\/p>\n<p class=\"v1MsoNormal\" style=\"text-align: justify;\">Una estrategia similar se desarrollar\u00e1 con uno de los mecanismos que permite detectar de manera oportuna el c\u00e1ncer de pr\u00f3stata, segunda causa de muerte en hombres de la regi\u00f3n de Ays\u00e9n.<\/p>\n<p class=\"v1MsoNormal\" style=\"text-align: justify;\">El primer operativo de ant\u00edgeno prost\u00e1tico, con 22 pacientes, se realiz\u00f3 en la sede de la Junta de Vecinos de la poblaci\u00f3n General Marchant. \u00abEstas son iniciativas que nacen de los propios vecinos organizados, as\u00ed que nos contactamos con la Direcci\u00f3n del Servicio de Salud, para solicitar que se hagan ex\u00e1menes preventivos en todas las Juntas de Vecinos. Estamos completando el primer grupo que accedi\u00f3 a ant\u00edgeno prost\u00e1tico y luego vendr\u00e1 un operativo de PAP\u00bb, dijo Luz Bastidas, Presidenta de la J.J.V.V. General Marchant.<\/p>\n<p class=\"v1MsoNormal\" style=\"text-align: justify;\">El objetivo de estas estrategias es estar presentes en los territorios, trabajando por un mejor futuro de las y los habitantes de la Patagonia.<\/p>\n<p class=\"v1MsoNormal\" style=\"text-align: justify;\">\u00abTenemos el mandato presidencial de desplegarnos en los territorios y en las sedes comunitaria, hoy el c\u00e1ncer de pr\u00f3stata es la segunda causa de muerte en la regi\u00f3n de Ays\u00e9n y como l\u00ednea estrat\u00e9gica hemos organizado estas tomas de muestras para su detecci\u00f3n temprana\u00bb, agreg\u00f3 Hern\u00e1n Barrientos Hern\u00e1ndez, Subdirector de Gesti\u00f3n Asistencial del Servicio de Salud Ays\u00e9n.<\/p>\n<p class=\"v1MsoNormal\" style=\"text-align: justify;\">Tanto los operativos de PAP, como los de ant\u00edgeno prost\u00e1tico se desarrollar\u00e1n los d\u00edas s\u00e1bados entendiendo que es el d\u00eda donde las y los vecinos pueden asistir con mayor facilidad a estos ex\u00e1menes que podr\u00edan permitir detectar a tiempo enfermedades potencialmente mortales.<\/p>\n<\/div><\/section><\/div><div  style='height:50px' class='hr hr-invisible   avia-builder-el-6  el_after_av_one_full  el_before_av_social_share '><span class='hr-inner ' ><span class='hr-inner-style'><\/span><\/span><\/div><\/p>\n<div  class='av-social-sharing-box  avia-builder-el-7  el_after_av_hr  el_before_av_hr  '><div class='av-share-box'><h5 class='av-share-link-description av-no-toc '>Compartir esta noticia<\/h5><ul class='av-share-box-list noLightbox'><li class='av-share-link av-social-link-facebook' ><a target=\"_blank\" aria-label=\"Compartir en Facebook\" href='https:\/\/www.facebook.com\/sharer.php?u=https:\/\/radiorevelacionfm.cl\/?p=28753&#038;t=Toma%20de%20ex%C3%A1menes%20PAP%20y%20Ant%C3%ADgeno%20Prost%C3%A1tico%20se%20realizar%C3%A1n%20en%20poblaciones%20de%20Coyhaique' aria-hidden='false' data-av_icon='\ue8f3' data-av_iconfont='entypo-fontello' title='' data-avia-related-tooltip='Compartir en Facebook' rel=\"noopener\"><span class='avia_hidden_link_text'>Compartir en Facebook<\/span><\/a><\/li><li class='av-share-link av-social-link-twitter' ><a target=\"_blank\" aria-label=\"Compartir en Twitter\" href='https:\/\/twitter.com\/share?text=Toma%20de%20ex%C3%A1menes%20PAP%20y%20Ant%C3%ADgeno%20Prost%C3%A1tico%20se%20realizar%C3%A1n%20en%20poblaciones%20de%20Coyhaique&#038;url=https:\/\/radiorevelacionfm.cl\/?p=28753' aria-hidden='false' data-av_icon='\ue8f1' data-av_iconfont='entypo-fontello' title='' data-avia-related-tooltip='Compartir en Twitter' rel=\"noopener\"><span class='avia_hidden_link_text'>Compartir en Twitter<\/span><\/a><\/li><li class='av-share-link av-social-link-whatsapp' ><a target=\"_blank\" aria-label=\"Compartir en Whatsapp\" href='https:\/\/api.whatsapp.com\/send?text=https:\/\/radiorevelacionfm.cl\/?p=28753' aria-hidden='false' data-av_icon='\uf232' data-av_iconfont='entypo-fontello' title='' data-avia-related-tooltip='Compartir en Whatsapp' rel=\"noopener\"><span class='avia_hidden_link_text'>Compartir en Whatsapp<\/span><\/a><\/li><li class='av-share-link av-social-link-linkedin' ><a target=\"_blank\" aria-label=\"Compartir en LinkedIn\" href='https:\/\/linkedin.com\/shareArticle?mini=true&#038;title=Toma%20de%20ex%C3%A1menes%20PAP%20y%20Ant%C3%ADgeno%20Prost%C3%A1tico%20se%20realizar%C3%A1n%20en%20poblaciones%20de%20Coyhaique&#038;url=https:\/\/radiorevelacionfm.cl\/?p=28753' aria-hidden='false' data-av_icon='\ue8fc' data-av_iconfont='entypo-fontello' title='' data-avia-related-tooltip='Compartir en LinkedIn' rel=\"noopener\"><span class='avia_hidden_link_text'>Compartir en LinkedIn<\/span><\/a><\/li><li class='av-share-link av-social-link-mail' ><a  aria-label=\"Compartir por correo\" href='mailto:?subject=Toma%20de%20ex%C3%A1menes%20PAP%20y%20Ant%C3%ADgeno%20Prost%C3%A1tico%20se%20realizar%C3%A1n%20en%20poblaciones%20de%20Coyhaique&#038;body=https:\/\/radiorevelacionfm.cl\/?p=28753' aria-hidden='false' data-av_icon='\ue805' data-av_iconfont='entypo-fontello' title='' data-avia-related-tooltip='Compartir por correo'><span class='avia_hidden_link_text'>Compartir por correo<\/span><\/a><\/li><\/ul><\/div><\/div>\n<div  style='height:50px' class='hr hr-invisible   avia-builder-el-8  el_after_av_social_share  el_before_av_comments_list '><span class='hr-inner ' ><span class='hr-inner-style'><\/span><\/span><\/div>\n<div  class='av-buildercomment  av-blog-meta-html-info-disabled av-blog-meta-tag-disabled  '><\/div>\n","protected":false},"excerpt":{"rendered":"","protected":false},"author":1,"featured_media":28754,"comment_status":"open","ping_status":"open","sticky":false,"template":"","format":"standard","meta":{"footnotes":""},"categories":[46],"tags":[],"class_list":["post-28753","post","type-post","status-publish","format-standard","has-post-thumbnail","hentry","category-salud"],"jetpack_featured_media_url":"https:\/\/radiorevelacionfm.cl\/wp-content\/uploads\/2023\/03\/whatsapp-image-2023-03-04-at-3_optimized.58.07-pm-1.jpeg","_links":{"self":[{"href":"https:\/\/radiorevelacionfm.cl\/index.php?rest_route=\/wp\/v2\/posts\/28753","targetHints":{"allow":["GET"]}}],"collection":[{"href":"https:\/\/radiorevelacionfm.cl\/index.php?rest_route=\/wp\/v2\/posts"}],"about":[{"href":"https:\/\/radiorevelacionfm.cl\/index.php?rest_route=\/wp\/v2\/types\/post"}],"author":[{"embeddable":true,"href":"https:\/\/radiorevelacionfm.cl\/index.php?rest_route=\/wp\/v2\/users\/1"}],"replies":[{"embeddable":true,"href":"https:\/\/radiorevelacionfm.cl\/index.php?rest_route=%2Fwp%2Fv2%2Fcomments&post=28753"}],"version-history":[{"count":2,"href":"https:\/\/radiorevelacionfm.cl\/index.php?rest_route=\/wp\/v2\/posts\/28753\/revisions"}],"predecessor-version":[{"id":28756,"href":"https:\/\/radiorevelacionfm.cl\/index.php?rest_route=\/wp\/v2\/posts\/28753\/revisions\/28756"}],"wp:featuredmedia":[{"embeddable":true,"href":"https:\/\/radiorevelacionfm.cl\/index.php?rest_route=\/wp\/v2\/media\/28754"}],"wp:attachment":[{"href":"https:\/\/radiorevelacionfm.cl\/index.php?rest_route=%2Fwp%2Fv2%2Fmedia&parent=28753"}],"wp:term":[{"taxonomy":"category","embeddable":true,"href":"https:\/\/radiorevelacionfm.cl\/index.php?rest_route=%2Fwp%2Fv2%2Fcategories&post=28753"},{"taxonomy":"post_tag","embeddable":true,"href":"https:\/\/radiorevelacionfm.cl\/index.php?rest_route=%2Fwp%2Fv2%2Ftags&post=28753"}],"curies":[{"name":"wp","href":"https:\/\/api.w.org\/{rel}","templated":true}]}}