{"id":28750,"date":"2023-03-14T11:30:12","date_gmt":"2023-03-14T14:30:12","guid":{"rendered":"https:\/\/radiorevelacionfm.cl\/?p=28750"},"modified":"2023-03-14T11:30:12","modified_gmt":"2023-03-14T14:30:12","slug":"termometro-laboral-region-de-aysen-brecha-de-ocupacion-entre-hombres-y-mujeres-alcanza-144-puntos-porcentuales-a-nivel-regional","status":"publish","type":"post","link":"https:\/\/radiorevelacionfm.cl\/?p=28750","title":{"rendered":"Term\u00f3metro Laboral Regi\u00f3n de Ays\u00e9n: Brecha de ocupaci\u00f3n entre hombres y mujeres alcanza 14,4 puntos porcentuales a nivel regional"},"content":{"rendered":"<div class=\"flex_column av_one_full  flex_column_div av-zero-column-padding first  avia-builder-el-0  el_before_av_one_full  avia-builder-el-first  \" style='border-radius:0px; '><div  class='avia-image-container  av-styling-    avia-builder-el-1  avia-builder-el-no-sibling  avia-align-center '  itemprop=\"image\" itemscope=\"itemscope\" itemtype=\"https:\/\/schema.org\/ImageObject\"  ><div class='avia-image-container-inner'><div class='avia-image-overlay-wrap'><img decoding=\"async\" class='wp-image-28751 avia-img-lazy-loading-not-28751 avia_image' src=\"https:\/\/radiorevelacionfm.cl\/wp-content\/uploads\/2023\/03\/certificaciones-1-1.jpg\" alt='' title='certificaciones (1) (1)' height=\"600\" width=\"917\"  itemprop=\"thumbnailUrl\" srcset=\"https:\/\/radiorevelacionfm.cl\/wp-content\/uploads\/2023\/03\/certificaciones-1-1.jpg 917w, https:\/\/radiorevelacionfm.cl\/wp-content\/uploads\/2023\/03\/certificaciones-1-1-300x196.jpg 300w, https:\/\/radiorevelacionfm.cl\/wp-content\/uploads\/2023\/03\/certificaciones-1-1-768x503.jpg 768w, https:\/\/radiorevelacionfm.cl\/wp-content\/uploads\/2023\/03\/certificaciones-1-1-705x461.jpg 705w, https:\/\/radiorevelacionfm.cl\/wp-content\/uploads\/2023\/03\/certificaciones-1-1-600x393.jpg 600w\" sizes=\"(max-width: 917px) 100vw, 917px\" \/><\/div><\/div><\/div><\/div><div class=\"flex_column av_one_full  flex_column_div av-zero-column-padding first  avia-builder-el-2  el_after_av_one_full  el_before_av_one_full  column-top-margin\" style='border-radius:0px; '><section class=\"av_textblock_section \"  itemscope=\"itemscope\" itemtype=\"https:\/\/schema.org\/BlogPosting\" itemprop=\"blogPost\" ><div class='avia_textblock  '   itemprop=\"text\" ><p style=\"text-align: center;\"><span style=\"font-size: 18pt;\"><strong>Term\u00f3metro Laboral Regi\u00f3n de Ays\u00e9n: <\/strong><strong>Brecha de ocupaci\u00f3n entre hombres y mujeres alcanza 14,4 puntos porcentuales a nivel regional<\/strong><\/span><\/p>\n<div id=\"gtx-trans\" style=\"position: absolute; left: -50px; top: 4.31534px;\">\n<div class=\"gtx-trans-icon\"><\/div>\n<\/div>\n<\/div><\/section><\/div><div class=\"flex_column av_one_full  flex_column_div av-zero-column-padding first  avia-builder-el-4  el_after_av_one_full  el_before_av_hr  column-top-margin\" style='border-radius:0px; '><section class=\"av_textblock_section \"  itemscope=\"itemscope\" itemtype=\"https:\/\/schema.org\/BlogPosting\" itemprop=\"blogPost\" ><div class='avia_textblock  '   itemprop=\"text\" ><p style=\"text-align: justify;\">Seg\u00fan el Observatorio Laboral Ays\u00e9n, esto se explica mayormente por responsabilidades familiares, cuidado de terceros o por encontrarse estudiando o prepar\u00e1ndose para ello.<\/p>\n<p style=\"text-align: justify;\">Al segmentar los ocupados por sexo, se desprende una brecha visible de -14,4 puntos porcentuales para el grupo compuesto por mujeres frente al de hombres, cifras que mantuvieron una tendencia similar durante el 2022, las cuales, y seg\u00fan el Observatorio Laboral Ays\u00e9n, se explican mayormente por responsabilidades familiares, cuidado de terceros o por encontrarse estudiando o prepar\u00e1ndose para ello.<\/p>\n<p style=\"text-align: justify;\">En este contexto el Seremi del Trabajo y Previsi\u00f3n Social, Rodrigo D\u00edaz Cordaro, dijo que \u201cEs muy relevante conocer el desagregado de las cifras relacionadas con el empleo en la Regi\u00f3n de Ays\u00e9n que nos dan cuenta de una fotograf\u00eda de este momento, donde justamente en el mes donde reflexionamos sobre el rol de la mujer, en particular en el mundo del trabajo, lo que hemos avanzado en esta materia y lo que est\u00e1 pendiente, nos encontramos con el desaf\u00edo de disminuir la brecha visible entre el acceso al trabajo por parte de hombres y de mujeres, la inactividad y los trabajos de las cuidadoras que se ve reflejado en estas cifras. Son desaf\u00edos de los cuales nos tenemos que hacer cargo como Gobierno, como la deserci\u00f3n escolar donde nos preocupa el incremento del trabajo infantil y tambi\u00e9n la informalidad que est\u00e1 presente en la regi\u00f3n, con los riesgos que ello conlleva en tanto quedan las y los trabajadores desprotegidos de la seguridad social, sin seguridad ante accidentes ligados a sus quehaceres laborales y por ello se debe potenciar los subsidios que fomentan el empleo formal y apoyan el acceso al trabajo de las mujeres, como son el IFE Laboral y el Subsidio Protege que ejecuta Sence\u201d.<\/p>\n<p style=\"text-align: justify;\">Respecto a la tasa de ocupaci\u00f3n por nivel educacional, aquellas personas con educaci\u00f3n t\u00e9cnica completa o profesional completa logran incorporarse eficazmente a la fuerza laboral, entre quienes tienen una educaci\u00f3n b\u00e1sica incompleta, solo un 48,2% logra conseguir un empleo formal. Se observa la misma tendencia en 2021.<\/p>\n<p style=\"text-align: justify;\">Seg\u00fan Andro Valdenegro Terraza, director (s) de SENCE Ays\u00e9n \u201cSin duda es tremendamente relevante e importante poder contar con los datos que nos permitan planificar y proyectar lo que va a hacer nuestra pol\u00edtica de participaci\u00f3n, sobre todo con las cifras que hoy d\u00eda nos presenta el Observatorio Laboral en t\u00e9rminos de empleabilidad respecto de las mujeres en la regi\u00f3n y por cierto grupos vulnerables, esto sin duda que es un instrumento que nos va a ayudar a trabajar en esta l\u00ednea hoy d\u00eda tambi\u00e9n particularmente en el tema de construcci\u00f3n donde nuestra regi\u00f3n tendr\u00e1 durante este a\u00f1o un importante y considerable aumento en la gesti\u00f3n del empleo respecto de este rubro en particular, entonces estos datos vienen a acompa\u00f1ar lo que va a hacer la gesti\u00f3n y acompa\u00f1ar un insumo t\u00e9cnico regional, la proyecci\u00f3n que podamos tener respecto de la capacitaciones en este l\u00ednea\u201d.<\/p>\n<p style=\"text-align: justify;\">Por otra parte, al desagregar el n\u00famero de personas, de acuerdo con a la pertenencia a pueblos originarios, se contabilizan para el \u00faltimo trimestre m\u00f3vil 19.259 personas que son parte de alguna etnia ind\u00edgena, n\u00famero que ha crecido en una cifra cercana a 2.000 personas durante el a\u00f1o 2022, lo anterior relacionado a la recuperaci\u00f3n econ\u00f3mica que ha tenido la regi\u00f3n. Por otro lado, 43.956 personas ocupadas para el \u00faltimo trimestre, no son parte de alg\u00fan pueblo originario.<\/p>\n<p style=\"text-align: justify;\">En tanto Marcio Villouta Alvarado, director del Observatorio Laboral Ays\u00e9n, expres\u00f3 \u201cEn esta nueva entrega de nuestro Term\u00f3metro Laboral del mes de marzo, lo que podemos se\u00f1alar es que el n\u00famero de ocupados es el m\u00e1s alto de los \u00faltimo cuatro a\u00f1os a nivel regional, y eso contabiliza un poco m\u00e1s de 60.500 personas que est\u00e1n trabajando formalmente. Por otra parte, la tasa de ocupaci\u00f3n regional es la m\u00e1s alta en los \u00faltimos tambi\u00e9n cuatro a\u00f1os, y eso significa una recuperaci\u00f3n auspiciosa en t\u00e9rminos de la fuerza laboral, que est\u00e1 asociada, adem\u00e1s, al per\u00edodo estival, y as\u00ed tambi\u00e9n, un mayor dinamismo en sectores como el turismo, construcci\u00f3n y comercio regional que son los principales sectores productivos de nuestro territorio\u201d.<\/p>\n<p style=\"text-align: justify;\"><strong>Inactividad entre mujeres es 70% superior que el de hombres, de acuerdo con el \u00faltimo trimestre m\u00f3vil noviembre 2022 &#8211; enero 2023<\/strong><\/p>\n<p style=\"text-align: justify;\">La tasa de inactividad en los \u00faltimos dos a\u00f1os, en donde ha habido una leve disminuci\u00f3n en la brecha de sexo, en el trimestre diciembre &#8211; febrero 2021, fue de 24,5%, para el mismo trimestre m\u00f3vil del a\u00f1o 2022, pas\u00f3 a ser de 15,5%, y para el \u00faltimo trimestre m\u00f3vil noviembre &#8211; enero, se evidencia una brecha de 13,9%.<\/p>\n<p style=\"text-align: justify;\">Para el \u00faltimo trimestre, las mujeres encabezan el sexo con mayor inactividad, contabilizan 5.846 m\u00e1s que el sexo masculino. Algunas de las razones de inactividad que se vinculan estrechamente a las mujeres son, el \u201cCuidado de terceros de forma temporal\u201d o \u201cPermanente\u201d, as\u00ed como tambi\u00e9n el hecho de \u201cEncontrase estudiando o prepar\u00e1ndose para ello\u201d, el cual, a su vez, concentra mayor n\u00famero de hombres, seguida por personas que se encuentran jubiladas.<\/p>\n<\/div><\/section><\/div><div  style='height:50px' class='hr hr-invisible   avia-builder-el-6  el_after_av_one_full  el_before_av_social_share '><span class='hr-inner ' ><span class='hr-inner-style'><\/span><\/span><\/div><\/p>\n<div  class='av-social-sharing-box  avia-builder-el-7  el_after_av_hr  el_before_av_hr  '><div class='av-share-box'><h5 class='av-share-link-description av-no-toc '>Compartir esta noticia<\/h5><ul class='av-share-box-list noLightbox'><li class='av-share-link av-social-link-facebook' ><a target=\"_blank\" aria-label=\"Compartir en Facebook\" href='https:\/\/www.facebook.com\/sharer.php?u=https:\/\/radiorevelacionfm.cl\/?p=28750&#038;t=Term%C3%B3metro%20Laboral%20Regi%C3%B3n%20de%20Ays%C3%A9n%3A%20Brecha%20de%20ocupaci%C3%B3n%20entre%20hombres%20y%20mujeres%20alcanza%2014%2C4%20puntos%20porcentuales%20a%20nivel%20regional' aria-hidden='false' data-av_icon='\ue8f3' data-av_iconfont='entypo-fontello' title='' data-avia-related-tooltip='Compartir en Facebook' rel=\"noopener\"><span class='avia_hidden_link_text'>Compartir en Facebook<\/span><\/a><\/li><li class='av-share-link av-social-link-twitter' ><a target=\"_blank\" aria-label=\"Compartir en Twitter\" href='https:\/\/twitter.com\/share?text=Term%C3%B3metro%20Laboral%20Regi%C3%B3n%20de%20Ays%C3%A9n%3A%20Brecha%20de%20ocupaci%C3%B3n%20entre%20hombres%20y%20mujeres%20alcanza%2014%2C4%20puntos%20porcentuales%20a%20nivel%20regional&#038;url=https:\/\/radiorevelacionfm.cl\/?p=28750' aria-hidden='false' data-av_icon='\ue8f1' data-av_iconfont='entypo-fontello' title='' data-avia-related-tooltip='Compartir en Twitter' rel=\"noopener\"><span class='avia_hidden_link_text'>Compartir en Twitter<\/span><\/a><\/li><li class='av-share-link av-social-link-whatsapp' ><a target=\"_blank\" aria-label=\"Compartir en Whatsapp\" href='https:\/\/api.whatsapp.com\/send?text=https:\/\/radiorevelacionfm.cl\/?p=28750' aria-hidden='false' data-av_icon='\uf232' data-av_iconfont='entypo-fontello' title='' data-avia-related-tooltip='Compartir en Whatsapp' rel=\"noopener\"><span class='avia_hidden_link_text'>Compartir en Whatsapp<\/span><\/a><\/li><li class='av-share-link av-social-link-linkedin' ><a target=\"_blank\" aria-label=\"Compartir en LinkedIn\" href='https:\/\/linkedin.com\/shareArticle?mini=true&#038;title=Term%C3%B3metro%20Laboral%20Regi%C3%B3n%20de%20Ays%C3%A9n%3A%20Brecha%20de%20ocupaci%C3%B3n%20entre%20hombres%20y%20mujeres%20alcanza%2014%2C4%20puntos%20porcentuales%20a%20nivel%20regional&#038;url=https:\/\/radiorevelacionfm.cl\/?p=28750' aria-hidden='false' data-av_icon='\ue8fc' data-av_iconfont='entypo-fontello' title='' data-avia-related-tooltip='Compartir en LinkedIn' rel=\"noopener\"><span class='avia_hidden_link_text'>Compartir en LinkedIn<\/span><\/a><\/li><li class='av-share-link av-social-link-mail' ><a  aria-label=\"Compartir por correo\" href='mailto:?subject=Term%C3%B3metro%20Laboral%20Regi%C3%B3n%20de%20Ays%C3%A9n%3A%20Brecha%20de%20ocupaci%C3%B3n%20entre%20hombres%20y%20mujeres%20alcanza%2014%2C4%20puntos%20porcentuales%20a%20nivel%20regional&#038;body=https:\/\/radiorevelacionfm.cl\/?p=28750' aria-hidden='false' data-av_icon='\ue805' data-av_iconfont='entypo-fontello' title='' data-avia-related-tooltip='Compartir por correo'><span class='avia_hidden_link_text'>Compartir por correo<\/span><\/a><\/li><\/ul><\/div><\/div>\n<div  style='height:50px' class='hr hr-invisible   avia-builder-el-8  el_after_av_social_share  el_before_av_comments_list '><span class='hr-inner ' ><span class='hr-inner-style'><\/span><\/span><\/div>\n<div  class='av-buildercomment  av-blog-meta-html-info-disabled av-blog-meta-tag-disabled  '><\/div>\n","protected":false},"excerpt":{"rendered":"","protected":false},"author":1,"featured_media":28751,"comment_status":"open","ping_status":"open","sticky":false,"template":"","format":"standard","meta":{"footnotes":""},"categories":[56],"tags":[],"class_list":["post-28750","post","type-post","status-publish","format-standard","has-post-thumbnail","hentry","category-trabajo"],"jetpack_featured_media_url":"https:\/\/radiorevelacionfm.cl\/wp-content\/uploads\/2023\/03\/certificaciones-1-1.jpg","_links":{"self":[{"href":"https:\/\/radiorevelacionfm.cl\/index.php?rest_route=\/wp\/v2\/posts\/28750","targetHints":{"allow":["GET"]}}],"collection":[{"href":"https:\/\/radiorevelacionfm.cl\/index.php?rest_route=\/wp\/v2\/posts"}],"about":[{"href":"https:\/\/radiorevelacionfm.cl\/index.php?rest_route=\/wp\/v2\/types\/post"}],"author":[{"embeddable":true,"href":"https:\/\/radiorevelacionfm.cl\/index.php?rest_route=\/wp\/v2\/users\/1"}],"replies":[{"embeddable":true,"href":"https:\/\/radiorevelacionfm.cl\/index.php?rest_route=%2Fwp%2Fv2%2Fcomments&post=28750"}],"version-history":[{"count":2,"href":"https:\/\/radiorevelacionfm.cl\/index.php?rest_route=\/wp\/v2\/posts\/28750\/revisions"}],"predecessor-version":[{"id":28799,"href":"https:\/\/radiorevelacionfm.cl\/index.php?rest_route=\/wp\/v2\/posts\/28750\/revisions\/28799"}],"wp:featuredmedia":[{"embeddable":true,"href":"https:\/\/radiorevelacionfm.cl\/index.php?rest_route=\/wp\/v2\/media\/28751"}],"wp:attachment":[{"href":"https:\/\/radiorevelacionfm.cl\/index.php?rest_route=%2Fwp%2Fv2%2Fmedia&parent=28750"}],"wp:term":[{"taxonomy":"category","embeddable":true,"href":"https:\/\/radiorevelacionfm.cl\/index.php?rest_route=%2Fwp%2Fv2%2Fcategories&post=28750"},{"taxonomy":"post_tag","embeddable":true,"href":"https:\/\/radiorevelacionfm.cl\/index.php?rest_route=%2Fwp%2Fv2%2Ftags&post=28750"}],"curies":[{"name":"wp","href":"https:\/\/api.w.org\/{rel}","templated":true}]}}