{"id":28733,"date":"2023-03-13T09:04:39","date_gmt":"2023-03-13T12:04:39","guid":{"rendered":"https:\/\/radiorevelacionfm.cl\/?p=28733"},"modified":"2023-03-13T09:04:39","modified_gmt":"2023-03-13T12:04:39","slug":"delegado-rodrigo-araya-destaca-fortalecimiento-de-la-gestion-publica-en-los-territorios-para-2023","status":"publish","type":"post","link":"https:\/\/radiorevelacionfm.cl\/?p=28733","title":{"rendered":"Delegado Rodrigo Araya destaca fortalecimiento de la gesti\u00f3n p\u00fablica en los territorios para 2023"},"content":{"rendered":"<div class=\"flex_column av_one_full  flex_column_div av-zero-column-padding first  avia-builder-el-0  el_before_av_one_full  avia-builder-el-first  \" style='border-radius:0px; '><div  class='avia-image-container  av-styling-    avia-builder-el-1  avia-builder-el-no-sibling  avia-align-center '  itemprop=\"image\" itemscope=\"itemscope\" itemtype=\"https:\/\/schema.org\/ImageObject\"  ><div class='avia-image-container-inner'><div class='avia-image-overlay-wrap'><img decoding=\"async\" class='wp-image-28734 avia-img-lazy-loading-not-28734 avia_image' src=\"https:\/\/radiorevelacionfm.cl\/wp-content\/uploads\/2023\/03\/20230311093546_img_5695-1_optimized.jpg\" alt='' title='20230311093546_img_5695-(1)_optimized' height=\"609\" width=\"969\"  itemprop=\"thumbnailUrl\" srcset=\"https:\/\/radiorevelacionfm.cl\/wp-content\/uploads\/2023\/03\/20230311093546_img_5695-1_optimized.jpg 969w, https:\/\/radiorevelacionfm.cl\/wp-content\/uploads\/2023\/03\/20230311093546_img_5695-1_optimized-300x189.jpg 300w, https:\/\/radiorevelacionfm.cl\/wp-content\/uploads\/2023\/03\/20230311093546_img_5695-1_optimized-768x483.jpg 768w, https:\/\/radiorevelacionfm.cl\/wp-content\/uploads\/2023\/03\/20230311093546_img_5695-1_optimized-705x443.jpg 705w, https:\/\/radiorevelacionfm.cl\/wp-content\/uploads\/2023\/03\/20230311093546_img_5695-1_optimized-600x377.jpg 600w\" sizes=\"(max-width: 969px) 100vw, 969px\" \/><\/div><\/div><\/div><\/div><div class=\"flex_column av_one_full  flex_column_div av-zero-column-padding first  avia-builder-el-2  el_after_av_one_full  el_before_av_one_full  column-top-margin\" style='border-radius:0px; '><section class=\"av_textblock_section \"  itemscope=\"itemscope\" itemtype=\"https:\/\/schema.org\/BlogPosting\" itemprop=\"blogPost\" ><div class='avia_textblock  '   itemprop=\"text\" ><p style=\"text-align: center;\"><strong><span style=\"font-size: 18pt;\">Delegado Rodrigo Araya destaca fortalecimiento de la gesti\u00f3n p\u00fablica en los territorios para 2023<\/span><\/strong><\/p>\n<div id=\"gtx-trans\" style=\"position: absolute; left: -50px; top: 4.31534px;\">\n<div class=\"gtx-trans-icon\"><\/div>\n<\/div>\n<\/div><\/section><\/div><div class=\"flex_column av_one_full  flex_column_div av-zero-column-padding first  avia-builder-el-4  el_after_av_one_full  el_before_av_hr  column-top-margin\" style='border-radius:0px; '><section class=\"av_textblock_section \"  itemscope=\"itemscope\" itemtype=\"https:\/\/schema.org\/BlogPosting\" itemprop=\"blogPost\" ><div class='avia_textblock  '   itemprop=\"text\" ><p style=\"font-weight: 400; text-align: justify;\">El fortalecimiento de la gesti\u00f3n del sector p\u00fablico en los territorios, al servicio de las comunidades locales, destac\u00f3 el Delegado Presidencial Regional, Rodrigo Araya, como uno de los \u00e9nfasis de la labor del Gobierno en la Regi\u00f3n de Ays\u00e9n para 2023.<\/p>\n<p style=\"font-weight: 400; text-align: justify;\">En el Gabinete Regional realizado con motivo del an\u00e1lisis del primer a\u00f1o de Gobierno del Presidente Gabriel Boric, este s\u00e1bado 11 de marzo, se abord\u00f3\u00a0el restablecimiento de servicios, rubros y actividades afectadas por la pandemia; adem\u00e1s, el trabajo conjunto y di\u00e1logo con el Gobierno Regional de Ays\u00e9n y su Consejo, municipios y comunidades ayseninas.<\/p>\n<p style=\"font-weight: 400; text-align: justify;\">\u201cHemos visto tareas en las que ya estamos trabajando en este a\u00f1o 2023 y c\u00f3mo podemos mejorar eso en relaci\u00f3n a las responsabilidades que tenemos, a trav\u00e9s de las distintas seremis y delegaciones presidenciales provinciales. Tenemos que fortalecer nuestras actividades en los territorios, por lo tanto el Gobierno en Terreno va a ser tambi\u00e9n fortalecido con la presencia de profesionales y cada una de las carteras\u201d, destac\u00f3.<\/p>\n<p style=\"font-weight: 400; text-align: justify;\">Dentro de los principales logros del primer a\u00f1o de Gobierno, destac\u00f3 el programa de reactivaci\u00f3n econ\u00f3mica inclusiva Chile Apoya, a trav\u00e9s del cual se efectu\u00f3 una inyecci\u00f3n in\u00e9dita de recursos para micro y peque\u00f1as empresas. S\u00f3lo a trav\u00e9s de Sercotec, m\u00e1s de 500 microempresas, gremios y cooperativas regionales accedieron a m\u00e1s de dos mil millones de pesos.<\/p>\n<p style=\"font-weight: 400; text-align: justify;\">Tambi\u00e9n con recursos Chile Apoya se ejecutaron cinco Programas de Apoyo a la Reactivaci\u00f3n a trav\u00e9s de Corfo Ays\u00e9n, focalizados en turismo, mujeres, industrias creativas, acuicultura de peque\u00f1a escala y comercializaci\u00f3n de productos del mar, con m\u00e1s de 150 beneficiarias y beneficiarios. Adem\u00e1s, a trav\u00e9s de convenios con el Gobierno Regional, se logr\u00f3 dar cobertura a las diez comunas con Programas de Apoyo a la Reactivaci\u00f3n.<\/p>\n<p style=\"font-weight: 400; text-align: justify;\">En fomento para la pesca artesanal, el a\u00f1o 2022 se entregaron a trav\u00e9s de INDESPA 150 millones de pesos para 256 beneficiarias y beneficiarios.<\/p>\n<p style=\"font-weight: 400; text-align: justify;\">Como uno de los sectores econ\u00f3micos m\u00e1s golpeados por la pandemia, la reactivaci\u00f3n del turismo fue una de las prioridades de la agenda econ\u00f3mica 2022, retom\u00e1ndose los viajes intrarregionales de Vacaciones de Tercera Edad y Gira de Estudios, que en conjunto beneficiaron a 530 personas entre j\u00f3venes y personas mayores de la regi\u00f3n.<\/p>\n<p style=\"font-weight: 400; text-align: justify;\">En reactivaci\u00f3n econ\u00f3mica, generaci\u00f3n de empleo y desarrollo local, durante 2022 el Ministerio de Obras P\u00fablicas ejecut\u00f3 un presupuesto que supera los 113 mil millones de pesos, de los cuales 11 mil millones de pesos corresponden a financiamiento con recursos del Gobierno Regional de Ays\u00e9n y Ministerio de Salud principalmente.<\/p>\n<p style=\"font-weight: 400; text-align: justify;\">En esta misma l\u00ednea, destac\u00f3 el Plan Especial de Mejoramiento para la Integraci\u00f3n y Conectividad 2022-2030 como una estrategia interregional de car\u00e1cter especial, con una inversi\u00f3n de alrededor de 600 mil millones de pesos, en un plazo de ocho a\u00f1os, para cerca de 150 iniciativas.<\/p>\n<p style=\"font-weight: 400; text-align: justify;\">Por \u00faltimo, enfatiz\u00f3 la Pol\u00edtica de Desarrollo de Zonas Extremas firmada por el Presidente Boric durante sus actividades en Ays\u00e9n en enero pasado, para favorecer el desarrollo de proyectos anhelados por las comunidades, reconociendo las particulares caracter\u00edsticas de territorios de zonas extremas del pa\u00eds.<\/p>\n<\/div><\/section><\/div><div  style='height:50px' class='hr hr-invisible   avia-builder-el-6  el_after_av_one_full  el_before_av_social_share '><span class='hr-inner ' ><span class='hr-inner-style'><\/span><\/span><\/div><\/p>\n<div  class='av-social-sharing-box  avia-builder-el-7  el_after_av_hr  el_before_av_hr  '><div class='av-share-box'><h5 class='av-share-link-description av-no-toc '>Compartir esta noticia<\/h5><ul class='av-share-box-list noLightbox'><li class='av-share-link av-social-link-facebook' ><a target=\"_blank\" aria-label=\"Compartir en Facebook\" href='https:\/\/www.facebook.com\/sharer.php?u=https:\/\/radiorevelacionfm.cl\/?p=28733&#038;t=Delegado%20Rodrigo%20Araya%20destaca%20fortalecimiento%20de%20la%20gesti%C3%B3n%20p%C3%BAblica%20en%20los%20territorios%20para%202023' aria-hidden='false' data-av_icon='\ue8f3' data-av_iconfont='entypo-fontello' title='' data-avia-related-tooltip='Compartir en Facebook' rel=\"noopener\"><span class='avia_hidden_link_text'>Compartir en Facebook<\/span><\/a><\/li><li class='av-share-link av-social-link-twitter' ><a target=\"_blank\" aria-label=\"Compartir en Twitter\" href='https:\/\/twitter.com\/share?text=Delegado%20Rodrigo%20Araya%20destaca%20fortalecimiento%20de%20la%20gesti%C3%B3n%20p%C3%BAblica%20en%20los%20territorios%20para%202023&#038;url=https:\/\/radiorevelacionfm.cl\/?p=28733' aria-hidden='false' data-av_icon='\ue8f1' data-av_iconfont='entypo-fontello' title='' data-avia-related-tooltip='Compartir en Twitter' rel=\"noopener\"><span class='avia_hidden_link_text'>Compartir en Twitter<\/span><\/a><\/li><li class='av-share-link av-social-link-whatsapp' ><a target=\"_blank\" aria-label=\"Compartir en Whatsapp\" href='https:\/\/api.whatsapp.com\/send?text=https:\/\/radiorevelacionfm.cl\/?p=28733' aria-hidden='false' data-av_icon='\uf232' data-av_iconfont='entypo-fontello' title='' data-avia-related-tooltip='Compartir en Whatsapp' rel=\"noopener\"><span class='avia_hidden_link_text'>Compartir en Whatsapp<\/span><\/a><\/li><li class='av-share-link av-social-link-linkedin' ><a target=\"_blank\" aria-label=\"Compartir en LinkedIn\" href='https:\/\/linkedin.com\/shareArticle?mini=true&#038;title=Delegado%20Rodrigo%20Araya%20destaca%20fortalecimiento%20de%20la%20gesti%C3%B3n%20p%C3%BAblica%20en%20los%20territorios%20para%202023&#038;url=https:\/\/radiorevelacionfm.cl\/?p=28733' aria-hidden='false' data-av_icon='\ue8fc' data-av_iconfont='entypo-fontello' title='' data-avia-related-tooltip='Compartir en LinkedIn' rel=\"noopener\"><span class='avia_hidden_link_text'>Compartir en LinkedIn<\/span><\/a><\/li><li class='av-share-link av-social-link-mail' ><a  aria-label=\"Compartir por correo\" href='mailto:?subject=Delegado%20Rodrigo%20Araya%20destaca%20fortalecimiento%20de%20la%20gesti%C3%B3n%20p%C3%BAblica%20en%20los%20territorios%20para%202023&#038;body=https:\/\/radiorevelacionfm.cl\/?p=28733' aria-hidden='false' data-av_icon='\ue805' data-av_iconfont='entypo-fontello' title='' data-avia-related-tooltip='Compartir por correo'><span class='avia_hidden_link_text'>Compartir por correo<\/span><\/a><\/li><\/ul><\/div><\/div>\n<div  style='height:50px' class='hr hr-invisible   avia-builder-el-8  el_after_av_social_share  el_before_av_comments_list '><span class='hr-inner ' ><span class='hr-inner-style'><\/span><\/span><\/div>\n<div  class='av-buildercomment  av-blog-meta-html-info-disabled av-blog-meta-tag-disabled  '><\/div>\n","protected":false},"excerpt":{"rendered":"","protected":false},"author":1,"featured_media":28734,"comment_status":"open","ping_status":"open","sticky":false,"template":"","format":"standard","meta":{"footnotes":""},"categories":[38],"tags":[],"class_list":["post-28733","post","type-post","status-publish","format-standard","has-post-thumbnail","hentry","category-regional"],"jetpack_featured_media_url":"https:\/\/radiorevelacionfm.cl\/wp-content\/uploads\/2023\/03\/20230311093546_img_5695-1_optimized.jpg","_links":{"self":[{"href":"https:\/\/radiorevelacionfm.cl\/index.php?rest_route=\/wp\/v2\/posts\/28733","targetHints":{"allow":["GET"]}}],"collection":[{"href":"https:\/\/radiorevelacionfm.cl\/index.php?rest_route=\/wp\/v2\/posts"}],"about":[{"href":"https:\/\/radiorevelacionfm.cl\/index.php?rest_route=\/wp\/v2\/types\/post"}],"author":[{"embeddable":true,"href":"https:\/\/radiorevelacionfm.cl\/index.php?rest_route=\/wp\/v2\/users\/1"}],"replies":[{"embeddable":true,"href":"https:\/\/radiorevelacionfm.cl\/index.php?rest_route=%2Fwp%2Fv2%2Fcomments&post=28733"}],"version-history":[{"count":2,"href":"https:\/\/radiorevelacionfm.cl\/index.php?rest_route=\/wp\/v2\/posts\/28733\/revisions"}],"predecessor-version":[{"id":28736,"href":"https:\/\/radiorevelacionfm.cl\/index.php?rest_route=\/wp\/v2\/posts\/28733\/revisions\/28736"}],"wp:featuredmedia":[{"embeddable":true,"href":"https:\/\/radiorevelacionfm.cl\/index.php?rest_route=\/wp\/v2\/media\/28734"}],"wp:attachment":[{"href":"https:\/\/radiorevelacionfm.cl\/index.php?rest_route=%2Fwp%2Fv2%2Fmedia&parent=28733"}],"wp:term":[{"taxonomy":"category","embeddable":true,"href":"https:\/\/radiorevelacionfm.cl\/index.php?rest_route=%2Fwp%2Fv2%2Fcategories&post=28733"},{"taxonomy":"post_tag","embeddable":true,"href":"https:\/\/radiorevelacionfm.cl\/index.php?rest_route=%2Fwp%2Fv2%2Ftags&post=28733"}],"curies":[{"name":"wp","href":"https:\/\/api.w.org\/{rel}","templated":true}]}}