{"id":28729,"date":"2023-03-12T17:31:59","date_gmt":"2023-03-12T20:31:59","guid":{"rendered":"https:\/\/radiorevelacionfm.cl\/?p=28729"},"modified":"2023-03-12T17:31:59","modified_gmt":"2023-03-12T20:31:59","slug":"alcalde-firmo-convenio-con-embajada-de-japon-para-concretar-box-dental-en-escuela-de-cisnes","status":"publish","type":"post","link":"https:\/\/radiorevelacionfm.cl\/?p=28729","title":{"rendered":"Alcalde firm\u00f3 convenio con Embajada de Jap\u00f3n para concretar Box Dental en Escuela de Cisnes"},"content":{"rendered":"<div class=\"flex_column av_one_full  flex_column_div av-zero-column-padding first  avia-builder-el-0  el_before_av_one_full  avia-builder-el-first  \" style='border-radius:0px; '><div  class='avia-image-container  av-styling-    avia-builder-el-1  avia-builder-el-no-sibling  avia-align-center '  itemprop=\"image\" itemscope=\"itemscope\" itemtype=\"https:\/\/schema.org\/ImageObject\"  ><div class='avia-image-container-inner'><div class='avia-image-overlay-wrap'><img decoding=\"async\" class='wp-image-28730 avia-img-lazy-loading-not-28730 avia_image' src=\"https:\/\/radiorevelacionfm.cl\/wp-content\/uploads\/2023\/03\/CONVENIO-EMBAJADA-JAPON-2-1.jpg\" alt='' title='CONVENIO EMBAJADA JAPON 2 (1)' height=\"618\" width=\"862\"  itemprop=\"thumbnailUrl\" srcset=\"https:\/\/radiorevelacionfm.cl\/wp-content\/uploads\/2023\/03\/CONVENIO-EMBAJADA-JAPON-2-1.jpg 862w, https:\/\/radiorevelacionfm.cl\/wp-content\/uploads\/2023\/03\/CONVENIO-EMBAJADA-JAPON-2-1-300x215.jpg 300w, https:\/\/radiorevelacionfm.cl\/wp-content\/uploads\/2023\/03\/CONVENIO-EMBAJADA-JAPON-2-1-768x551.jpg 768w, https:\/\/radiorevelacionfm.cl\/wp-content\/uploads\/2023\/03\/CONVENIO-EMBAJADA-JAPON-2-1-260x185.jpg 260w, https:\/\/radiorevelacionfm.cl\/wp-content\/uploads\/2023\/03\/CONVENIO-EMBAJADA-JAPON-2-1-705x505.jpg 705w, https:\/\/radiorevelacionfm.cl\/wp-content\/uploads\/2023\/03\/CONVENIO-EMBAJADA-JAPON-2-1-600x430.jpg 600w\" sizes=\"(max-width: 862px) 100vw, 862px\" \/><\/div><\/div><\/div><\/div><div class=\"flex_column av_one_full  flex_column_div av-zero-column-padding first  avia-builder-el-2  el_after_av_one_full  el_before_av_one_full  column-top-margin\" style='border-radius:0px; '><section class=\"av_textblock_section \"  itemscope=\"itemscope\" itemtype=\"https:\/\/schema.org\/BlogPosting\" itemprop=\"blogPost\" ><div class='avia_textblock  '   itemprop=\"text\" ><p style=\"text-align: center;\"><strong><span style=\"font-size: 18pt;\">Alcalde firm\u00f3 convenio con Embajada de Jap\u00f3n para concretar Box Dental en Escuela de Cisnes<\/span><\/strong><\/p>\n<div id=\"gtx-trans\" style=\"position: absolute; left: -50px; top: 4.31534px;\">\n<div class=\"gtx-trans-icon\"><\/div>\n<\/div>\n<\/div><\/section><\/div><div class=\"flex_column av_one_full  flex_column_div av-zero-column-padding first  avia-builder-el-4  el_after_av_one_full  el_before_av_hr  column-top-margin\" style='border-radius:0px; '><section class=\"av_textblock_section \"  itemscope=\"itemscope\" itemtype=\"https:\/\/schema.org\/BlogPosting\" itemprop=\"blogPost\" ><div class='avia_textblock  '   itemprop=\"text\" ><p style=\"text-align: justify;\">El Alcalde Francisco Roncagliolo junto al Embajador de Jap\u00f3n Shibuya Kazuhisa, concretaron la firma de un convenio, que se traducir\u00e1 en la donaci\u00f3n de recursos para la construcci\u00f3n de un Box Dental, el que se implementar\u00e1 en la Escuela Guido G\u00f3mez Mu\u00f1oz de Puerto Cisnes.<\/p>\n<p style=\"text-align: justify;\">Este importante donativo que va en directo beneficio de la comunidad y que particularmente contribuir\u00e1 a mejorar la salud bucal de nuestros estudiantes, representa con \u00e9xito todo el trabajo realizado durante la postulaci\u00f3n de la iniciativa.<\/p>\n<p style=\"text-align: justify;\">\u201cComo comuna de Cisnes estamos muy contentos con este apoyo y aporte que nos ha hecho la Embajada de Jap\u00f3n, a trav\u00e9s de su excelent\u00edsimo Embajador Shibuya Kazuhisa. Agradecemos que hayan considerado la comuna de Cisnes con este proyecto tan importante, como es, la instalaci\u00f3n de un box dental para nuestros ni\u00f1os de la escuela Guido G\u00f3mez Mu\u00f1oz de Puerto Cisnes. Agradecemos tambi\u00e9n la posibilidad que nos dieron de poder vincularnos con otros servicios, estamos trabajando con el Servicio de Salud de Ays\u00e9n, a trav\u00e9s del hospital de Cisnes y por lo tanto, hoy ya tenemos los recursos para avanzar en esta importante iniciativa, la que volvemos a agradecer en el nombre de la comuna\u201d, se\u00f1al\u00f3 el Alcalde de la comuna de Cisnes, Francisco Roncagliolo.<\/p>\n<p style=\"text-align: justify;\">En tanto, el Embajador de Jap\u00f3n en Chile, Shibuya Kazuhisa, mediante traducci\u00f3n simult\u00e1nea, valor\u00f3 el convenio firmado con la Municipalidad de Cisnes, principalmente por el beneficio que esto traer\u00e1 a la salud bucal de los ni\u00f1os. \u201cNos hab\u00edamos enterado que en Cisnes hab\u00edan estos problemas, de que faltaba un box dental, entonces, decidimos donar esto porque consideramos que era muy importante, que las necesidades eran obvias, aunque hab\u00eda mucha competencia este proyecto fue seleccionado pese a aquello. A trav\u00e9s de esta donaci\u00f3n esperamos que los ni\u00f1os de Cisnes, crezcan sanos, cuidando su salud bucal\u201d.<\/p>\n<p style=\"text-align: justify;\">El proyecto que compiti\u00f3 con otras iniciativas a nivel nacional, fue seleccionado por la Embajada de Jap\u00f3n y permitir\u00e1 beneficiar a m\u00e1s de 500 ni\u00f1os, descongestionando as\u00ed las horas en el hospital de Puerto Cisnes, lo que finalmente ser\u00e1 beneficioso para toda la comunidad.<\/p>\n<\/div><\/section><\/div><div  style='height:50px' class='hr hr-invisible   avia-builder-el-6  el_after_av_one_full  el_before_av_social_share '><span class='hr-inner ' ><span class='hr-inner-style'><\/span><\/span><\/div><\/p>\n<div  class='av-social-sharing-box  avia-builder-el-7  el_after_av_hr  el_before_av_hr  '><div class='av-share-box'><h5 class='av-share-link-description av-no-toc '>Compartir esta noticia<\/h5><ul class='av-share-box-list noLightbox'><li class='av-share-link av-social-link-facebook' ><a target=\"_blank\" aria-label=\"Compartir en Facebook\" href='https:\/\/www.facebook.com\/sharer.php?u=https:\/\/radiorevelacionfm.cl\/?p=28729&#038;t=Alcalde%20firm%C3%B3%20convenio%20con%20Embajada%20de%20Jap%C3%B3n%20para%20concretar%20Box%20Dental%20en%20Escuela%20de%20Cisnes' aria-hidden='false' data-av_icon='\ue8f3' data-av_iconfont='entypo-fontello' title='' data-avia-related-tooltip='Compartir en Facebook' rel=\"noopener\"><span class='avia_hidden_link_text'>Compartir en Facebook<\/span><\/a><\/li><li class='av-share-link av-social-link-twitter' ><a target=\"_blank\" aria-label=\"Compartir en Twitter\" href='https:\/\/twitter.com\/share?text=Alcalde%20firm%C3%B3%20convenio%20con%20Embajada%20de%20Jap%C3%B3n%20para%20concretar%20Box%20Dental%20en%20Escuela%20de%20Cisnes&#038;url=https:\/\/radiorevelacionfm.cl\/?p=28729' aria-hidden='false' data-av_icon='\ue8f1' data-av_iconfont='entypo-fontello' title='' data-avia-related-tooltip='Compartir en Twitter' rel=\"noopener\"><span class='avia_hidden_link_text'>Compartir en Twitter<\/span><\/a><\/li><li class='av-share-link av-social-link-whatsapp' ><a target=\"_blank\" aria-label=\"Compartir en Whatsapp\" href='https:\/\/api.whatsapp.com\/send?text=https:\/\/radiorevelacionfm.cl\/?p=28729' aria-hidden='false' data-av_icon='\uf232' data-av_iconfont='entypo-fontello' title='' data-avia-related-tooltip='Compartir en Whatsapp' rel=\"noopener\"><span class='avia_hidden_link_text'>Compartir en Whatsapp<\/span><\/a><\/li><li class='av-share-link av-social-link-linkedin' ><a target=\"_blank\" aria-label=\"Compartir en LinkedIn\" href='https:\/\/linkedin.com\/shareArticle?mini=true&#038;title=Alcalde%20firm%C3%B3%20convenio%20con%20Embajada%20de%20Jap%C3%B3n%20para%20concretar%20Box%20Dental%20en%20Escuela%20de%20Cisnes&#038;url=https:\/\/radiorevelacionfm.cl\/?p=28729' aria-hidden='false' data-av_icon='\ue8fc' data-av_iconfont='entypo-fontello' title='' data-avia-related-tooltip='Compartir en LinkedIn' rel=\"noopener\"><span class='avia_hidden_link_text'>Compartir en LinkedIn<\/span><\/a><\/li><li class='av-share-link av-social-link-mail' ><a  aria-label=\"Compartir por correo\" href='mailto:?subject=Alcalde%20firm%C3%B3%20convenio%20con%20Embajada%20de%20Jap%C3%B3n%20para%20concretar%20Box%20Dental%20en%20Escuela%20de%20Cisnes&#038;body=https:\/\/radiorevelacionfm.cl\/?p=28729' aria-hidden='false' data-av_icon='\ue805' data-av_iconfont='entypo-fontello' title='' data-avia-related-tooltip='Compartir por correo'><span class='avia_hidden_link_text'>Compartir por correo<\/span><\/a><\/li><\/ul><\/div><\/div>\n<div  style='height:50px' class='hr hr-invisible   avia-builder-el-8  el_after_av_social_share  el_before_av_comments_list '><span class='hr-inner ' ><span class='hr-inner-style'><\/span><\/span><\/div>\n<div  class='av-buildercomment  av-blog-meta-html-info-disabled av-blog-meta-tag-disabled  '><\/div>\n","protected":false},"excerpt":{"rendered":"","protected":false},"author":1,"featured_media":28730,"comment_status":"open","ping_status":"open","sticky":false,"template":"","format":"standard","meta":{"footnotes":""},"categories":[38],"tags":[],"class_list":["post-28729","post","type-post","status-publish","format-standard","has-post-thumbnail","hentry","category-regional"],"jetpack_featured_media_url":"https:\/\/radiorevelacionfm.cl\/wp-content\/uploads\/2023\/03\/CONVENIO-EMBAJADA-JAPON-2-1.jpg","_links":{"self":[{"href":"https:\/\/radiorevelacionfm.cl\/index.php?rest_route=\/wp\/v2\/posts\/28729","targetHints":{"allow":["GET"]}}],"collection":[{"href":"https:\/\/radiorevelacionfm.cl\/index.php?rest_route=\/wp\/v2\/posts"}],"about":[{"href":"https:\/\/radiorevelacionfm.cl\/index.php?rest_route=\/wp\/v2\/types\/post"}],"author":[{"embeddable":true,"href":"https:\/\/radiorevelacionfm.cl\/index.php?rest_route=\/wp\/v2\/users\/1"}],"replies":[{"embeddable":true,"href":"https:\/\/radiorevelacionfm.cl\/index.php?rest_route=%2Fwp%2Fv2%2Fcomments&post=28729"}],"version-history":[{"count":2,"href":"https:\/\/radiorevelacionfm.cl\/index.php?rest_route=\/wp\/v2\/posts\/28729\/revisions"}],"predecessor-version":[{"id":28732,"href":"https:\/\/radiorevelacionfm.cl\/index.php?rest_route=\/wp\/v2\/posts\/28729\/revisions\/28732"}],"wp:featuredmedia":[{"embeddable":true,"href":"https:\/\/radiorevelacionfm.cl\/index.php?rest_route=\/wp\/v2\/media\/28730"}],"wp:attachment":[{"href":"https:\/\/radiorevelacionfm.cl\/index.php?rest_route=%2Fwp%2Fv2%2Fmedia&parent=28729"}],"wp:term":[{"taxonomy":"category","embeddable":true,"href":"https:\/\/radiorevelacionfm.cl\/index.php?rest_route=%2Fwp%2Fv2%2Fcategories&post=28729"},{"taxonomy":"post_tag","embeddable":true,"href":"https:\/\/radiorevelacionfm.cl\/index.php?rest_route=%2Fwp%2Fv2%2Ftags&post=28729"}],"curies":[{"name":"wp","href":"https:\/\/api.w.org\/{rel}","templated":true}]}}