{"id":28724,"date":"2023-03-12T15:23:29","date_gmt":"2023-03-12T18:23:29","guid":{"rendered":"https:\/\/radiorevelacionfm.cl\/?p=28724"},"modified":"2023-03-12T15:23:29","modified_gmt":"2023-03-12T18:23:29","slug":"sernameg-interpone-querella-por-femicidio-tentado-ocurrido-en-chile-chico","status":"publish","type":"post","link":"https:\/\/radiorevelacionfm.cl\/?p=28724","title":{"rendered":"SernamEG interpone querella por femicidio tentado ocurrido en Chile Chico"},"content":{"rendered":"<div class=\"flex_column av_one_full  flex_column_div av-zero-column-padding first  avia-builder-el-0  el_before_av_one_full  avia-builder-el-first  \" style='border-radius:0px; '><div  class='avia-image-container  av-styling-    avia-builder-el-1  avia-builder-el-no-sibling  avia-align-center '  itemprop=\"image\" itemscope=\"itemscope\" itemtype=\"https:\/\/schema.org\/ImageObject\"  ><div class='avia-image-container-inner'><div class='avia-image-overlay-wrap'><img decoding=\"async\" class='wp-image-28725 avia-img-lazy-loading-not-28725 avia_image' src=\"https:\/\/radiorevelacionfm.cl\/wp-content\/uploads\/2023\/03\/Querella-SernamEG-FT-2-1-1.jpg\" alt='' title='Querella SernamEG FT (2) (1) (1)' height=\"600\" width=\"901\"  itemprop=\"thumbnailUrl\" srcset=\"https:\/\/radiorevelacionfm.cl\/wp-content\/uploads\/2023\/03\/Querella-SernamEG-FT-2-1-1.jpg 901w, https:\/\/radiorevelacionfm.cl\/wp-content\/uploads\/2023\/03\/Querella-SernamEG-FT-2-1-1-300x200.jpg 300w, https:\/\/radiorevelacionfm.cl\/wp-content\/uploads\/2023\/03\/Querella-SernamEG-FT-2-1-1-768x511.jpg 768w, https:\/\/radiorevelacionfm.cl\/wp-content\/uploads\/2023\/03\/Querella-SernamEG-FT-2-1-1-705x469.jpg 705w, https:\/\/radiorevelacionfm.cl\/wp-content\/uploads\/2023\/03\/Querella-SernamEG-FT-2-1-1-600x400.jpg 600w\" sizes=\"(max-width: 901px) 100vw, 901px\" \/><\/div><\/div><\/div><\/div><div class=\"flex_column av_one_full  flex_column_div av-zero-column-padding first  avia-builder-el-2  el_after_av_one_full  el_before_av_one_full  column-top-margin\" style='border-radius:0px; '><section class=\"av_textblock_section \"  itemscope=\"itemscope\" itemtype=\"https:\/\/schema.org\/BlogPosting\" itemprop=\"blogPost\" ><div class='avia_textblock  '   itemprop=\"text\" ><p style=\"text-align: center;\"><span style=\"font-size: 18pt;\"><strong>SernamEG interpone querella por femicidio tentado ocurrido en Chile Chico <\/strong><\/span><\/p>\n<div id=\"gtx-trans\" style=\"position: absolute; left: -50px; top: 4.31534px;\">\n<div class=\"gtx-trans-icon\"><\/div>\n<\/div>\n<\/div><\/section><\/div><div class=\"flex_column av_one_full  flex_column_div av-zero-column-padding first  avia-builder-el-4  el_after_av_one_full  el_before_av_hr  column-top-margin\" style='border-radius:0px; '><section class=\"av_textblock_section \"  itemscope=\"itemscope\" itemtype=\"https:\/\/schema.org\/BlogPosting\" itemprop=\"blogPost\" ><div class='avia_textblock  '   itemprop=\"text\" ><p style=\"text-align: justify;\">Una querella por femicidio tentado y amenazas interpuso el Servicio Nacional de la Mujer y la Equidad de G\u00e9nero, SernamEG, en el Juzgado de Letras, Garant\u00eda y Familia de Chile Chico, tras la formalizaci\u00f3n del imputado. La acci\u00f3n judicial se enmarca en la Ley N\u00ba 20.066, que en su art\u00edculo 20, otorga al Servicio la facultad de representar judicialmente; tanto a las mujeres v\u00edctimas de violencia intrafamiliar como a sus familiares.<\/p>\n<p style=\"text-align: justify;\">La Directora Nacional de SernamEG, <strong>Priscilla Carraco Pizarro<\/strong>, sostuvo que \u201crechazamos categ\u00f3ricamente cualquier hecho de violencia extrema, que atente contra la vida de una mujer. Tenemos la confianza que este caso, llegar\u00e1 a una condena con la m\u00e1xima pena posible, ya que como sociedad debemos dar se\u00f1ales potentes de que estos delitos no quedan impunes. Estamos a d\u00edas de haber conmemorado el D\u00eda Internacional de la Mujer, por ello este tipo de sucesos son un recordatorio de lo que a\u00fan queda pendiente por avanzar, como es el derecho a una vida libre de violencia contra las mujeres\u201d.<\/p>\n<p style=\"text-align: justify;\">La autoridad nacional destac\u00f3 el papel de las instituciones que conforman el Circuito Intersectorial de Femicidios, respuesta estatal articulada intersectorialmente, lo que permiti\u00f3 que, una vez conocido el hecho, la atenci\u00f3n de la mujer estuviera a cargo, en una primera instancia, de la Unidad Regional de Atenci\u00f3n a V\u00edctimas y Testigos de la Fiscal\u00eda Regional de Ays\u00e9n. Posteriormente, para iniciar su proceso reparatorio, fue derivada al Centro de Apoyo a V\u00edctimas de Delitos Violentos de la Subsecretar\u00eda de Prevenci\u00f3n del Delito. En tanto, esta semana se realiz\u00f3 el peritaje con perspectiva de g\u00e9nero de parte del Servicio M\u00e9dico Legal.<\/p>\n<p style=\"text-align: justify;\">Recuerda, si eres v\u00edctima o testigo de violencia, puedes comunicarte al fono orientaci\u00f3n del SernamEG 1455, atendido por especialistas las 24 horas del d\u00eda, los 7 d\u00edas de la semana, incluso sin saldo en el celular. Tambi\u00e9n puedes escribir al WhatsApp +569 9700 7000 o al Chat Web en sernameg.gob.cl<\/p>\n<p style=\"text-align: justify;\">La oferta disponible de SernamEG corresponde al Centro de la Mujer Ray\u00e9n (cobertura que incluye la zona sur del territorio regional), direcci\u00f3n: Pasaje Aca Austral Esquina Empalme Aer\u00f3dromo, Coyhaique; tel\u00e9fonos: 67 \u2013 221 3178; 67 \u2013 221 3176 y WhatsApp +569 4615 1461; email: centrorayen@gmail.com. En Puerto Ays\u00e9n se ubica el Centro de la Mujer Naa Alver\u00e9 (cobertura que incluye la zona norte del territorio regional) en calle Teniente Merino 520, Puerto Ays\u00e9n; tel\u00e9fono: 67 \u2013233 4855; email: <a href=\"mailto:centrodelamujer@puertoaysen.cl\">centrodelamujer@puertoaysen.cl<\/a>. Finalmente, existe el Centro de Reeducaci\u00f3n de Hombres que Ejercen Violencia de Pareja, direcci\u00f3n: Sim\u00f3n Bol\u00edvar N\u00b0404, Coyhaique; tel\u00e9fono: 67 \u2013 227 3032 y una Casa de Acogida para mujeres en riesgo vital.<\/p>\n<\/div><\/section><\/div><div  style='height:50px' class='hr hr-invisible   avia-builder-el-6  el_after_av_one_full  el_before_av_social_share '><span class='hr-inner ' ><span class='hr-inner-style'><\/span><\/span><\/div><\/p>\n<div  class='av-social-sharing-box  avia-builder-el-7  el_after_av_hr  el_before_av_hr  '><div class='av-share-box'><h5 class='av-share-link-description av-no-toc '>Compartir esta noticia<\/h5><ul class='av-share-box-list noLightbox'><li class='av-share-link av-social-link-facebook' ><a target=\"_blank\" aria-label=\"Compartir en Facebook\" href='https:\/\/www.facebook.com\/sharer.php?u=https:\/\/radiorevelacionfm.cl\/?p=28724&#038;t=SernamEG%20interpone%20querella%20por%20femicidio%20tentado%20ocurrido%20en%20Chile%20Chico' aria-hidden='false' data-av_icon='\ue8f3' data-av_iconfont='entypo-fontello' title='' data-avia-related-tooltip='Compartir en Facebook' rel=\"noopener\"><span class='avia_hidden_link_text'>Compartir en Facebook<\/span><\/a><\/li><li class='av-share-link av-social-link-twitter' ><a target=\"_blank\" aria-label=\"Compartir en Twitter\" href='https:\/\/twitter.com\/share?text=SernamEG%20interpone%20querella%20por%20femicidio%20tentado%20ocurrido%20en%20Chile%20Chico&#038;url=https:\/\/radiorevelacionfm.cl\/?p=28724' aria-hidden='false' data-av_icon='\ue8f1' data-av_iconfont='entypo-fontello' title='' data-avia-related-tooltip='Compartir en Twitter' rel=\"noopener\"><span class='avia_hidden_link_text'>Compartir en Twitter<\/span><\/a><\/li><li class='av-share-link av-social-link-whatsapp' ><a target=\"_blank\" aria-label=\"Compartir en Whatsapp\" href='https:\/\/api.whatsapp.com\/send?text=https:\/\/radiorevelacionfm.cl\/?p=28724' aria-hidden='false' data-av_icon='\uf232' data-av_iconfont='entypo-fontello' title='' data-avia-related-tooltip='Compartir en Whatsapp' rel=\"noopener\"><span class='avia_hidden_link_text'>Compartir en Whatsapp<\/span><\/a><\/li><li class='av-share-link av-social-link-linkedin' ><a target=\"_blank\" aria-label=\"Compartir en LinkedIn\" href='https:\/\/linkedin.com\/shareArticle?mini=true&#038;title=SernamEG%20interpone%20querella%20por%20femicidio%20tentado%20ocurrido%20en%20Chile%20Chico&#038;url=https:\/\/radiorevelacionfm.cl\/?p=28724' aria-hidden='false' data-av_icon='\ue8fc' data-av_iconfont='entypo-fontello' title='' data-avia-related-tooltip='Compartir en LinkedIn' rel=\"noopener\"><span class='avia_hidden_link_text'>Compartir en LinkedIn<\/span><\/a><\/li><li class='av-share-link av-social-link-mail' ><a  aria-label=\"Compartir por correo\" href='mailto:?subject=SernamEG%20interpone%20querella%20por%20femicidio%20tentado%20ocurrido%20en%20Chile%20Chico&#038;body=https:\/\/radiorevelacionfm.cl\/?p=28724' aria-hidden='false' data-av_icon='\ue805' data-av_iconfont='entypo-fontello' title='' data-avia-related-tooltip='Compartir por correo'><span class='avia_hidden_link_text'>Compartir por correo<\/span><\/a><\/li><\/ul><\/div><\/div>\n<div  style='height:50px' class='hr hr-invisible   avia-builder-el-8  el_after_av_social_share  el_before_av_comments_list '><span class='hr-inner ' ><span class='hr-inner-style'><\/span><\/span><\/div>\n<div  class='av-buildercomment  av-blog-meta-html-info-disabled av-blog-meta-tag-disabled  '><\/div>\n","protected":false},"excerpt":{"rendered":"","protected":false},"author":1,"featured_media":28725,"comment_status":"open","ping_status":"open","sticky":false,"template":"","format":"standard","meta":{"footnotes":""},"categories":[38],"tags":[],"class_list":["post-28724","post","type-post","status-publish","format-standard","has-post-thumbnail","hentry","category-regional"],"jetpack_featured_media_url":"https:\/\/radiorevelacionfm.cl\/wp-content\/uploads\/2023\/03\/Querella-SernamEG-FT-2-1-1.jpg","_links":{"self":[{"href":"https:\/\/radiorevelacionfm.cl\/index.php?rest_route=\/wp\/v2\/posts\/28724","targetHints":{"allow":["GET"]}}],"collection":[{"href":"https:\/\/radiorevelacionfm.cl\/index.php?rest_route=\/wp\/v2\/posts"}],"about":[{"href":"https:\/\/radiorevelacionfm.cl\/index.php?rest_route=\/wp\/v2\/types\/post"}],"author":[{"embeddable":true,"href":"https:\/\/radiorevelacionfm.cl\/index.php?rest_route=\/wp\/v2\/users\/1"}],"replies":[{"embeddable":true,"href":"https:\/\/radiorevelacionfm.cl\/index.php?rest_route=%2Fwp%2Fv2%2Fcomments&post=28724"}],"version-history":[{"count":2,"href":"https:\/\/radiorevelacionfm.cl\/index.php?rest_route=\/wp\/v2\/posts\/28724\/revisions"}],"predecessor-version":[{"id":28728,"href":"https:\/\/radiorevelacionfm.cl\/index.php?rest_route=\/wp\/v2\/posts\/28724\/revisions\/28728"}],"wp:featuredmedia":[{"embeddable":true,"href":"https:\/\/radiorevelacionfm.cl\/index.php?rest_route=\/wp\/v2\/media\/28725"}],"wp:attachment":[{"href":"https:\/\/radiorevelacionfm.cl\/index.php?rest_route=%2Fwp%2Fv2%2Fmedia&parent=28724"}],"wp:term":[{"taxonomy":"category","embeddable":true,"href":"https:\/\/radiorevelacionfm.cl\/index.php?rest_route=%2Fwp%2Fv2%2Fcategories&post=28724"},{"taxonomy":"post_tag","embeddable":true,"href":"https:\/\/radiorevelacionfm.cl\/index.php?rest_route=%2Fwp%2Fv2%2Ftags&post=28724"}],"curies":[{"name":"wp","href":"https:\/\/api.w.org\/{rel}","templated":true}]}}