{"id":28720,"date":"2023-03-12T14:55:31","date_gmt":"2023-03-12T17:55:31","guid":{"rendered":"https:\/\/radiorevelacionfm.cl\/?p=28720"},"modified":"2023-03-12T14:55:31","modified_gmt":"2023-03-12T17:55:31","slug":"sandoval-se-reune-con-representantes-de-gremios-productivos-para-enfrentar-en-conjunto-problemas-en-materia-de-conectividad","status":"publish","type":"post","link":"https:\/\/radiorevelacionfm.cl\/?p=28720","title":{"rendered":"Sandoval se re\u00fane con representantes de gremios productivos para enfrentar en conjunto problemas en materia de conectividad"},"content":{"rendered":"<div class=\"flex_column av_one_full  flex_column_div av-zero-column-padding first  avia-builder-el-0  el_before_av_one_full  avia-builder-el-first  \" style='border-radius:0px; '><div  class='avia-image-container  av-styling-    avia-builder-el-1  avia-builder-el-no-sibling  avia-align-center '  itemprop=\"image\" itemscope=\"itemscope\" itemtype=\"https:\/\/schema.org\/ImageObject\"  ><div class='avia-image-container-inner'><div class='avia-image-overlay-wrap'><img decoding=\"async\" class='wp-image-28721 avia-img-lazy-loading-not-28721 avia_image' src=\"https:\/\/radiorevelacionfm.cl\/wp-content\/uploads\/2023\/03\/reunion-con-gremios-1_optimized.jpg\" alt='' title='reuni\u00f3n-con-gremios-(1)_optimized' height=\"600\" width=\"1067\"  itemprop=\"thumbnailUrl\" srcset=\"https:\/\/radiorevelacionfm.cl\/wp-content\/uploads\/2023\/03\/reunion-con-gremios-1_optimized.jpg 1067w, https:\/\/radiorevelacionfm.cl\/wp-content\/uploads\/2023\/03\/reunion-con-gremios-1_optimized-300x169.jpg 300w, https:\/\/radiorevelacionfm.cl\/wp-content\/uploads\/2023\/03\/reunion-con-gremios-1_optimized-1030x579.jpg 1030w, https:\/\/radiorevelacionfm.cl\/wp-content\/uploads\/2023\/03\/reunion-con-gremios-1_optimized-768x432.jpg 768w, https:\/\/radiorevelacionfm.cl\/wp-content\/uploads\/2023\/03\/reunion-con-gremios-1_optimized-705x396.jpg 705w, https:\/\/radiorevelacionfm.cl\/wp-content\/uploads\/2023\/03\/reunion-con-gremios-1_optimized-600x337.jpg 600w\" sizes=\"(max-width: 1067px) 100vw, 1067px\" \/><\/div><\/div><\/div><\/div><div class=\"flex_column av_one_full  flex_column_div av-zero-column-padding first  avia-builder-el-2  el_after_av_one_full  el_before_av_one_full  column-top-margin\" style='border-radius:0px; '><section class=\"av_textblock_section \"  itemscope=\"itemscope\" itemtype=\"https:\/\/schema.org\/BlogPosting\" itemprop=\"blogPost\" ><div class='avia_textblock  '   itemprop=\"text\" ><p style=\"text-align: center;\"><span style=\"font-size: 18pt;\"><strong>Sandoval se re\u00fane con representantes de gremios productivos para enfrentar en conjunto problemas en materia de conectividad <\/strong><\/span><\/p>\n<div id=\"gtx-trans\" style=\"position: absolute; left: -50px; top: 4.31534px;\">\n<div class=\"gtx-trans-icon\"><\/div>\n<\/div>\n<\/div><\/section><\/div><div class=\"flex_column av_one_full  flex_column_div av-zero-column-padding first  avia-builder-el-4  el_after_av_one_full  el_before_av_hr  column-top-margin\" style='border-radius:0px; '><section class=\"av_textblock_section \"  itemscope=\"itemscope\" itemtype=\"https:\/\/schema.org\/BlogPosting\" itemprop=\"blogPost\" ><div class='avia_textblock  '   itemprop=\"text\" ><p style=\"text-align: justify;\">Generar una voz com\u00fan, que permita enfrentar en conjunto los problemas de conectividad que se viven en la regi\u00f3n y las propuestas que en tal sentido se hacen necesarias plantear a las autoridades, fue el objetivo central de un encuentro convocado por el senador David Sandoval, que reuni\u00f3 a la presidenta de la C\u00e1mara de Comercio de Coyhaique, Daisy Mondelo; de la C\u00e1mara de Turismo, Benito Hernando y representantes del gremio de transporte camionero regional, Nelson Ram\u00edrez y Rodrigo Oyarz\u00fan.<\/p>\n<p style=\"text-align: justify;\">En la oportunidad, el parlamentario abord\u00f3 el desaf\u00edo que representa que la construcci\u00f3n de la ruta 7 sea asumida como un compromiso de Estado, tal como lo ratific\u00f3 el presidente Gabriel Boric en su \u00faltima visita a la regi\u00f3n en enero pasado, liberando as\u00ed a Ays\u00e9n de utilizar recursos del FNDR para la Carretera Austral. \u201cA partir del a\u00f1o 2024 la regi\u00f3n no tiene que poner un peso en ese tema. Eso significa que se liberar\u00e1n varios miles de millones de pesos, cuya idea es que se destinen al mejoramiento de los caminos de las redes regionales\u201d, precis\u00f3.<\/p>\n<p style=\"text-align: justify;\">Sin embargo, Sandoval indic\u00f3 que a\u00fan no se conocen detalles en profundidad del Plan de Conectividad anunciado a comienzos de a\u00f1o, llamando por lo mismo, a \u201cponer el acelerador, porque la regi\u00f3n no puede seguir transitando en esta precariedad; es la regi\u00f3n con los caminos m\u00e1s malos de Chile\u201d.<\/p>\n<p style=\"text-align: justify;\">Sobre la reuni\u00f3n, la presidenta de la C\u00e1mara de Comercio de Coyhaique, Daisy Mondelo, valor\u00f3 la relevancia de \u00e9sta, por la importancia de ser escuchados en este tema, recordando lo afectado que estuvieron como sector durante la pandemia. \u201cEstas reuniones, junto a otros gremios, son instancias que nos unen y podamos sacar una sola voz para transmitir a las autoridades nacionales esta demanda de conectividad\u201d, se\u00f1al\u00f3.<\/p>\n<p style=\"text-align: justify;\">Por su parte, Benito Hernando, presidente del gremio tur\u00edstico, hizo hincapi\u00e9 en la importancia del compromiso de Estado de la ruta 7, enfatizando que se trata de una importante noticia. \u201cPermitir\u00e1 que los actuales convenios de programaci\u00f3n, donde se utilizan fondos regionales, se van a liberar para destinarlos a otros requerimientos de inversi\u00f3n p\u00fablica\u201d, indic\u00f3, recalcando que de esta manera, el turismo se puede incorporar en sectores donde el acceso es dif\u00edcil.<\/p>\n<p style=\"text-align: justify;\">Finalmente, los representantes del rubro de transporte camionero, Nelson Ram\u00edrez y Rodrigo Oyarz\u00fan, coincidieron en la relevancia de poder generar estos espacios de di\u00e1logo. \u201cLo principal es unirnos como regi\u00f3n, tener una sola voz y poder llegar a todos lados. Todos estamos dispuestos porque luchar\u00edamos por la regi\u00f3n\u201d, se\u00f1al\u00f3 Ram\u00edrez, mientras Oyarzun dijo que la conectividad es una problem\u00e1tica que viene desde hace muchos a\u00f1os, valorando la iniciativa del senador Sandoval de convocar este encuentro. \u201cFundamental todas las personas que est\u00e1n aportando su granito de arena para llegar a un buen puerto\u201d, concluy\u00f3.<\/p>\n<\/div><\/section><\/div><div  style='height:50px' class='hr hr-invisible   avia-builder-el-6  el_after_av_one_full  el_before_av_social_share '><span class='hr-inner ' ><span class='hr-inner-style'><\/span><\/span><\/div><\/p>\n<div  class='av-social-sharing-box  avia-builder-el-7  el_after_av_hr  el_before_av_hr  '><div class='av-share-box'><h5 class='av-share-link-description av-no-toc '>Compartir esta noticia<\/h5><ul class='av-share-box-list noLightbox'><li class='av-share-link av-social-link-facebook' ><a target=\"_blank\" aria-label=\"Compartir en Facebook\" href='https:\/\/www.facebook.com\/sharer.php?u=https:\/\/radiorevelacionfm.cl\/?p=28720&#038;t=Sandoval%20se%20re%C3%BAne%20con%20representantes%20de%20gremios%20productivos%20para%20enfrentar%20en%20conjunto%20problemas%20en%20materia%20de%20conectividad' aria-hidden='false' data-av_icon='\ue8f3' data-av_iconfont='entypo-fontello' title='' data-avia-related-tooltip='Compartir en Facebook' rel=\"noopener\"><span class='avia_hidden_link_text'>Compartir en Facebook<\/span><\/a><\/li><li class='av-share-link av-social-link-twitter' ><a target=\"_blank\" aria-label=\"Compartir en Twitter\" href='https:\/\/twitter.com\/share?text=Sandoval%20se%20re%C3%BAne%20con%20representantes%20de%20gremios%20productivos%20para%20enfrentar%20en%20conjunto%20problemas%20en%20materia%20de%20conectividad&#038;url=https:\/\/radiorevelacionfm.cl\/?p=28720' aria-hidden='false' data-av_icon='\ue8f1' data-av_iconfont='entypo-fontello' title='' data-avia-related-tooltip='Compartir en Twitter' rel=\"noopener\"><span class='avia_hidden_link_text'>Compartir en Twitter<\/span><\/a><\/li><li class='av-share-link av-social-link-whatsapp' ><a target=\"_blank\" aria-label=\"Compartir en Whatsapp\" href='https:\/\/api.whatsapp.com\/send?text=https:\/\/radiorevelacionfm.cl\/?p=28720' aria-hidden='false' data-av_icon='\uf232' data-av_iconfont='entypo-fontello' title='' data-avia-related-tooltip='Compartir en Whatsapp' rel=\"noopener\"><span class='avia_hidden_link_text'>Compartir en Whatsapp<\/span><\/a><\/li><li class='av-share-link av-social-link-linkedin' ><a target=\"_blank\" aria-label=\"Compartir en LinkedIn\" href='https:\/\/linkedin.com\/shareArticle?mini=true&#038;title=Sandoval%20se%20re%C3%BAne%20con%20representantes%20de%20gremios%20productivos%20para%20enfrentar%20en%20conjunto%20problemas%20en%20materia%20de%20conectividad&#038;url=https:\/\/radiorevelacionfm.cl\/?p=28720' aria-hidden='false' data-av_icon='\ue8fc' data-av_iconfont='entypo-fontello' title='' data-avia-related-tooltip='Compartir en LinkedIn' rel=\"noopener\"><span class='avia_hidden_link_text'>Compartir en LinkedIn<\/span><\/a><\/li><li class='av-share-link av-social-link-mail' ><a  aria-label=\"Compartir por correo\" href='mailto:?subject=Sandoval%20se%20re%C3%BAne%20con%20representantes%20de%20gremios%20productivos%20para%20enfrentar%20en%20conjunto%20problemas%20en%20materia%20de%20conectividad&#038;body=https:\/\/radiorevelacionfm.cl\/?p=28720' aria-hidden='false' data-av_icon='\ue805' data-av_iconfont='entypo-fontello' title='' data-avia-related-tooltip='Compartir por correo'><span class='avia_hidden_link_text'>Compartir por correo<\/span><\/a><\/li><\/ul><\/div><\/div>\n<div  style='height:50px' class='hr hr-invisible   avia-builder-el-8  el_after_av_social_share  el_before_av_comments_list '><span class='hr-inner ' ><span class='hr-inner-style'><\/span><\/span><\/div>\n<div  class='av-buildercomment  av-blog-meta-html-info-disabled av-blog-meta-tag-disabled  '><\/div>\n","protected":false},"excerpt":{"rendered":"","protected":false},"author":1,"featured_media":28721,"comment_status":"open","ping_status":"open","sticky":false,"template":"","format":"standard","meta":{"footnotes":""},"categories":[35],"tags":[],"class_list":["post-28720","post","type-post","status-publish","format-standard","has-post-thumbnail","hentry","category-politica"],"jetpack_featured_media_url":"https:\/\/radiorevelacionfm.cl\/wp-content\/uploads\/2023\/03\/reunion-con-gremios-1_optimized.jpg","_links":{"self":[{"href":"https:\/\/radiorevelacionfm.cl\/index.php?rest_route=\/wp\/v2\/posts\/28720","targetHints":{"allow":["GET"]}}],"collection":[{"href":"https:\/\/radiorevelacionfm.cl\/index.php?rest_route=\/wp\/v2\/posts"}],"about":[{"href":"https:\/\/radiorevelacionfm.cl\/index.php?rest_route=\/wp\/v2\/types\/post"}],"author":[{"embeddable":true,"href":"https:\/\/radiorevelacionfm.cl\/index.php?rest_route=\/wp\/v2\/users\/1"}],"replies":[{"embeddable":true,"href":"https:\/\/radiorevelacionfm.cl\/index.php?rest_route=%2Fwp%2Fv2%2Fcomments&post=28720"}],"version-history":[{"count":2,"href":"https:\/\/radiorevelacionfm.cl\/index.php?rest_route=\/wp\/v2\/posts\/28720\/revisions"}],"predecessor-version":[{"id":28723,"href":"https:\/\/radiorevelacionfm.cl\/index.php?rest_route=\/wp\/v2\/posts\/28720\/revisions\/28723"}],"wp:featuredmedia":[{"embeddable":true,"href":"https:\/\/radiorevelacionfm.cl\/index.php?rest_route=\/wp\/v2\/media\/28721"}],"wp:attachment":[{"href":"https:\/\/radiorevelacionfm.cl\/index.php?rest_route=%2Fwp%2Fv2%2Fmedia&parent=28720"}],"wp:term":[{"taxonomy":"category","embeddable":true,"href":"https:\/\/radiorevelacionfm.cl\/index.php?rest_route=%2Fwp%2Fv2%2Fcategories&post=28720"},{"taxonomy":"post_tag","embeddable":true,"href":"https:\/\/radiorevelacionfm.cl\/index.php?rest_route=%2Fwp%2Fv2%2Ftags&post=28720"}],"curies":[{"name":"wp","href":"https:\/\/api.w.org\/{rel}","templated":true}]}}