{"id":28716,"date":"2023-03-12T10:56:12","date_gmt":"2023-03-12T13:56:12","guid":{"rendered":"https:\/\/radiorevelacionfm.cl\/?p=28716"},"modified":"2023-03-12T10:56:12","modified_gmt":"2023-03-12T13:56:12","slug":"comenzo-la-esperada-construccion-de-96-viviendas-para-familias-del-comite-proyecto-joven-de-balmaceda","status":"publish","type":"post","link":"https:\/\/radiorevelacionfm.cl\/?p=28716","title":{"rendered":"Comenz\u00f3 la esperada construcci\u00f3n de 96 viviendas para familias del comit\u00e9 \u201cProyecto Joven\u201d de Balmaceda"},"content":{"rendered":"<div class=\"flex_column av_one_full  flex_column_div av-zero-column-padding first  avia-builder-el-0  el_before_av_one_full  avia-builder-el-first  \" style='border-radius:0px; '><div  class='avia-image-container  av-styling-    avia-builder-el-1  avia-builder-el-no-sibling  avia-align-center '  itemprop=\"image\" itemscope=\"itemscope\" itemtype=\"https:\/\/schema.org\/ImageObject\"  ><div class='avia-image-container-inner'><div class='avia-image-overlay-wrap'><img decoding=\"async\" class='wp-image-28717 avia-img-lazy-loading-not-28717 avia_image' src=\"https:\/\/radiorevelacionfm.cl\/wp-content\/uploads\/2023\/03\/Foto-socios-firman-plano-que-se-adjunta-a-instalacion-de-la-primera-piedra-de-la-obra-1-1.jpg\" alt='' title='Foto socios firman plano que se adjunta a instalaci\u00f3n de la primera piedra de la obra (1) (1)' height=\"600\" width=\"800\"  itemprop=\"thumbnailUrl\" srcset=\"https:\/\/radiorevelacionfm.cl\/wp-content\/uploads\/2023\/03\/Foto-socios-firman-plano-que-se-adjunta-a-instalacion-de-la-primera-piedra-de-la-obra-1-1.jpg 800w, https:\/\/radiorevelacionfm.cl\/wp-content\/uploads\/2023\/03\/Foto-socios-firman-plano-que-se-adjunta-a-instalacion-de-la-primera-piedra-de-la-obra-1-1-300x225.jpg 300w, https:\/\/radiorevelacionfm.cl\/wp-content\/uploads\/2023\/03\/Foto-socios-firman-plano-que-se-adjunta-a-instalacion-de-la-primera-piedra-de-la-obra-1-1-768x576.jpg 768w, https:\/\/radiorevelacionfm.cl\/wp-content\/uploads\/2023\/03\/Foto-socios-firman-plano-que-se-adjunta-a-instalacion-de-la-primera-piedra-de-la-obra-1-1-705x529.jpg 705w, https:\/\/radiorevelacionfm.cl\/wp-content\/uploads\/2023\/03\/Foto-socios-firman-plano-que-se-adjunta-a-instalacion-de-la-primera-piedra-de-la-obra-1-1-600x450.jpg 600w\" sizes=\"(max-width: 800px) 100vw, 800px\" \/><\/div><\/div><\/div><\/div><div class=\"flex_column av_one_full  flex_column_div av-zero-column-padding first  avia-builder-el-2  el_after_av_one_full  el_before_av_one_full  column-top-margin\" style='border-radius:0px; '><section class=\"av_textblock_section \"  itemscope=\"itemscope\" itemtype=\"https:\/\/schema.org\/BlogPosting\" itemprop=\"blogPost\" ><div class='avia_textblock  '   itemprop=\"text\" ><p style=\"text-align: center;\"><span style=\"font-size: 18pt;\"><strong>Comenz\u00f3 la esperada construcci\u00f3n de 96 viviendas para familias del comit\u00e9 \u201cProyecto Joven\u201d de Balmaceda<\/strong><\/span><\/p>\n<div id=\"gtx-trans\" style=\"position: absolute; left: -50px; top: 4.31534px;\">\n<div class=\"gtx-trans-icon\"><\/div>\n<\/div>\n<\/div><\/section><\/div><div class=\"flex_column av_one_full  flex_column_div av-zero-column-padding first  avia-builder-el-4  el_after_av_one_full  el_before_av_hr  column-top-margin\" style='border-radius:0px; '><section class=\"av_textblock_section \"  itemscope=\"itemscope\" itemtype=\"https:\/\/schema.org\/BlogPosting\" itemprop=\"blogPost\" ><div class='avia_textblock  '   itemprop=\"text\" ><p style=\"text-align: justify;\">Un emotivo e hist\u00f3rico momento en sus vidas vivieron el pasado martes los 96 integrantes del comit\u00e9 \u201cProyecto Joven\u201d de Balmaceda, quienes junto a su Entidad Patrocinante, la empresa constructora y las m\u00e1ximas autoridades de la regi\u00f3n, colocaron la primera piedra y dieron as\u00ed la partida a las obras de construcci\u00f3n de su anhelado conjunto habitacional.<\/p>\n<p style=\"text-align: justify;\">\u00a0La actividad se desarroll\u00f3 en el terreno que comprende las manzanas 41, 44 y 47, frente al sector del aeropuerto, el cual fue traspasado por el Serviu regional para la materializaci\u00f3n del proyecto. All\u00ed cada socio del comit\u00e9 firm\u00f3 los planos que posteriormente fueron depositados en el mismo lugar en que las autoridades y dirigentes pusieron la primera piedra, acto que marca simb\u00f3licamente el inicio de las obras.<\/p>\n<p style=\"text-align: justify;\">Cabe consignar que el comit\u00e9 \u201cProyecto Joven\u201d de Balmaceda lleva varios a\u00f1os trabajando para lograr sus soluciones habitacionales, proceso en que son apoyados por el Ministerio de Vivienda y asesorados por la Consultora Cornejo y Alert limitada. La empresa Entre R\u00edos, en tanto, tendr\u00e1 la tarea de materializar las obras en un plazo de 500 d\u00edas corridos, por lo que se espera que los trabajos est\u00e9n finalizados en septiembre del pr\u00f3ximo a\u00f1o.<\/p>\n<p style=\"text-align: justify;\">Fue en ese contexto que la Seremi de Vivienda, Paulina Ruz, calific\u00f3 este hito como muy relevante para atender la necesidad de las familias y seguir avanzando en la meta regional del Plan de Emergencia Habitacional de construir mil 293 viviendas en el periodo de Gobierno, tarea que esperan superar con creces. \u201cPara ello tenemos varios proyectos en ejecuci\u00f3n, algunos de los cuales esperamos terminar pronto. En la comuna de Ays\u00e9n tenemos para entregar en el primer semestre alrededor de 350 soluciones habitacionales, pero tambi\u00e9n a trav\u00e9s del \u00faltimo llamado del programa Fondo Solidario de Elecci\u00f3n de Vivienda vamos a poder concretar el sue\u00f1o de la casa propia para estas 96 familias de Balmaceda, m\u00e1s 32 familias en La Junta y otras 60 en Puerto Chacabuco. Eso es solo en el \u00faltimo llamado del 2022, por lo tanto, esperamos que en este semestre y en los llamados que vienen podamos concretar el derecho a la vivienda digna para todas las ayseninas y ayseninos que nos necesiten\u201d, afirm\u00f3.<\/p>\n<p style=\"text-align: justify;\">Una de las m\u00e1s felices con el inicio de las obras fue la Presidenta del comit\u00e9 Proyecto Joven, Katherine Godoy, quien agradeci\u00f3 el apoyo recibido y destac\u00f3 el gran impacto que tendr\u00e1 esta soluci\u00f3n para cada uno de los integrantes del comit\u00e9. \u201cComo presidenta estoy orgullosa adem\u00e1s de mis socios porque llevar esto con 96 familias es dif\u00edcil, hay que considerar distintas realidades de las familias, pero en este momento estoy feliz, tengo mucha emoci\u00f3n porque s\u00e9 que ellos van a tener un hogar digno. Tengo un adulto mayor que est\u00e1 con discapacidad, con problemas, y pensar que el pr\u00f3ximo a\u00f1o si Dios quiere tendr\u00e1 su vivienda es algo que me enorgullece mucho. Estoy contenta, feliz de ser la presidenta de este comit\u00e9\u201d, manifest\u00f3.<\/p>\n<p style=\"text-align: justify;\">El Delegado Presidencial Regional, Rodrigo Araya, indic\u00f3 que se trata de una obra que no solo tiene un tremendo impacto para las familias, sino tambi\u00e9n para la comunidad de Balmaceda en general, donde hay que asumir nuevos desaf\u00edos en materia de habitabilidad para atender las necesidades que van surgiendo. \u201cJusto convers\u00e1bamos con las vecinas y vecinos que hay tremendos desaf\u00edos, que es c\u00f3mo avanzamos tambi\u00e9n en la mejora de la urbanizaci\u00f3n, de la conectividad y c\u00f3mo tenemos que garantizar la calidad de vida de las personas que van a vivir ac\u00e1, en t\u00e9rminos de salud, en t\u00e9rminos de seguridad, educaci\u00f3n, jard\u00edn infantil, colegio, escuela, acceso a espacios de deportes, en fin. Tambi\u00e9n tenemos por delante la ampliaci\u00f3n del nuevo aeropuerto, entonces tenemos un pueblo que en esta d\u00e9cada va a tener un progreso muy significativo y para nuestro Gobierno el mandato es trabajar en una mejor calidad de vida y tener viviendas disponibles para todos los territorios, y evidentemente queremos concretar eso lo mejor posible y con la calidad adecuada\u201d, acot\u00f3.<\/p>\n<p style=\"text-align: justify;\">\u00a0El proyecto de construcci\u00f3n de las 96 viviendas para el comit\u00e9 Proyecto Joven de Balmaceda implica una inversi\u00f3n que supera los 8 mil 100 millones de pesos, considerando recursos del Minvu y el ahorro de los mismos vecinos, con lo que se edificar\u00e1n 93 viviendas de 50, 4 metros cuadrados y 3 viviendas de 64, 7 metros cuadrados, considerando adem\u00e1s un sector de equipamiento, \u00e1reas verdes y obras complementarias que garantizar\u00e1n la seguridad, el bienestar y una mejor calidad de vida para los futuros propietarios.<\/p>\n<\/div><\/section><\/div><div  style='height:50px' class='hr hr-invisible   avia-builder-el-6  el_after_av_one_full  el_before_av_social_share '><span class='hr-inner ' ><span class='hr-inner-style'><\/span><\/span><\/div><\/p>\n<div  class='av-social-sharing-box  avia-builder-el-7  el_after_av_hr  el_before_av_hr  '><div class='av-share-box'><h5 class='av-share-link-description av-no-toc '>Compartir esta noticia<\/h5><ul class='av-share-box-list noLightbox'><li class='av-share-link av-social-link-facebook' ><a target=\"_blank\" aria-label=\"Compartir en Facebook\" href='https:\/\/www.facebook.com\/sharer.php?u=https:\/\/radiorevelacionfm.cl\/?p=28716&#038;t=Comenz%C3%B3%20la%20esperada%20construcci%C3%B3n%20de%2096%20viviendas%20para%20familias%20del%20comit%C3%A9%20%E2%80%9CProyecto%20Joven%E2%80%9D%20de%20Balmaceda' aria-hidden='false' data-av_icon='\ue8f3' data-av_iconfont='entypo-fontello' title='' data-avia-related-tooltip='Compartir en Facebook' rel=\"noopener\"><span class='avia_hidden_link_text'>Compartir en Facebook<\/span><\/a><\/li><li class='av-share-link av-social-link-twitter' ><a target=\"_blank\" aria-label=\"Compartir en Twitter\" href='https:\/\/twitter.com\/share?text=Comenz%C3%B3%20la%20esperada%20construcci%C3%B3n%20de%2096%20viviendas%20para%20familias%20del%20comit%C3%A9%20%E2%80%9CProyecto%20Joven%E2%80%9D%20de%20Balmaceda&#038;url=https:\/\/radiorevelacionfm.cl\/?p=28716' aria-hidden='false' data-av_icon='\ue8f1' data-av_iconfont='entypo-fontello' title='' data-avia-related-tooltip='Compartir en Twitter' rel=\"noopener\"><span class='avia_hidden_link_text'>Compartir en Twitter<\/span><\/a><\/li><li class='av-share-link av-social-link-whatsapp' ><a target=\"_blank\" aria-label=\"Compartir en Whatsapp\" href='https:\/\/api.whatsapp.com\/send?text=https:\/\/radiorevelacionfm.cl\/?p=28716' aria-hidden='false' data-av_icon='\uf232' data-av_iconfont='entypo-fontello' title='' data-avia-related-tooltip='Compartir en Whatsapp' rel=\"noopener\"><span class='avia_hidden_link_text'>Compartir en Whatsapp<\/span><\/a><\/li><li class='av-share-link av-social-link-linkedin' ><a target=\"_blank\" aria-label=\"Compartir en LinkedIn\" href='https:\/\/linkedin.com\/shareArticle?mini=true&#038;title=Comenz%C3%B3%20la%20esperada%20construcci%C3%B3n%20de%2096%20viviendas%20para%20familias%20del%20comit%C3%A9%20%E2%80%9CProyecto%20Joven%E2%80%9D%20de%20Balmaceda&#038;url=https:\/\/radiorevelacionfm.cl\/?p=28716' aria-hidden='false' data-av_icon='\ue8fc' data-av_iconfont='entypo-fontello' title='' data-avia-related-tooltip='Compartir en LinkedIn' rel=\"noopener\"><span class='avia_hidden_link_text'>Compartir en LinkedIn<\/span><\/a><\/li><li class='av-share-link av-social-link-mail' ><a  aria-label=\"Compartir por correo\" href='mailto:?subject=Comenz%C3%B3%20la%20esperada%20construcci%C3%B3n%20de%2096%20viviendas%20para%20familias%20del%20comit%C3%A9%20%E2%80%9CProyecto%20Joven%E2%80%9D%20de%20Balmaceda&#038;body=https:\/\/radiorevelacionfm.cl\/?p=28716' aria-hidden='false' data-av_icon='\ue805' data-av_iconfont='entypo-fontello' title='' data-avia-related-tooltip='Compartir por correo'><span class='avia_hidden_link_text'>Compartir por correo<\/span><\/a><\/li><\/ul><\/div><\/div>\n<div  style='height:50px' class='hr hr-invisible   avia-builder-el-8  el_after_av_social_share  el_before_av_comments_list '><span class='hr-inner ' ><span class='hr-inner-style'><\/span><\/span><\/div>\n<div  class='av-buildercomment  av-blog-meta-html-info-disabled av-blog-meta-tag-disabled  '><\/div>\n","protected":false},"excerpt":{"rendered":"","protected":false},"author":1,"featured_media":28717,"comment_status":"open","ping_status":"open","sticky":false,"template":"","format":"standard","meta":{"footnotes":""},"categories":[57],"tags":[],"class_list":["post-28716","post","type-post","status-publish","format-standard","has-post-thumbnail","hentry","category-vivienda"],"jetpack_featured_media_url":"https:\/\/radiorevelacionfm.cl\/wp-content\/uploads\/2023\/03\/Foto-socios-firman-plano-que-se-adjunta-a-instalacion-de-la-primera-piedra-de-la-obra-1-1.jpg","_links":{"self":[{"href":"https:\/\/radiorevelacionfm.cl\/index.php?rest_route=\/wp\/v2\/posts\/28716","targetHints":{"allow":["GET"]}}],"collection":[{"href":"https:\/\/radiorevelacionfm.cl\/index.php?rest_route=\/wp\/v2\/posts"}],"about":[{"href":"https:\/\/radiorevelacionfm.cl\/index.php?rest_route=\/wp\/v2\/types\/post"}],"author":[{"embeddable":true,"href":"https:\/\/radiorevelacionfm.cl\/index.php?rest_route=\/wp\/v2\/users\/1"}],"replies":[{"embeddable":true,"href":"https:\/\/radiorevelacionfm.cl\/index.php?rest_route=%2Fwp%2Fv2%2Fcomments&post=28716"}],"version-history":[{"count":2,"href":"https:\/\/radiorevelacionfm.cl\/index.php?rest_route=\/wp\/v2\/posts\/28716\/revisions"}],"predecessor-version":[{"id":28719,"href":"https:\/\/radiorevelacionfm.cl\/index.php?rest_route=\/wp\/v2\/posts\/28716\/revisions\/28719"}],"wp:featuredmedia":[{"embeddable":true,"href":"https:\/\/radiorevelacionfm.cl\/index.php?rest_route=\/wp\/v2\/media\/28717"}],"wp:attachment":[{"href":"https:\/\/radiorevelacionfm.cl\/index.php?rest_route=%2Fwp%2Fv2%2Fmedia&parent=28716"}],"wp:term":[{"taxonomy":"category","embeddable":true,"href":"https:\/\/radiorevelacionfm.cl\/index.php?rest_route=%2Fwp%2Fv2%2Fcategories&post=28716"},{"taxonomy":"post_tag","embeddable":true,"href":"https:\/\/radiorevelacionfm.cl\/index.php?rest_route=%2Fwp%2Fv2%2Ftags&post=28716"}],"curies":[{"name":"wp","href":"https:\/\/api.w.org\/{rel}","templated":true}]}}