{"id":2871,"date":"2021-02-22T18:37:05","date_gmt":"2021-02-22T21:37:05","guid":{"rendered":"https:\/\/radiorevelacionfm.cl\/?p=2871"},"modified":"2021-02-22T18:37:05","modified_gmt":"2021-02-22T21:37:05","slug":"corfo-abre-nuevo-programa-de-apoyo-para-las-industrias-creativas","status":"publish","type":"post","link":"https:\/\/radiorevelacionfm.cl\/?p=2871","title":{"rendered":"Corfo abre nuevo programa de apoyo para las Industrias Creativas"},"content":{"rendered":"<div class=\"flex_column av_one_full  flex_column_div av-zero-column-padding first  avia-builder-el-0  el_before_av_one_full  avia-builder-el-first  \" style='border-radius:0px; '><div  class='avia-image-container  av-styling-    avia-builder-el-1  avia-builder-el-no-sibling  avia-align-center '  itemprop=\"image\" itemscope=\"itemscope\" itemtype=\"https:\/\/schema.org\/ImageObject\"  ><div class='avia-image-container-inner'><div class='avia-image-overlay-wrap'><img decoding=\"async\" class='wp-image-0 avia-img-lazy-loading-not-0 avia_image' src=\"https:\/\/radiorevelacionfm.cl\/wp-content\/uploads\/2021\/02\/05-IC-1.jpg\" alt='' title=''   itemprop=\"thumbnailUrl\"  \/><\/div><\/div><\/div><\/div><div class=\"flex_column av_one_full  flex_column_div av-zero-column-padding first  avia-builder-el-2  el_after_av_one_full  el_before_av_one_full  column-top-margin\" style='border-radius:0px; '><section class=\"av_textblock_section \"  itemscope=\"itemscope\" itemtype=\"https:\/\/schema.org\/BlogPosting\" itemprop=\"blogPost\" ><div class='avia_textblock  '   itemprop=\"text\" ><p style=\"text-align: center;\"><span style=\"font-size: 18pt;\"><strong>Corfo abre nuevo programa de apoyo para las Industrias Creativas <\/strong><\/span><\/p>\n<div id=\"gtx-trans\" style=\"position: absolute; left: -50px; top: 4.31534px;\">\n<div class=\"gtx-trans-icon\"><\/div>\n<\/div>\n<\/div><\/section><\/div><div class=\"flex_column av_one_full  flex_column_div av-zero-column-padding first  avia-builder-el-4  el_after_av_one_full  el_before_av_hr  column-top-margin\" style='border-radius:0px; '><section class=\"av_textblock_section \"  itemscope=\"itemscope\" itemtype=\"https:\/\/schema.org\/BlogPosting\" itemprop=\"blogPost\" ><div class='avia_textblock  '   itemprop=\"text\" ><p style=\"text-align: justify;\"><em>Se trata del PAR \u201cImpulsa Industrias Creativas\u201d, convocatoria que ir\u00e1 en apoyo para la reactivaci\u00f3n y recuperaci\u00f3n de este sector que ha sido golpeado por la crisis sanitaria.<\/em><\/p>\n<p style=\"text-align: justify;\">Corfo abrir\u00e1 este martes a las 15:00 horas el Programa de Apoyo a la Reactivaci\u00f3n (PAR) \u201cImpulsa Industrias Creativas 2021\u201d, el que que involucrar\u00e1 un fondo de 100 millones de pesos para ir en apoyo de este sector y beneficiar a micro y peque\u00f1as empresas del sector creativo, de la regi\u00f3n de Ays\u00e9n.<\/p>\n<p style=\"text-align: justify;\">Omar Mu\u00f1oz Sierra, director de Corfo Ays\u00e9n, detall\u00f3 la relevancia de este sector productivo. \u201cLas industrias creativas son un aporte concreto a las econom\u00edas locales, al fortalecimiento del capital humano avanzado, y a la diversificaci\u00f3n de la matriz productiva, atributos que la posicionan como un sector relevante para la econom\u00eda y para Corfo. Esperamos que este programa permita aliviar parte del da\u00f1o que les ha generado la pandemia y que poco a poco, avancen en su reactivaci\u00f3n econ\u00f3mica, pues son un sector estrat\u00e9gico dado su aporte permanente en la cultura, informaci\u00f3n y entretenci\u00f3n de miles de personas, de todo nuestro territorio\u201d.<\/p>\n<p style=\"text-align: justify;\">Por su parte la seremi de las Culturas Ver\u00f3nica D\u00edaz, se refiri\u00f3 a este nuevo instrumento indicando que \u201cesta es una nueva alternativa de financiamiento para un \u00e1rea que fue y sigue siendo muy afectada por la contingencia sanitaria. Estos recursos sumados a los que tiene nuestro ministerio son sin duda un aporte complementario important\u00edsimo a los creadores y creadoras regionales, por lo que los invitamos a consultar y participar de la convocatoria\u201d.<\/p>\n<p style=\"text-align: justify;\"><strong>PROGRAMA<\/strong><\/p>\n<p style=\"text-align: justify;\">Las postulaciones deber\u00e1n ser iniciativas individuales, de micro, peque\u00f1as y medianas empresas que desarrollen actividades vinculadas al rubro de las industrias creativas en un territorio determinado.<\/p>\n<p style=\"text-align: justify;\">Los beneficiarios de este nuevo programa podr\u00e1n ser contribuyentes con inicio de actividades en rubros relacionados con el sector de las Industrias Creativas, quienes podr\u00e1n optar a los siguientes financiamientos:<\/p>\n<ul style=\"text-align: justify;\">\n<li>Hasta un 70% del costo total del proyecto, con un tope de $3.000.000 de subsidio, para quienes registren ventas netas anuales hasta 25.000 Unidades de Fomento<\/li>\n<li>Hasta un 60% del costo total del proyecto, con un tope de $4.000.000 de subsidio, a los contribuyentes que registren ventas netas anuales superiores a 25.000 Unidades de Fomento e inferiores a 50.000 Unidades de Fomento.<\/li>\n<li>Y hasta un 50% del costo total del proyecto, con un tope de MM$5, para los contribuyentes con ventas entre las 50.000 y 100.000 Unidades de Fomento de ventas.<\/li>\n<\/ul>\n<p style=\"text-align: justify;\">Podr\u00e1n postular a esta convocatoria, mipymes vinculadas a cincuenta rubros del sector de las Industrias Creativas, entre ellos: Impresi\u00f3n de libros; Venta de libros; Venta de grabaciones de m\u00fasica y de video en comercios especializados; Actividades de distribuci\u00f3n de pel\u00edculas cinematogr\u00e1ficas, videos y programas de televisi\u00f3n; Servicios de publicidad prestados por empresas; Fundaciones y corporaciones; asociaciones que promueven actividades culturales o recreativas, entre otras actividades.<\/p>\n<p style=\"text-align: justify;\">El plazo de ejecuci\u00f3n de un proyecto ser\u00e1 de hasta 4 meses, prorrogables hasta por 2 meses m\u00e1s.<\/p>\n<p style=\"text-align: justify;\">La informaci\u00f3n de la convocatoria, sus bases y postulaci\u00f3n, est\u00e1n disponibles en <a href=\"http:\/\/www.corfo.cl\">www.corfo.cl<\/a> M\u00e1s informaci\u00f3n llamar al 67245150 &#8211; 67245151 o escribir a <a href=\"mailto:oficinapartesaysen@corfo.cl\">oficinapartesaysen@corfo.cl<\/a><\/p>\n<\/div><\/section><\/div><div  style='height:50px' class='hr hr-invisible   avia-builder-el-6  el_after_av_one_full  el_before_av_social_share '><span class='hr-inner ' ><span class='hr-inner-style'><\/span><\/span><\/div><\/p>\n<div  class='av-social-sharing-box  avia-builder-el-7  el_after_av_hr  el_before_av_hr  '><div class='av-share-box'><h5 class='av-share-link-description av-no-toc '>Compartir esta noticia<\/h5><ul class='av-share-box-list noLightbox'><li class='av-share-link av-social-link-facebook' ><a target=\"_blank\" aria-label=\"Compartir en Facebook\" href='https:\/\/www.facebook.com\/sharer.php?u=https:\/\/radiorevelacionfm.cl\/?p=2871&#038;t=Corfo%20abre%20nuevo%20programa%20de%20apoyo%20para%20las%20Industrias%20Creativas' aria-hidden='false' data-av_icon='\ue8f3' data-av_iconfont='entypo-fontello' title='' data-avia-related-tooltip='Compartir en Facebook' rel=\"noopener\"><span class='avia_hidden_link_text'>Compartir en Facebook<\/span><\/a><\/li><li class='av-share-link av-social-link-twitter' ><a target=\"_blank\" aria-label=\"Compartir en Twitter\" href='https:\/\/twitter.com\/share?text=Corfo%20abre%20nuevo%20programa%20de%20apoyo%20para%20las%20Industrias%20Creativas&#038;url=https:\/\/radiorevelacionfm.cl\/?p=2871' aria-hidden='false' data-av_icon='\ue8f1' data-av_iconfont='entypo-fontello' title='' data-avia-related-tooltip='Compartir en Twitter' rel=\"noopener\"><span class='avia_hidden_link_text'>Compartir en Twitter<\/span><\/a><\/li><li class='av-share-link av-social-link-whatsapp' ><a target=\"_blank\" aria-label=\"Compartir en Whatsapp\" href='https:\/\/api.whatsapp.com\/send?text=https:\/\/radiorevelacionfm.cl\/?p=2871' aria-hidden='false' data-av_icon='\uf232' data-av_iconfont='entypo-fontello' title='' data-avia-related-tooltip='Compartir en Whatsapp' rel=\"noopener\"><span class='avia_hidden_link_text'>Compartir en Whatsapp<\/span><\/a><\/li><li class='av-share-link av-social-link-linkedin' ><a target=\"_blank\" aria-label=\"Compartir en LinkedIn\" href='https:\/\/linkedin.com\/shareArticle?mini=true&#038;title=Corfo%20abre%20nuevo%20programa%20de%20apoyo%20para%20las%20Industrias%20Creativas&#038;url=https:\/\/radiorevelacionfm.cl\/?p=2871' aria-hidden='false' data-av_icon='\ue8fc' data-av_iconfont='entypo-fontello' title='' data-avia-related-tooltip='Compartir en LinkedIn' rel=\"noopener\"><span class='avia_hidden_link_text'>Compartir en LinkedIn<\/span><\/a><\/li><li class='av-share-link av-social-link-mail' ><a  aria-label=\"Compartir por correo\" href='mailto:?subject=Corfo%20abre%20nuevo%20programa%20de%20apoyo%20para%20las%20Industrias%20Creativas&#038;body=https:\/\/radiorevelacionfm.cl\/?p=2871' aria-hidden='false' data-av_icon='\ue805' data-av_iconfont='entypo-fontello' title='' data-avia-related-tooltip='Compartir por correo'><span class='avia_hidden_link_text'>Compartir por correo<\/span><\/a><\/li><\/ul><\/div><\/div>\n<div  style='height:50px' class='hr hr-invisible   avia-builder-el-8  el_after_av_social_share  el_before_av_comments_list '><span class='hr-inner ' ><span class='hr-inner-style'><\/span><\/span><\/div>\n<div  class='av-buildercomment  av-blog-meta-html-info-disabled av-blog-meta-tag-disabled  '><\/div>\n","protected":false},"excerpt":{"rendered":"","protected":false},"author":1,"featured_media":0,"comment_status":"open","ping_status":"open","sticky":false,"template":"","format":"standard","meta":{"footnotes":""},"categories":[38],"tags":[],"class_list":["post-2871","post","type-post","status-publish","format-standard","hentry","category-regional"],"jetpack_featured_media_url":"","_links":{"self":[{"href":"https:\/\/radiorevelacionfm.cl\/index.php?rest_route=\/wp\/v2\/posts\/2871","targetHints":{"allow":["GET"]}}],"collection":[{"href":"https:\/\/radiorevelacionfm.cl\/index.php?rest_route=\/wp\/v2\/posts"}],"about":[{"href":"https:\/\/radiorevelacionfm.cl\/index.php?rest_route=\/wp\/v2\/types\/post"}],"author":[{"embeddable":true,"href":"https:\/\/radiorevelacionfm.cl\/index.php?rest_route=\/wp\/v2\/users\/1"}],"replies":[{"embeddable":true,"href":"https:\/\/radiorevelacionfm.cl\/index.php?rest_route=%2Fwp%2Fv2%2Fcomments&post=2871"}],"version-history":[{"count":1,"href":"https:\/\/radiorevelacionfm.cl\/index.php?rest_route=\/wp\/v2\/posts\/2871\/revisions"}],"predecessor-version":[{"id":2875,"href":"https:\/\/radiorevelacionfm.cl\/index.php?rest_route=\/wp\/v2\/posts\/2871\/revisions\/2875"}],"wp:attachment":[{"href":"https:\/\/radiorevelacionfm.cl\/index.php?rest_route=%2Fwp%2Fv2%2Fmedia&parent=2871"}],"wp:term":[{"taxonomy":"category","embeddable":true,"href":"https:\/\/radiorevelacionfm.cl\/index.php?rest_route=%2Fwp%2Fv2%2Fcategories&post=2871"},{"taxonomy":"post_tag","embeddable":true,"href":"https:\/\/radiorevelacionfm.cl\/index.php?rest_route=%2Fwp%2Fv2%2Ftags&post=2871"}],"curies":[{"name":"wp","href":"https:\/\/api.w.org\/{rel}","templated":true}]}}