{"id":28709,"date":"2023-03-11T12:19:30","date_gmt":"2023-03-11T15:19:30","guid":{"rendered":"https:\/\/radiorevelacionfm.cl\/?p=28709"},"modified":"2023-03-11T12:19:30","modified_gmt":"2023-03-11T15:19:30","slug":"mujeres-empresarias-de-aysen-participaron-en-conversatorio-con-miras-a-la-exportacion","status":"publish","type":"post","link":"https:\/\/radiorevelacionfm.cl\/?p=28709","title":{"rendered":"Mujeres empresarias de Ays\u00e9n participaron en conversatorio con miras a la exportaci\u00f3n"},"content":{"rendered":"<div class=\"flex_column av_one_full  flex_column_div av-zero-column-padding first  avia-builder-el-0  el_before_av_one_full  avia-builder-el-first  \" style='border-radius:0px; '><div  class='avia-image-container  av-styling-    avia-builder-el-1  avia-builder-el-no-sibling  avia-align-center '  itemprop=\"image\" itemscope=\"itemscope\" itemtype=\"https:\/\/schema.org\/ImageObject\"  ><div class='avia-image-container-inner'><div class='avia-image-overlay-wrap'><img decoding=\"async\" class='wp-image-28710 avia-img-lazy-loading-not-28710 avia_image' src=\"https:\/\/radiorevelacionfm.cl\/wp-content\/uploads\/2023\/03\/686f6aff-a979-4f35-95bd-029d4047eaa9-2_optimized.jpg\" alt='' title='686f6aff-a979-4f35-95bd-029d4047eaa9-(2)_optimized' height=\"600\" width=\"918\"  itemprop=\"thumbnailUrl\" srcset=\"https:\/\/radiorevelacionfm.cl\/wp-content\/uploads\/2023\/03\/686f6aff-a979-4f35-95bd-029d4047eaa9-2_optimized.jpg 918w, https:\/\/radiorevelacionfm.cl\/wp-content\/uploads\/2023\/03\/686f6aff-a979-4f35-95bd-029d4047eaa9-2_optimized-300x196.jpg 300w, https:\/\/radiorevelacionfm.cl\/wp-content\/uploads\/2023\/03\/686f6aff-a979-4f35-95bd-029d4047eaa9-2_optimized-768x502.jpg 768w, https:\/\/radiorevelacionfm.cl\/wp-content\/uploads\/2023\/03\/686f6aff-a979-4f35-95bd-029d4047eaa9-2_optimized-705x461.jpg 705w, https:\/\/radiorevelacionfm.cl\/wp-content\/uploads\/2023\/03\/686f6aff-a979-4f35-95bd-029d4047eaa9-2_optimized-600x392.jpg 600w\" sizes=\"(max-width: 918px) 100vw, 918px\" \/><\/div><\/div><\/div><\/div><div class=\"flex_column av_one_full  flex_column_div av-zero-column-padding first  avia-builder-el-2  el_after_av_one_full  el_before_av_one_full  column-top-margin\" style='border-radius:0px; '><section class=\"av_textblock_section \"  itemscope=\"itemscope\" itemtype=\"https:\/\/schema.org\/BlogPosting\" itemprop=\"blogPost\" ><div class='avia_textblock  '   itemprop=\"text\" ><p style=\"text-align: center;\"><strong><span style=\"font-size: 18pt;\">Mujeres empresarias de Ays\u00e9n participaron en conversatorio con miras a la exportaci\u00f3n<\/span><\/strong><\/p>\n<div id=\"gtx-trans\" style=\"position: absolute; left: -50px; top: 4.31534px;\">\n<div class=\"gtx-trans-icon\"><\/div>\n<\/div>\n<\/div><\/section><\/div><div class=\"flex_column av_one_full  flex_column_div av-zero-column-padding first  avia-builder-el-4  el_after_av_one_full  el_before_av_hr  column-top-margin\" style='border-radius:0px; '><section class=\"av_textblock_section \"  itemscope=\"itemscope\" itemtype=\"https:\/\/schema.org\/BlogPosting\" itemprop=\"blogPost\" ><div class='avia_textblock  '   itemprop=\"text\" ><p style=\"text-align: justify;\">Mujeres empresarias de distintos sectores productivos de la regi\u00f3n participaron en un conversatorio en el marco del \u201cD\u00eda Internacional de la Mujer\u201d, en una actividad organizada por el Centro de Negocios Sercotec de Puerto Ays\u00e9n y la Direcci\u00f3n Regional de ProChile.<\/p>\n<p style=\"text-align: justify;\">La actividad tuvo como objetivo fortalecer las redes de trabajo entre mujeres empresarias e impulsar las exportaciones para aquellos productos y servicios que tienen demanda en el extranjero.<\/p>\n<p style=\"text-align: justify;\">La actividad realizada en el Centro de Negocios cont\u00f3 con la presencia de la Directora Regional de Sercotec, Nelly Vargas, y el Director Regional de ProChile en Ays\u00e9n, Jaime Poblete.<\/p>\n<p style=\"text-align: justify;\">Las expositoras fueron las empresarias Paulina Retamal y Emilia Lagos, socias de Friendly Wood, una empresa Pyme de la regi\u00f3n, que surgi\u00f3 como el anhelo de un grupo de mujeres decididas a rescatar econom\u00edas locales asociadas a pr\u00e1cticas tradicionales ovejeras. Entre las tem\u00e1ticas expuestas estuvieron las principales dificultades que se presentan en la exportaci\u00f3n, la importancia de buscar nuevos mercados y conocer las tendencias, certificaciones y disposiciones legales de otros pa\u00edses.<\/p>\n<p style=\"text-align: justify;\">La directora regional de Sercotec Ays\u00e9n, Nelly Vargas, destac\u00f3 que el apoyo al emprendimiento femenino es uno de los ejes de acci\u00f3n de Sercotec que tiene a trav\u00e9s de la agenda de g\u00e9nero renovada, que busca fortalecer el rol clave que tienen las mujeres en la econom\u00eda. \u201cDurante nuestra gesti\u00f3n en el 2022 Sercotec a nivel regional tuvo una participaci\u00f3n del 64 % de mujeres en nuestro programas concursables y trav\u00e9s de los diversos programas la Instituci\u00f3n constata el inter\u00e9s que tienen las mujeres del pa\u00eds por emprender, hacer crecer sus negocios y capacitarse\u201d. La autoridad a\u00f1adi\u00f3 que \u201ccomo instituci\u00f3n queremos aportar a que las empresarias crezcan y tengan independencia econ\u00f3mica y avancen a trav\u00e9s de nuevas herramientas\u201d.<\/p>\n<p style=\"text-align: justify;\">Jaime Poblete, director regional de ProChile Ays\u00e9n, explic\u00f3 que \u201ctenemos como objetivo generar un comercio internacional m\u00e1s justo e inclusivo y uno de nuestros principales focos estrat\u00e9gicos es el empoderamiento econ\u00f3mico femenino en el \u00e1mbito exportador\u201d.<\/p>\n<p style=\"text-align: justify;\">Destac\u00f3 que la regi\u00f3n de Ays\u00e9n \u201ctiene un n\u00famero importante de mujeres empresarias de sectores tan diversos como los jugos naturales, la miel, las artesan\u00edas y la lana ovina, que se han destacado por la innovaci\u00f3n de sus emprendimientos, agregando valor a productos locales para colocarlos en mercados externos\u201d.<\/p>\n<\/div><\/section><\/div><div  style='height:50px' class='hr hr-invisible   avia-builder-el-6  el_after_av_one_full  el_before_av_social_share '><span class='hr-inner ' ><span class='hr-inner-style'><\/span><\/span><\/div><\/p>\n<div  class='av-social-sharing-box  avia-builder-el-7  el_after_av_hr  el_before_av_hr  '><div class='av-share-box'><h5 class='av-share-link-description av-no-toc '>Compartir esta noticia<\/h5><ul class='av-share-box-list noLightbox'><li class='av-share-link av-social-link-facebook' ><a target=\"_blank\" aria-label=\"Compartir en Facebook\" href='https:\/\/www.facebook.com\/sharer.php?u=https:\/\/radiorevelacionfm.cl\/?p=28709&#038;t=Mujeres%20empresarias%20de%20Ays%C3%A9n%20participaron%20en%20conversatorio%20con%20miras%20a%20la%20exportaci%C3%B3n' aria-hidden='false' data-av_icon='\ue8f3' data-av_iconfont='entypo-fontello' title='' data-avia-related-tooltip='Compartir en Facebook' rel=\"noopener\"><span class='avia_hidden_link_text'>Compartir en Facebook<\/span><\/a><\/li><li class='av-share-link av-social-link-twitter' ><a target=\"_blank\" aria-label=\"Compartir en Twitter\" href='https:\/\/twitter.com\/share?text=Mujeres%20empresarias%20de%20Ays%C3%A9n%20participaron%20en%20conversatorio%20con%20miras%20a%20la%20exportaci%C3%B3n&#038;url=https:\/\/radiorevelacionfm.cl\/?p=28709' aria-hidden='false' data-av_icon='\ue8f1' data-av_iconfont='entypo-fontello' title='' data-avia-related-tooltip='Compartir en Twitter' rel=\"noopener\"><span class='avia_hidden_link_text'>Compartir en Twitter<\/span><\/a><\/li><li class='av-share-link av-social-link-whatsapp' ><a target=\"_blank\" aria-label=\"Compartir en Whatsapp\" href='https:\/\/api.whatsapp.com\/send?text=https:\/\/radiorevelacionfm.cl\/?p=28709' aria-hidden='false' data-av_icon='\uf232' data-av_iconfont='entypo-fontello' title='' data-avia-related-tooltip='Compartir en Whatsapp' rel=\"noopener\"><span class='avia_hidden_link_text'>Compartir en Whatsapp<\/span><\/a><\/li><li class='av-share-link av-social-link-linkedin' ><a target=\"_blank\" aria-label=\"Compartir en LinkedIn\" href='https:\/\/linkedin.com\/shareArticle?mini=true&#038;title=Mujeres%20empresarias%20de%20Ays%C3%A9n%20participaron%20en%20conversatorio%20con%20miras%20a%20la%20exportaci%C3%B3n&#038;url=https:\/\/radiorevelacionfm.cl\/?p=28709' aria-hidden='false' data-av_icon='\ue8fc' data-av_iconfont='entypo-fontello' title='' data-avia-related-tooltip='Compartir en LinkedIn' rel=\"noopener\"><span class='avia_hidden_link_text'>Compartir en LinkedIn<\/span><\/a><\/li><li class='av-share-link av-social-link-mail' ><a  aria-label=\"Compartir por correo\" href='mailto:?subject=Mujeres%20empresarias%20de%20Ays%C3%A9n%20participaron%20en%20conversatorio%20con%20miras%20a%20la%20exportaci%C3%B3n&#038;body=https:\/\/radiorevelacionfm.cl\/?p=28709' aria-hidden='false' data-av_icon='\ue805' data-av_iconfont='entypo-fontello' title='' data-avia-related-tooltip='Compartir por correo'><span class='avia_hidden_link_text'>Compartir por correo<\/span><\/a><\/li><\/ul><\/div><\/div>\n<div  style='height:50px' class='hr hr-invisible   avia-builder-el-8  el_after_av_social_share  el_before_av_comments_list '><span class='hr-inner ' ><span class='hr-inner-style'><\/span><\/span><\/div>\n<div  class='av-buildercomment  av-blog-meta-html-info-disabled av-blog-meta-tag-disabled  '><\/div>\n","protected":false},"excerpt":{"rendered":"","protected":false},"author":1,"featured_media":28710,"comment_status":"open","ping_status":"open","sticky":false,"template":"","format":"standard","meta":{"footnotes":""},"categories":[38],"tags":[],"class_list":["post-28709","post","type-post","status-publish","format-standard","has-post-thumbnail","hentry","category-regional"],"jetpack_featured_media_url":"https:\/\/radiorevelacionfm.cl\/wp-content\/uploads\/2023\/03\/686f6aff-a979-4f35-95bd-029d4047eaa9-2_optimized.jpg","_links":{"self":[{"href":"https:\/\/radiorevelacionfm.cl\/index.php?rest_route=\/wp\/v2\/posts\/28709","targetHints":{"allow":["GET"]}}],"collection":[{"href":"https:\/\/radiorevelacionfm.cl\/index.php?rest_route=\/wp\/v2\/posts"}],"about":[{"href":"https:\/\/radiorevelacionfm.cl\/index.php?rest_route=\/wp\/v2\/types\/post"}],"author":[{"embeddable":true,"href":"https:\/\/radiorevelacionfm.cl\/index.php?rest_route=\/wp\/v2\/users\/1"}],"replies":[{"embeddable":true,"href":"https:\/\/radiorevelacionfm.cl\/index.php?rest_route=%2Fwp%2Fv2%2Fcomments&post=28709"}],"version-history":[{"count":2,"href":"https:\/\/radiorevelacionfm.cl\/index.php?rest_route=\/wp\/v2\/posts\/28709\/revisions"}],"predecessor-version":[{"id":28712,"href":"https:\/\/radiorevelacionfm.cl\/index.php?rest_route=\/wp\/v2\/posts\/28709\/revisions\/28712"}],"wp:featuredmedia":[{"embeddable":true,"href":"https:\/\/radiorevelacionfm.cl\/index.php?rest_route=\/wp\/v2\/media\/28710"}],"wp:attachment":[{"href":"https:\/\/radiorevelacionfm.cl\/index.php?rest_route=%2Fwp%2Fv2%2Fmedia&parent=28709"}],"wp:term":[{"taxonomy":"category","embeddable":true,"href":"https:\/\/radiorevelacionfm.cl\/index.php?rest_route=%2Fwp%2Fv2%2Fcategories&post=28709"},{"taxonomy":"post_tag","embeddable":true,"href":"https:\/\/radiorevelacionfm.cl\/index.php?rest_route=%2Fwp%2Fv2%2Ftags&post=28709"}],"curies":[{"name":"wp","href":"https:\/\/api.w.org\/{rel}","templated":true}]}}