{"id":28703,"date":"2023-03-11T11:00:22","date_gmt":"2023-03-11T14:00:22","guid":{"rendered":"https:\/\/radiorevelacionfm.cl\/?p=28703"},"modified":"2023-03-11T11:00:22","modified_gmt":"2023-03-11T14:00:22","slug":"gobernadora-de-aysen-en-la-onu-invitamos-a-todos-los-estados-a-promover-politicas-publicas-con-enfoque-de-genero-que-involucren-a-mujeres-rurales","status":"publish","type":"post","link":"https:\/\/radiorevelacionfm.cl\/?p=28703","title":{"rendered":"Gobernadora de Ays\u00e9n en la ONU: \u00abInvitamos a todos los Estados a promover pol\u00edticas p\u00fablicas con enfoque de g\u00e9nero que involucren a mujeres rurales\u00bb"},"content":{"rendered":"<div class=\"flex_column av_one_full  flex_column_div av-zero-column-padding first  avia-builder-el-0  el_before_av_one_full  avia-builder-el-first  \" style='border-radius:0px; '><div  class='avia-image-container  av-styling-    avia-builder-el-1  avia-builder-el-no-sibling  avia-align-center '  itemprop=\"image\" itemscope=\"itemscope\" itemtype=\"https:\/\/schema.org\/ImageObject\"  ><div class='avia-image-container-inner'><div class='avia-image-overlay-wrap'><img decoding=\"async\" class='wp-image-28704 avia-img-lazy-loading-not-28704 avia_image' src=\"https:\/\/radiorevelacionfm.cl\/wp-content\/uploads\/2023\/03\/DSC00076-1.jpg\" alt='' title='DSC00076 (1)' height=\"600\" width=\"900\"  itemprop=\"thumbnailUrl\" srcset=\"https:\/\/radiorevelacionfm.cl\/wp-content\/uploads\/2023\/03\/DSC00076-1.jpg 900w, https:\/\/radiorevelacionfm.cl\/wp-content\/uploads\/2023\/03\/DSC00076-1-300x200.jpg 300w, https:\/\/radiorevelacionfm.cl\/wp-content\/uploads\/2023\/03\/DSC00076-1-768x512.jpg 768w, https:\/\/radiorevelacionfm.cl\/wp-content\/uploads\/2023\/03\/DSC00076-1-705x470.jpg 705w, https:\/\/radiorevelacionfm.cl\/wp-content\/uploads\/2023\/03\/DSC00076-1-600x400.jpg 600w\" sizes=\"(max-width: 900px) 100vw, 900px\" \/><\/div><\/div><\/div><\/div><div class=\"flex_column av_one_full  flex_column_div av-zero-column-padding first  avia-builder-el-2  el_after_av_one_full  el_before_av_one_full  column-top-margin\" style='border-radius:0px; '><section class=\"av_textblock_section \"  itemscope=\"itemscope\" itemtype=\"https:\/\/schema.org\/BlogPosting\" itemprop=\"blogPost\" ><div class='avia_textblock  '   itemprop=\"text\" ><p style=\"text-align: center;\"><strong><span style=\"font-size: 18pt;\">Gobernadora de Ays\u00e9n en la ONU: \u00abInvitamos a todos los Estados a promover pol\u00edticas p\u00fablicas con enfoque de g\u00e9nero que involucren a mujeres rurales\u00bb<\/span><\/strong><\/p>\n<div id=\"gtx-trans\" style=\"position: absolute; left: -50px; top: 4.31534px;\">\n<div class=\"gtx-trans-icon\"><\/div>\n<\/div>\n<\/div><\/section><\/div><div class=\"flex_column av_one_full  flex_column_div av-zero-column-padding first  avia-builder-el-4  el_after_av_one_full  el_before_av_hr  column-top-margin\" style='border-radius:0px; '><section class=\"av_textblock_section \"  itemscope=\"itemscope\" itemtype=\"https:\/\/schema.org\/BlogPosting\" itemprop=\"blogPost\" ><div class='avia_textblock  '   itemprop=\"text\" ><p dir=\"ltr\" style=\"text-align: justify;\">Durante la ma\u00f1ana del viernes la Gobernadora Regional, Andrea Mac\u00edas Palma, fue parte de las expositoras de la Delegaci\u00f3n de Chile ante la Organizaciones de las Naciones Unidas (ONU).<\/p>\n<p dir=\"ltr\" style=\"text-align: justify;\">Luego de la presentaci\u00f3n realizada por la Ministra de la Mujer y la Equidad de G\u00e9nero, Antonia Orellana, titulada: \u00abAvances en el empoderamiento de las Mujeres y Ni\u00f1as rurales\u00bb, la primera autoridad regional de Ays\u00e9n hizo uso del espacio brindado en el contexto de la 67 Sesi\u00f3n de la Comisi\u00f3n de la Condici\u00f3n Jur\u00eddica y Social de la Mujer (CSW67).<\/p>\n<p dir=\"ltr\" style=\"text-align: justify;\">\u00abEl Gobierno Regional de Ays\u00e9n y su Consejo a trav\u00e9s del Fondo Nacional de Desarrollo Regional 2023, reiteran su compromiso a una mayor autonom\u00eda regional y desarrollo humano, permitiendo una amplia cobertura a las demandas de las mujeres rurales, campesinas e ind\u00edgenas en aquellas materias que impactan directamente en las necesidades, intereses y objetivos de las mujeres de nuestra regi\u00f3n\u00bb, cont\u00f3 la Gobernadora Regional, Andrea Mac\u00edas Palma, a las y los representantes de los diferentes pa\u00edses participantes en el Sal\u00f3n Cuatro de la ONU.<\/p>\n<p dir=\"ltr\" style=\"text-align: justify;\">La Gobernadora inici\u00f3 su discurso explicando d\u00f3nde se encuentra la Regi\u00f3n de Ays\u00e9n, su extensi\u00f3n, c\u00f3mo ha sido poblada, la invisibilizaci\u00f3n de las mujeres rurales y recalc\u00f3 que \u00abinvitamos a todos los Estados a promover pol\u00edticas p\u00fablicas con enfoque de g\u00e9nero que involucren a mujeres rurales, campesinas e ind\u00edgenas y generen nuevas oportunidades y fuentes de trabajo\u00bb.<\/p>\n<p dir=\"ltr\" style=\"text-align: justify;\">Adem\u00e1s, precis\u00f3 que el Gobierno Regional y su Consejo ha implementado: \u00abFortalece y Reactiva: Programa para Micro y Peque\u00f1as Empresas\u00bb, que respalda a mujeres, personas pertenecientes a alg\u00fan pueblo originario y negocios con caracter\u00edstica rural.<\/p>\n<p dir=\"ltr\" style=\"text-align: justify;\">Tras culminar las intervenciones, se abri\u00f3 un espacio para que las y los representantes de distintos pa\u00edses pudieran realizar consultas acerca de los temas tratados por Chile. La Ministra de la Mujer y Equidad de G\u00e9nero, Antonia Orellana, fue la encargada de responder a todas las consultas.<\/p>\n<p dir=\"ltr\" style=\"text-align: justify;\">\u00abNos ha acompa\u00f1ado una tremenda y diversa delegaci\u00f3n y, entre ellas, la Gobernadora Regional de Ays\u00e9n, Andrea Mac\u00edas, quien hizo una excelente presentaci\u00f3n, explicando cu\u00e1les son los intereses, las inquietudes de las mujeres rurales de Ays\u00e9n\u00bb, asever\u00f3 la representante ministerial.<\/p>\n<p dir=\"ltr\" style=\"text-align: justify;\">Terminado el segmento destinado para Chile, sigui\u00f3 el turno de las y los l\u00edderes de Mongolia, quienes informaron sobre la realidad en su pa\u00eds, c\u00f3mo est\u00e1n abordando desde diferentes \u00e1reas el poder respaldar, reforzar, y contribuir con el sector rural.<\/p>\n<p dir=\"ltr\" style=\"text-align: justify;\">Al concluir el primer bloque, la Gobernadora manifest\u00f3 que \u00abes un orgullo ver c\u00f3mo la pol\u00edtica regional, el desarrollo de los territorios, los planes y programas que desde ah\u00ed nacen, tienen esta mirada con perspectiva de g\u00e9nero y est\u00e1n abocados en nuestro caso a avanzar en el desarrollo de nuestro territorio y de las mujeres rurales\u00bb.<\/p>\n<p dir=\"ltr\" style=\"text-align: justify;\">Durante la actividad, estuvo presente la Embajadora de Chile ante la ONU, Paula Narv\u00e1ez, la Senadora Yasna Provoste, y la alcaldesa de Cami\u00f1a, Evelyn Mamani.<\/p>\n<p dir=\"ltr\" style=\"text-align: justify;\">\u00abHa sido un orgullo escuchar la intervenci\u00f3n de la Ministra Antonia Orellana y de la Gobernadora Andrea Mac\u00edas en esta sesi\u00f3n de la CSW67, referida espec\u00edficamente a la realidad de las mujeres y ni\u00f1as rurales. Se ha destacado las pol\u00edticas p\u00fablicas que en Chile se est\u00e1n llevando adelante para la debida atenci\u00f3n y la garant\u00eda de los derechos de las mujeres y ni\u00f1as rurales en todos los \u00e1mbitos de la vida\u00bb, dijo la Embajadora ante la ONU, Paula Narv\u00e1ez.<\/p>\n<p dir=\"ltr\" style=\"text-align: justify;\"><strong>Embajadora de la Mujer Rural<\/strong><\/p>\n<p dir=\"ltr\" style=\"text-align: justify;\">La Gobernadora el a\u00f1o pasado fue nombrada como Embajadora de la D\u00e9cada de las Mujeres Rurales por la Red Latinoamericana y del Caribe de Mujeres Rurales (Red Lac). Es por esto, que durante la jornada de hoy sostuvo una reuni\u00f3n con la ministra de Igualdad, Irene Montero, de Espa\u00f1a, donde hablaron acerca de la importancia de las mujeres en pol\u00edtica y le extendi\u00f3 la invitaci\u00f3n para el V Encuentro de Mujeres Rurales de Latinoam\u00e9rica y del Caribe que se realizar\u00e1 en Coyhaique, Regi\u00f3n de Ays\u00e9n, a fines de abril.<\/p>\n<p dir=\"ltr\" style=\"text-align: justify;\">Despu\u00e9s, la Gobernadora Mac\u00edas lleg\u00f3 hasta las oficinas ubicadas en el edificio Church Center de las Naciones Unidas para realizar la exposici\u00f3n: \u00abMujeres Rurales en la Patagonia, historias y desaf\u00edos de Am\u00e9rica Latina\u00bb.<\/p>\n<p dir=\"ltr\" style=\"text-align: justify;\">El panel estuvo integrado por la Secretaria T\u00e9cnica de la Red Latinoamericana y del Caribe de Mujeres Rurales (Red Lac), Anayansi P\u00e9rez, y por la miembro del directorio del Fondo de Resiliencia y Compromiso de la Comunidad Global, participante de GWL Voices, Carol Bellamy.<\/p>\n<p dir=\"ltr\" style=\"text-align: justify;\">\u00abVine a la conferencia para aprender m\u00e1s, acerca de c\u00f3mo las mujeres pueden participar en distintos aspectos de la vida. Me emocion\u00f3 much\u00edsimo lo que dijo la Gobernadora, me encanta ver mujeres que est\u00e1n en puestos de tomas de decisiones porque pueden hablar en nombre de las mujeres. Me impact\u00f3 tanto lo que dijo ella y yo tengo la esperanza de que ella seguir\u00e1 los esfuerzos que est\u00e1 implementando, que ella siga alentando a otras personas j\u00f3venes, que podr\u00e1n levantarse, seguir animando a otras mujeres\u00bb, dijo la camerunesa, Elsie Cabiford.<\/p>\n<p dir=\"ltr\" style=\"text-align: justify;\">Desde el 24 al 28 de abril se realizar\u00e1 el V Encuentro Latinoamericano de Mujeres Rurales en la Regi\u00f3n de Ays\u00e9n, que congregar\u00e1 a mujeres de distintos pa\u00edses como Ecuador, Brasil, Panam\u00e1, entre otros.<\/p>\n<p dir=\"ltr\" style=\"text-align: justify;\">\u00abUno de los principales retos que tuvimos en esta actividad, la Gobernadora de Ays\u00e9n y por parte de la Red Lac, fue la declaratoria de la \u00abD\u00e9cada de las Mujeres Rurales\u00bb. Muchos y muchas se han sumado. Vamos muy satisfechas por el trabajo realizado en la tarde de hoy\u00bb, concluy\u00f3 Secretaria T\u00e9cnica de la Red Latinoamericana y del Caribe de Mujeres Rurales (Red Lac).<\/p>\n<\/div><\/section><\/div><div  style='height:50px' class='hr hr-invisible   avia-builder-el-6  el_after_av_one_full  el_before_av_social_share '><span class='hr-inner ' ><span class='hr-inner-style'><\/span><\/span><\/div><\/p>\n<div  class='av-social-sharing-box  avia-builder-el-7  el_after_av_hr  el_before_av_hr  '><div class='av-share-box'><h5 class='av-share-link-description av-no-toc '>Compartir esta noticia<\/h5><ul class='av-share-box-list noLightbox'><li class='av-share-link av-social-link-facebook' ><a target=\"_blank\" aria-label=\"Compartir en Facebook\" href='https:\/\/www.facebook.com\/sharer.php?u=https:\/\/radiorevelacionfm.cl\/?p=28703&#038;t=Gobernadora%20de%20Ays%C3%A9n%20en%20la%20ONU%3A%20%C2%ABInvitamos%20a%20todos%20los%20Estados%20a%20promover%20pol%C3%ADticas%20p%C3%BAblicas%20con%20enfoque%20de%20g%C3%A9nero%20que%20involucren%20a%20mujeres%20rurales%C2%BB' aria-hidden='false' data-av_icon='\ue8f3' data-av_iconfont='entypo-fontello' title='' data-avia-related-tooltip='Compartir en Facebook' rel=\"noopener\"><span class='avia_hidden_link_text'>Compartir en Facebook<\/span><\/a><\/li><li class='av-share-link av-social-link-twitter' ><a target=\"_blank\" aria-label=\"Compartir en Twitter\" href='https:\/\/twitter.com\/share?text=Gobernadora%20de%20Ays%C3%A9n%20en%20la%20ONU%3A%20%C2%ABInvitamos%20a%20todos%20los%20Estados%20a%20promover%20pol%C3%ADticas%20p%C3%BAblicas%20con%20enfoque%20de%20g%C3%A9nero%20que%20involucren%20a%20mujeres%20rurales%C2%BB&#038;url=https:\/\/radiorevelacionfm.cl\/?p=28703' aria-hidden='false' data-av_icon='\ue8f1' data-av_iconfont='entypo-fontello' title='' data-avia-related-tooltip='Compartir en Twitter' rel=\"noopener\"><span class='avia_hidden_link_text'>Compartir en Twitter<\/span><\/a><\/li><li class='av-share-link av-social-link-whatsapp' ><a target=\"_blank\" aria-label=\"Compartir en Whatsapp\" href='https:\/\/api.whatsapp.com\/send?text=https:\/\/radiorevelacionfm.cl\/?p=28703' aria-hidden='false' data-av_icon='\uf232' data-av_iconfont='entypo-fontello' title='' data-avia-related-tooltip='Compartir en Whatsapp' rel=\"noopener\"><span class='avia_hidden_link_text'>Compartir en Whatsapp<\/span><\/a><\/li><li class='av-share-link av-social-link-linkedin' ><a target=\"_blank\" aria-label=\"Compartir en LinkedIn\" href='https:\/\/linkedin.com\/shareArticle?mini=true&#038;title=Gobernadora%20de%20Ays%C3%A9n%20en%20la%20ONU%3A%20%C2%ABInvitamos%20a%20todos%20los%20Estados%20a%20promover%20pol%C3%ADticas%20p%C3%BAblicas%20con%20enfoque%20de%20g%C3%A9nero%20que%20involucren%20a%20mujeres%20rurales%C2%BB&#038;url=https:\/\/radiorevelacionfm.cl\/?p=28703' aria-hidden='false' data-av_icon='\ue8fc' data-av_iconfont='entypo-fontello' title='' data-avia-related-tooltip='Compartir en LinkedIn' rel=\"noopener\"><span class='avia_hidden_link_text'>Compartir en LinkedIn<\/span><\/a><\/li><li class='av-share-link av-social-link-mail' ><a  aria-label=\"Compartir por correo\" href='mailto:?subject=Gobernadora%20de%20Ays%C3%A9n%20en%20la%20ONU%3A%20%C2%ABInvitamos%20a%20todos%20los%20Estados%20a%20promover%20pol%C3%ADticas%20p%C3%BAblicas%20con%20enfoque%20de%20g%C3%A9nero%20que%20involucren%20a%20mujeres%20rurales%C2%BB&#038;body=https:\/\/radiorevelacionfm.cl\/?p=28703' aria-hidden='false' data-av_icon='\ue805' data-av_iconfont='entypo-fontello' title='' data-avia-related-tooltip='Compartir por correo'><span class='avia_hidden_link_text'>Compartir por correo<\/span><\/a><\/li><\/ul><\/div><\/div>\n<div  style='height:50px' class='hr hr-invisible   avia-builder-el-8  el_after_av_social_share  el_before_av_comments_list '><span class='hr-inner ' ><span class='hr-inner-style'><\/span><\/span><\/div>\n<div  class='av-buildercomment  av-blog-meta-html-info-disabled av-blog-meta-tag-disabled  '><\/div>\n","protected":false},"excerpt":{"rendered":"","protected":false},"author":1,"featured_media":28704,"comment_status":"open","ping_status":"open","sticky":false,"template":"","format":"standard","meta":{"footnotes":""},"categories":[38],"tags":[],"class_list":["post-28703","post","type-post","status-publish","format-standard","has-post-thumbnail","hentry","category-regional"],"jetpack_featured_media_url":"https:\/\/radiorevelacionfm.cl\/wp-content\/uploads\/2023\/03\/DSC00076-1.jpg","_links":{"self":[{"href":"https:\/\/radiorevelacionfm.cl\/index.php?rest_route=\/wp\/v2\/posts\/28703","targetHints":{"allow":["GET"]}}],"collection":[{"href":"https:\/\/radiorevelacionfm.cl\/index.php?rest_route=\/wp\/v2\/posts"}],"about":[{"href":"https:\/\/radiorevelacionfm.cl\/index.php?rest_route=\/wp\/v2\/types\/post"}],"author":[{"embeddable":true,"href":"https:\/\/radiorevelacionfm.cl\/index.php?rest_route=\/wp\/v2\/users\/1"}],"replies":[{"embeddable":true,"href":"https:\/\/radiorevelacionfm.cl\/index.php?rest_route=%2Fwp%2Fv2%2Fcomments&post=28703"}],"version-history":[{"count":2,"href":"https:\/\/radiorevelacionfm.cl\/index.php?rest_route=\/wp\/v2\/posts\/28703\/revisions"}],"predecessor-version":[{"id":28708,"href":"https:\/\/radiorevelacionfm.cl\/index.php?rest_route=\/wp\/v2\/posts\/28703\/revisions\/28708"}],"wp:featuredmedia":[{"embeddable":true,"href":"https:\/\/radiorevelacionfm.cl\/index.php?rest_route=\/wp\/v2\/media\/28704"}],"wp:attachment":[{"href":"https:\/\/radiorevelacionfm.cl\/index.php?rest_route=%2Fwp%2Fv2%2Fmedia&parent=28703"}],"wp:term":[{"taxonomy":"category","embeddable":true,"href":"https:\/\/radiorevelacionfm.cl\/index.php?rest_route=%2Fwp%2Fv2%2Fcategories&post=28703"},{"taxonomy":"post_tag","embeddable":true,"href":"https:\/\/radiorevelacionfm.cl\/index.php?rest_route=%2Fwp%2Fv2%2Ftags&post=28703"}],"curies":[{"name":"wp","href":"https:\/\/api.w.org\/{rel}","templated":true}]}}